{"id":9468,"date":"2017-05-08T10:37:20","date_gmt":"2017-05-08T08:37:20","guid":{"rendered":"https:\/\/www.visitloano.it\/?p=9468"},"modified":"2017-05-08T10:37:20","modified_gmt":"2017-05-08T08:37:20","slug":"unitre-conference-on-physics-and-medicine","status":"publish","type":"post","link":"https:\/\/www.visitloano.it\/en\/9468\/news\/conferenza-unitre-la-fisica-medicina\/","title":{"rendered":"{:it}UNITRE CONFERENCE \u2013 PHYSICS IN MEDICINE\u2026{:}"},"content":{"rendered":"<p>{:en}<strong>PRESS RELEASE (4\/5\/2017)<\/strong><\/p>\n<p><strong>Saturday, May 6<\/strong>, a\u00a0<strong>Loano<\/strong>, to the\u00a0<strong>4 p.m.<\/strong>,<strong>\u00a0<\/strong> nella Biblioteca Civica in Palazzo Kursaal si svolger\u00e0 la conferenza dal titolo \u201c<strong>La fisica in medicina: l\u2019uso delle radiazioni\u00a0 ionizzanti<\/strong>\u201d, organized by the\u2019<strong>UNITRE of Loano\u00a0<\/strong>under the auspices of the <strong>Municipality of Loano<\/strong>.<\/p>\n<p>Ospite dell\u2019incontro sar\u00e0 <strong>Giovanni Ghiso<\/strong>, consulente in materia di radioprotezione, che approfondir\u00e0 il tema delle radiazioni ionizzanti, fornendo alcune informazioni utili a comprenderne la natura, le loro applicazioni pratiche, i benefici ed i pericoli correlati con il loro utilizzo.<\/p>\n<p>\u201cA circa 120 anni dalla loro scoperta (Roentgen 1895, Bequerel 1896) \u2013 spiegano <strong>the organizers<\/strong> &#8211; spesso l&#8217;atteggiamento comune nei confronti di queste radiazioni oscilla tra una colpevole noncuranza e una paura aprioristica e immotivata.<\/p>\n<p>Gli incidenti nucleari di Cernobil, avvenuto il 26 aprile 1986, e Fukushima (11 marzo 2011)\u00a0hanno contribuito in modo rilevante ad alimentare molte preoccupazioni e la successiva gestione delle informazioni non ha aiutato a fare chiarezza.<\/p>\n<p>Nella conferenza non saranno trattate in modo specifico le tematiche\u00a0legate agli incidenti nucleari ma si approfondiranno le tecniche correlate all&#8217;uso delle\u00a0radiazioni in campo sanitario sia per la diagnostica che per la terapia.<\/p>\n<p>Questa scelta \u00e8 motivata dal fatto che l&#8217;uso delle radiazioni ionizzanti in medicina \u00e8 aumentato progressivamente nell&#8217;ultimo decennio consentendo, in molti casi, una diagnosi precoce e accurata\u00a0 ma, contemporaneamente, contribuendo in modo sensibile all&#8217;incremento della dose assorbita dalla\u00a0popolazione.\u201d<\/p>\n<p><strong>Admission is free.<\/strong><\/p>\n<p><strong>Giovanni Ghiso<\/strong>, laureato in fisica, iscritto all\u2019elenco nominativo degli esperti qualificati di III\u00b0 grado, insegnante di fisica e matematica presso l\u2019Istituto per l\u2019avviamento al lavoro di Carcare dal 77 all\u201981, insegnante di fisica e biofisica al corso per infermieri professionali presso la U.S.L. VII ligure dall\u201981 all\u201984, insegnante di \u201cprotezionistica fisica e dosimetria\u201d presso la scuola per tecnici sanitari di radiologia medica della U.S.S.L. 58 di Cuneo dall\u201985 all\u201986. Professore a contratto nel corso di radioattivit\u00e0 del corso di laurea in fisica, e presso la scuola di specializzazione dell\u2019istituto di scienze radiologiche dell\u2019Universit\u00e0 di Sassari. Attualmente \u00e8 consulente in materia di radioprotezione-attivit\u00e0 libero professionale.{:}<\/p>","protected":false},"excerpt":{"rendered":"<p>{:it}COMUNICATO STAMPA (4\/5\/2017) Sabato 6 maggio, a\u00a0Loano,\u00a0alle\u00a0ore 16.00,\u00a0 nella Biblioteca Civica in Palazzo Kursaal si svolger\u00e0 la conferenza dal titolo \u201cLa fisica in medicina: l\u2019uso delle radiazioni\u00a0 ionizzanti\u201d, organizzata dall\u2019UNITRE\u00a0di&#8230;<\/p>","protected":false},"author":2,"featured_media":4146,"comment_status":"open","ping_status":"open","sticky":false,"template":"","format":"standard","meta":{"footnotes":""},"categories":[1],"tags":[],"class_list":{"0":"post-9468","1":"post","2":"type-post","3":"status-publish","4":"format-standard","5":"has-post-thumbnail","7":"category-news"},"_links":{"self":[{"href":"https:\/\/www.visitloano.it\/en\/wp-json\/wp\/v2\/posts\/9468","targetHints":{"allow":["GET"]}}],"collection":[{"href":"https:\/\/www.visitloano.it\/en\/wp-json\/wp\/v2\/posts"}],"about":[{"href":"https:\/\/www.visitloano.it\/en\/wp-json\/wp\/v2\/types\/post"}],"author":[{"embeddable":true,"href":"https:\/\/www.visitloano.it\/en\/wp-json\/wp\/v2\/users\/2"}],"replies":[{"embeddable":true,"href":"https:\/\/www.visitloano.it\/en\/wp-json\/wp\/v2\/comments?post=9468"}],"version-history":[{"count":0,"href":"https:\/\/www.visitloano.it\/en\/wp-json\/wp\/v2\/posts\/9468\/revisions"}],"wp:featuredmedia":[{"embeddable":true,"href":"https:\/\/www.visitloano.it\/en\/wp-json\/wp\/v2\/media\/4146"}],"wp:attachment":[{"href":"https:\/\/www.visitloano.it\/en\/wp-json\/wp\/v2\/media?parent=9468"}],"wp:term":[{"taxonomy":"category","embeddable":true,"href":"https:\/\/www.visitloano.it\/en\/wp-json\/wp\/v2\/categories?post=9468"},{"taxonomy":"post_tag","embeddable":true,"href":"https:\/\/www.visitloano.it\/en\/wp-json\/wp\/v2\/tags?post=9468"}],"curies":[{"name":"wp","href":"https:\/\/api.w.org\/{rel}","templated":true}]}}