{"id":8241,"date":"2016-11-22T09:47:53","date_gmt":"2016-11-22T08:47:53","guid":{"rendered":"https:\/\/www.visitloano.it\/?p=8241"},"modified":"2016-11-22T09:47:53","modified_gmt":"2016-11-22T08:47:53","slug":"village-magic-christmas","status":"publish","type":"post","link":"https:\/\/www.visitloano.it\/en\/8241\/news\/villaggio-magie-natale\/","title":{"rendered":"VILLAGE CHRISTMAS MAGIC"},"content":{"rendered":"<p><strong>COMUNICATO STAMPA (22\/11\/2016)<\/strong><\/p>\n<p><strong>Sabato 26 novembre<\/strong>, <strong>Loano<\/strong> si immerger\u00e0 nell\u2019atmosfera natalizia con l\u2019inaugurazione del mercatino <strong>Villaggio Magie di Natale<\/strong>, promosso dall\u2019<strong>Associazione Centro Culturale Polivalente di Loano <\/strong>con il patrocinio dell\u2019<strong>Assessorato al Turismo, Cultura e Sport del Comune di Loano. <\/strong><\/p>\n<p>Il taglio del nastro si svolger\u00e0 alle<strong> ore 17.30<\/strong> alla presenza delle autorit\u00e0 cittadine e regionali. Musica e animazione ma soprattutto <strong>baby dance<\/strong> saranno gli ingredienti del pomeriggio di divertimento. A guidare i bambini nella festa, al ritmo della musica, saranno gli animatori <strong>&#8220;Matti da Legare\u201d<\/strong>. Dopo l&#8217;inaugurazione gli espositori omaggeranno il pubblico con assaggi e piccoli regali.<br \/>\n\u201cIl mercatino Magie di Natale arricchisce da diversi anni il programma delle festivit\u00e0 natalizie loanesi. \u2013 Spiegano il Sindaco <strong>Luigi Pignocca<\/strong> e l\u2019Assessore <strong>Remo Zaccaria<\/strong> &#8211; Gi\u00e0 dal primo weekend dell\u2019Avvento residenti e turisti potranno immergersi nella sua atmosfera festosa, incorniciata da una scenografia da fiaba. Grazie all\u2019abilit\u00e0 di alcune volontarie, come Loredana Icardo, guidate dalla creativit\u00e0 e abilit\u00e0 di Giovina Mannelli, ogni edizione si arricchisce di straordinari addobbi, che da soli rappresentano un motivo di visita del mercatino. Oltre alle decorazioni luminose, tutte realizzate a mano, la novit\u00e0 di quest&#8217;anno \u00e8 rappresentata dal nuovo centro vasca. Per il 2016 l\u2019artista e artigiana loanese ha realizzato la slitta di Babbo Natale che sar\u00e0 posta al centro della fontana e che sar\u00e0 a disposizione di chiunque desideri fare una fotografia. Tutto ci\u00f2 sar\u00e0 arricchito da un programma di intrattenimento che far\u00e0 trascorre ore piacevoli a grandi e piccini. Siamo certi che questa edizione del mercatino, come gi\u00e0 accaduto lo scorso anno, attirer\u00e0 nella nostra Loano un alto numero di visitatori che partendo dal Villaggio Magie di Natale percorrer\u00e0 le vie dello shopping loanesi\u201d.<a href=\"https:\/\/www.visitloano.it\/wp-content\/uploads\/2014\/11\/loano-chalet-natale-01.jpg\" rel=\"prettyPhoto[gallery-zSMq]\"><img loading=\"lazy\" decoding=\"async\" class=\"size-medium wp-image-4236 alignleft\" src=\"https:\/\/www.visitloano.it\/wp-content\/uploads\/2014\/11\/loano-chalet-natale-01-300x300.jpg\" alt=\"loano-chalet-natale-01\" width=\"300\" height=\"300\" \/><\/a>Nel villaggio delle feste, <strong>Babbo Natale<\/strong> attender\u00e0 i bambini nella sua accogliente casetta per fare con loro una foto e per raccogliere le letterine di natale. Sotto un albero incantato, un elfo <strong>trucca-bimbi <\/strong>giocher\u00e0 con i pi\u00f9 piccini.<\/p>\n<p>\u201cIl mercatino Magie di Natale &#8211; dice <strong>Giovina Mannelli<\/strong> presidente dell\u2019Associazione Centro Culturale Polivalente &#8211; si presenta all\u2019appuntamento 2016 ricco di proposte. Sono state superate le pi\u00f9 rosee previsioni sia nella qualit\u00e0 che nel numero degli espositori. Io e il mio staff\u00a0siamo lieti di aver creato un angolo di magia dedicato a\u00a0grandi e piccini, ideato per far si che tutti insieme si possa godere di un&#8217;atmosfera natalizia da fiaba. Le decorazioni che abbelliscono lo spazio e i piccoli chalet con gli oggetti da regalo faranno immergere grandi e piccini in un magico clima natalizio. Raccomandiamo ai bambini di portate le letterine a Babbo Natale che con i suoi aiutanti li attender\u00e0 numerosi nella sua casa.\u201d<\/p>\n<p><strong>IL MERCATINO<\/strong><\/p>\n<p style=\"text-align: left;\">Le casette di legno esporranno tante idee-regalo. Si potr\u00e0 scegliere tra articoli natalizi fatti a mano, giocattoli da collezione, candele profumate, foto ricordo e calendari personalizzati con Babbo Natale, bijoux artigianali, <a href=\"https:\/\/www.visitloano.it\/wp-content\/uploads\/2016\/11\/Mercatino-Natale-bambole.jpg\" rel=\"prettyPhoto[gallery-zSMq]\"><img loading=\"lazy\" decoding=\"async\" class=\"size-medium wp-image-8242 alignleft\" src=\"https:\/\/www.visitloano.it\/wp-content\/uploads\/2016\/11\/Mercatino-Natale-bambole-300x300.jpg\" alt=\"mercatino-natale-bambole\" width=\"300\" height=\"300\" \/><\/a>oggettistica d&#8217;arte, complementi arredo, accessori moda, incisioni d&#8217;arte, alberi di carta e stoffa, originali profumabiancheria, contenitori e scatole da regalo realizzati a mano, sciarpe. Ampio spazio troveranno anche i prodotti locali come il pesto, trofie, sugo di noci, piantine aromatiche, olio, pasta d&#8217;olive, conserve a cui si affiancheranno spezie, frutta disidratata, the, tisane, marmellate, miele. Il mercatino sar\u00e0 arricchito anche dai tanti punti di streetfood dove si potranno degustare caldarroste, cioccolata calda, mele caramellate, farinata, specialit\u00e0 sarde dolci e salate, nocciole, frutta secca, pralinate, croccante, marzapane, torrone, pasta di mandorle, brigidini, frittelle di mele, crepes alla nutella, baci di Loano, muffin, torte e dolci produzione propria, zucchero filato. siamo lieti di aver creato un angolo di magia dedicato a\u00a0 grandi e piccini, per far si che tutti<\/p>\n<p><strong>GLI EVENTI<\/strong><\/p>\n<p>I pomeriggi di shopping saranno animati da <strong>eventi musicali e teatrali<\/strong> che si svolgeranno nell\u2019area spettacoli del Villaggio Magie di Natale.<a href=\"https:\/\/www.visitloano.it\/wp-content\/uploads\/2016\/11\/Ray-Fiore.jpg\" rel=\"prettyPhoto[gallery-zSMq]\"><img loading=\"lazy\" decoding=\"async\" class=\"size-medium wp-image-8243 alignleft\" src=\"https:\/\/www.visitloano.it\/wp-content\/uploads\/2016\/11\/Ray-Fiore-300x300.jpg\" alt=\"ray-fiore\" width=\"300\" height=\"300\" \/><\/a>Il ricco programma di intrattenimento vedr\u00e0 protagonista il <strong>3 dicembre<\/strong>, alle ore 17.00, l\u2019artista loanese <strong>Ray Fiore<\/strong> che eseguir\u00e0 un programma musicale in classico stile mediterraneo.<\/p>\n<p>La rassegna musicale proseguir\u00e0 l\u2019<strong>8 dicembre<\/strong>, sempre alle 17.00, con i <strong>VoxArt<\/strong> formazione composta dagli allievi della scuola &#8220;VoxArt cantare a 360\u00b0&#8221; diretta da Davide Comentale.<\/p>\n<p>il<strong> 10 dicembre<\/strong>, alle 16.30, la musica lascer\u00e0 il posto al <strong>Circo di Natale<\/strong>, laboratorio di arti circensi per bambini, con il gruppo <strong>\u201cCirco Incerto\u201d<\/strong>. Si torner\u00e0 alla musica, il <strong>17 dicembre<\/strong> alle 17.00, con \u00a0il coro <strong>I Vocalisti<\/strong> che eseguiranno il concerto \u201cIt&#8217;s Christmas time\u201d e il <strong>22 dicembre<\/strong> con il programma musicale \u201cMerry christmas\u201d che sar\u00e0 presentato dai <strong>bambini dello \u201cZucchino d&#8217;oro\u201d<\/strong>. Il <strong>24 dicembre<\/strong>, alle ore 17, si alzer\u00e0 il sipario sull\u2019inedita edizione \u201c<strong>Improvvisamente tu&#8230;a Natale<\/strong>\u201d curata dall\u2019Associazione Modern Jazz Dance di Loano.<\/p>\n<p>Il<strong> 26 dicembre <\/strong>il duo voce e chitarra composto da <strong>Simona Briozzo<\/strong> e <strong>Marco Cravero<\/strong> si cimenter\u00e0 in un repertorio musicale natalizio e swing.<a href=\"https:\/\/www.visitloano.it\/wp-content\/uploads\/2014\/11\/Loano-Circo-Natale-uno.jpg\" rel=\"prettyPhoto[gallery-zSMq]\"><img loading=\"lazy\" decoding=\"async\" class=\"size-medium wp-image-4270 alignleft\" src=\"https:\/\/www.visitloano.it\/wp-content\/uploads\/2014\/11\/Loano-Circo-Natale-uno-300x300.jpg\" alt=\"Loano Circo Natale uno\" width=\"300\" height=\"300\" \/><\/a>Il <strong>Circo Incerto<\/strong> torner\u00e0 il <strong>29 dicembre<\/strong>, alle 16.30, per condurre i bambini alla scoperta del magico mondo del circo, tra equilibrismo e giocoleria.<\/p>\n<p>A gennaio <strong>Ray Fiore<\/strong> (3 gennaio, h 17) torner\u00e0 ad animare l\u2019area spettacoli del mercatino con la sua voce neomelodica. L\u2019epifania vedr\u00e0 protagonisti i <strong>bambini della Parrocchia di San Giorgio<\/strong> che daranno vita a \u201cUn musical da favola\u201d (h 17). La rassegna di intrattenimento nel Villaggio Magie di Natale si chiuder\u00e0 il <strong>7 gennaio<\/strong> con un nuovo tuffo per i bambini nelle arti circensi a cura \u00a0del \u201cCirco incerto\u201d (h 16,30).<\/p>\n","protected":false},"excerpt":{"rendered":"<p>PRESS RELEASE (11\/22\/2016) On Saturday, Nov. 26, Loano will immerse itself in the Christmas atmosphere with the opening of the Magical Christmas Village market, sponsored by the Loano Multipurpose Cultural Center Association with the sponsorship of the Department...<\/p>","protected":false},"author":2,"featured_media":1790,"comment_status":"open","ping_status":"open","sticky":false,"template":"","format":"standard","meta":{"footnotes":""},"categories":[1],"tags":[],"class_list":{"0":"post-8241","1":"post","2":"type-post","3":"status-publish","4":"format-standard","5":"has-post-thumbnail","7":"category-news"},"_links":{"self":[{"href":"https:\/\/www.visitloano.it\/en\/wp-json\/wp\/v2\/posts\/8241","targetHints":{"allow":["GET"]}}],"collection":[{"href":"https:\/\/www.visitloano.it\/en\/wp-json\/wp\/v2\/posts"}],"about":[{"href":"https:\/\/www.visitloano.it\/en\/wp-json\/wp\/v2\/types\/post"}],"author":[{"embeddable":true,"href":"https:\/\/www.visitloano.it\/en\/wp-json\/wp\/v2\/users\/2"}],"replies":[{"embeddable":true,"href":"https:\/\/www.visitloano.it\/en\/wp-json\/wp\/v2\/comments?post=8241"}],"version-history":[{"count":0,"href":"https:\/\/www.visitloano.it\/en\/wp-json\/wp\/v2\/posts\/8241\/revisions"}],"wp:featuredmedia":[{"embeddable":true,"href":"https:\/\/www.visitloano.it\/en\/wp-json\/wp\/v2\/media\/1790"}],"wp:attachment":[{"href":"https:\/\/www.visitloano.it\/en\/wp-json\/wp\/v2\/media?parent=8241"}],"wp:term":[{"taxonomy":"category","embeddable":true,"href":"https:\/\/www.visitloano.it\/en\/wp-json\/wp\/v2\/categories?post=8241"},{"taxonomy":"post_tag","embeddable":true,"href":"https:\/\/www.visitloano.it\/en\/wp-json\/wp\/v2\/tags?post=8241"}],"curies":[{"name":"wp","href":"https:\/\/api.w.org\/{rel}","templated":true}]}}