{"id":5380,"date":"2015-07-03T11:19:12","date_gmt":"2015-07-03T09:19:12","guid":{"rendered":"https:\/\/www.visitloano.it\/?p=5380"},"modified":"2015-07-03T11:19:12","modified_gmt":"2015-07-03T09:19:12","slug":"26-giro-ditalia-rosa-stage-arenzano-loano","status":"publish","type":"post","link":"https:\/\/www.visitloano.it\/en\/5380\/news\/26-giro-ditalia-rosa-tappa-arenzano-loano\/","title":{"rendered":"26TH GIRO D'ITALIA ROSA - STAGE ARENZANO-LOANO"},"content":{"rendered":"<p><strong>COMUNICATO STAMPA (3\/07\/2015)<\/strong><\/p>\n<p><strong>Loano <\/strong>si prepara ad accogliere il <strong>10 luglio<\/strong> l\u2019arrivo della<strong> t<\/strong><strong>appa Arenzano \u2013 Loano<\/strong> del <strong>26\u00b0<\/strong>\u00a0<strong>Giro d\u2019Italia Rosa<\/strong>, promossa dall\u2019<strong>Assessorato al Turismo, Cultura e Sport <\/strong>in collaborazione con la <strong>Marina di Loano<\/strong>.<\/p>\n<p>Il <strong>Giro d&#8217;Italia Internazionale Femminile Elite \u2013 Giro Rosa<\/strong> partito oggi da <strong>Lubiana (Slovenia) <\/strong>terminer\u00e0 <strong>a San Domenico di Varzo, in Piemonte<\/strong> il<strong> 12 luglio<\/strong> <strong>2015<\/strong>. Il cronoprogramma prevede <strong>un cronoprologo<\/strong>, quello di oggi,<strong> otto tappe in linea e una cronometro <\/strong>individuale.<\/p>\n<p>Il Giro Rosa \u00e8 la vetrina pi\u00f9 importante del panorama mondiale ciclistico femminile, nelle precedenti edizioni ci sono state giornate con un pubblico numerosissimo e grande seguito televisivo. L\u2019organizzazione capitanata dal <strong>Direttore Giuseppe Rivolta<\/strong>, \u00e8 gestita dalla societ\u00e0 4Erre.<\/p>\n<p>L\u2019arrivo a <strong>Loano<\/strong> avverr\u00e0 davanti alla <strong>Marina di Loano<\/strong>, dopo che le atlete avranno affrontato una tappa dura in grado di segnare la classifica perch\u00e9 non avverr\u00e0 sulla litoranea Aurelia, ma attraverso le numerosissime curve dell\u2019entroterra savonese. Da Arenzano partir\u00e0 verso mezzogiorno e sulla ciclabile pi\u00f9 bella d\u2019Italia si raggiunger\u00e0 in trasferimento Varazze dove sar\u00e0 posto il chilometro \u201c0\u201d. Attraversamento di Savona, Santuario, Naso di Gatto GPM di 1\u00b0 categoria e Altare (seguendo le strade del Giro 2014). Da qui si prosegue per Mallare (TV a premi),\u00a0 Colla Baltera (Bresca) e \u201cTre Croci\u201d sotto il Melogno dove sar\u00e0 posto il secondo GPM. A finire, discesa su Finale\u00a0 Ligure e arrivo a Loano in zona Porto. 90 chilometri impegnativi e che le ragazze porteranno a termine in poco meno di tre ore.<\/p>\n<p><strong>Loano<\/strong> festegger\u00e0 l\u2019arrivo della tappa con la <strong>Notte Rosa<\/strong>. <strong>Gioved\u00ec 9 luglio<\/strong>, a partire dalle <strong>ore 21.00<\/strong>, nelle piazze e nelle vie del centro si svolger\u00e0 <strong>Balla L\u00f6a, <\/strong>una serata dedicataalla musica da ballo: anni \u201970\/\u201980, latino americano, liscio e tango, rock\u2019n\u2019 roll, baby dance, disco music, danze occitane e hip hop.<\/p>\n<p>Alle\u00a0<strong>ore 21.30<\/strong>, nella\u00a0<strong>Marina di Loano<\/strong>, si svolger\u00e0 il concerto di <strong>Sherrita Duran.\u00a0<\/strong> L\u2019artista californiana, dalla straordinaria voce, trasmetter\u00e0 al pubblico il calore e l\u2019energia della sua\u00a0 terra d\u2019origine, spaziando tra il Pop, il Jazz, il Soul, la Dance e il Rhythm and Blues.<\/p>\n<p><strong>PERCORSO <\/strong><strong>GIRO D\u2019ITALIA ROSA<\/strong><\/p>\n<p>A Ljubljana, si disputer\u00e0 una breve prova serale contro il tempo che definir\u00e0 la prima Maglia Rosa. Nella capitale slovena si arriver\u00e0 anche il giorno successivo nella prima tappa in linea con partenza dalla cittadina di Kamnik. Si entra in Italia<strong> al terzo giorno per la Gaiarine \u2013 San Fior<\/strong>, confermate sedi di tappa dopo il grande successo di un anno fa. La quattro giorni in terra lombarda comincia con la tappa pi\u00f9 lunga dell&#8217;intero Giro, <strong>la Curtatone \u2013 Mantova<\/strong>, di 130,4 km e prosegue con la Pioltello \u2013 Pozzo d&#8217;Adda per velociste. Si va poi all&#8217;Aprica per il primo arrivo in quota dopo 128 km e la partenza da Trezzo sull&#8217;Adda, restando in Valtellina dove si correr\u00e0 la Tresivio \u2013 Morbegno di 102 km.\u00a0 Un lungo trasferimento verso la Liguria conduce alla<strong> Arenzano \u2013 Loano (89,7 km) presenta due GPM impegnativi, Naso di Gatto e Melogno<\/strong>, prima della lunga discesa che porta verso il mare. Infine ecco la dura Cronometro del Vergante, 21.7 km tra Pisano e Nebbiuno e ricca di strade tortuose e saliscendi molto tecnici. Questa prova contro il tempo anticipa il tappone finale che da Verbania porta a San Domenico di Varzo e che sancir\u00e0 la vincitrice assoluta del 26\u00b0 Giro Rosa.<\/p>\n<p><strong>LE ATLETE<\/strong><\/p>\n<p>Lo scorso anno \u00e8 stato dominato dall\u2019olandese <strong>Marianne Vos<\/strong> (vincitrice di quattro tappe gi\u00e0 a segno nelle edizioni 2011 e 2012) davanti alla francese <strong>Pauline Ferrand Prevot<\/strong>, sua compagna di squadra nella Rabo Liv, capace poi di centrare a fine stagione il titolo mondiale. Le tre affermazioni della Vos non rappresentano tuttavia il record, detenuto invece alla pisana <strong>Fabia Luperini<\/strong>, che dopo il poker consecutivo dal 1995 al 1998 \u00e8 stata capace di conquistare nel 2008 il quinto successo finale, ultima italiana a entrare nell\u2019albo d\u2019oro. Prima di lei solo altre tre italiane hanno firmato la pi\u00f9 importante corsa a tappe del calendario femminile: Maria Canins nell\u2019edizione inaugurale (1988), seguita da Roberta Bonanomi (1989) e dalla compianta Michela Fanini (1994).<\/p>\n<p><strong>Quest\u2019anno, assente quasi sicuramente Marianne Vos, <\/strong>buone cose possono fare la giovane stella Ferrand-Pr\u00e8vot e le consuete Van Vleuten, Van der Breggene e Brand. <strong>Ma le altre ragazze non partiranno sconfitte. Soprattutto Mara Abbott<\/strong>, ventinovenne del Colorado, vincitrice nel 2010 e nel 2013 quando port\u00f2 a termine una strepitosa azione sulla salita del Beigua di Varazze. <strong>Evelyn Stevens \u00e8 un\u2019altra ragazza sempre nelle primissime posizioni<\/strong> quando c\u2019\u00e8 da fare corsa dura. <strong>Attenzione anche a\u00a0Claudia H\u00e4usler, Emma Johansson ed Emma Pooley<\/strong>, per i rispettivi palmar\u00e8s e per le indubbie qualit\u00e0 messe in mostra in stagione, sono da sottovalutare.\u00a0E le italiane? Grandi cose ci aspettiamo da Elisa Longo Borghini, e dalla Rossella Ratto.<\/p>\n<p><strong>ATLETA LIGURE<\/strong><\/p>\n<p>L&#8217;unica ligure in gara \u00e8 la sanremese <strong>Ilaria Sanguineti<\/strong>, classe 1994 che garegger\u00e0 per la <strong>Squadra<\/strong> <strong>BePink-LaClassica <\/strong>In quello che \u00e8 uno degli appuntamenti pi\u00f9 prestigiosi della stagione, a rappresentare la formazione diretta dal Team Manager Walter Zini saranno la lombarda <strong>Silvia Valsecchi<\/strong>, la ligure <strong>Ilaria Sanguineti<\/strong>, la laziale <strong>Giorgia Fraiegari<\/strong>, la russa <strong>Anastasia Chulkova<\/strong> (reduce dal quinto posto conquistato a Fiorenzuola d\u2019Arda nell\u2019Omnium), la rumena <strong>Ana Covrig<\/strong> e le neozelandesi <strong>Jaime Nielsen, Ruby Livingstone e Georgia Williams<\/strong>.<\/p>\n<p><strong>LE MAGLIE<\/strong><\/p>\n<p>MAGLIA ROSA (CLASSIFICA GENERALE) \u2013 DERMAFRESH<br \/>\nMAGLIA CICLAMINO (CLASSIFICA A PUNTI) \u2013 SELLE SMP<br \/>\nMAGLIA VERDE (CLASSIFICA GPM) \u2013 BIM<br \/>\nMAGLIA BIANCA (CLASSIFICA MIGLIOR GIOVANE) \u2013 SAUGELLA<br \/>\nMAGLIA AZZURRA (CLASSIFICA MIGLIORE ITALIANA) &#8211; DA-MA<br \/>\n<strong>LE TAPPE DEL 26\u00b0 GIRO ROSA:<\/strong><br \/>\nVenerd\u00ec 3 luglio Prologo: Ljubljana (SI) 2,000 km<br \/>\nSabato 4 luglio 1\u00b0 tappa: Kamnik (SI) \u2013 Ljubljana (SI) 102,500 km<br \/>\nDomenica 5 luglio 2\u00b0 tappa: Gaiarine (TV) \u2013 San Fior (TV) 121,500 km<br \/>\nLuned\u00ec 6 luglio 3\u00b0 tappa: Curtatone (MN) \u2013 Mantova (MN) 130,400 km<br \/>\nMarted\u00ec 7 luglio 4\u00b0 tappa: Pioltello (MI) \u2013 Pozzo d&#8217;Adda (MI) 98,000 km<br \/>\nMercoled\u00ec 8 luglio 5\u00b0 tappa: Trezzo sull&#8217;Adda (MI) \u2013 Aprica (SO) 128,400 km<br \/>\nGioved\u00ec 9 luglio 6\u00b0 tappa: Tresivio (SO) \u2013 Morbegno (SO) 102,500 km<\/p>\n<p>Venerd\u00ec 10 luglio 7\u00b0 tappa: Arenzano (GE) \u2013 Loano (SV) 89,700 km<\/p>\n<p>Sabato 11 luglio 8\u00b0 tappa: Pisano (NO) \u2013 Nebbiuno (NO) 21,700 km (Cronometro Individuale)<br \/>\nDomenica 12 luglio 9\u00b0 tappa: Verbania (VCO) \u2013 San Domenico di Varzo (VCO) 92,700 km\u00a0 <strong>totale 889 km<\/strong><\/p>\n<p><a href=\"https:\/\/www.visitloano.it\/wp-content\/uploads\/2015\/07\/7a-tappa_ALTIMETRIA.jpg\" rel=\"prettyPhoto[gallery-PR7m]\"><img loading=\"lazy\" decoding=\"async\" class=\"alignnone size-medium wp-image-5381\" src=\"https:\/\/www.visitloano.it\/wp-content\/uploads\/2015\/07\/7a-tappa_ALTIMETRIA-300x300.jpg\" alt=\"H:LAVOROlaura_progetti20157-2015 giro RosaCostruzioni7a ta\" width=\"300\" height=\"300\" \/><\/a><\/p>\n<p>&nbsp;<\/p>\n<p><strong>\u00a0SCARICA: <\/strong><\/p>\n<p><strong>cronotabella tappa Arenzano (GE) &#8211; Loano (SV)\u00a0<a href=\"https:\/\/www.visitloano.it\/wp-content\/uploads\/2015\/07\/2015-7a-Tappa-Cronotabella-4.pdf\">2015 7a Tappa Cronotabella 4<\/a><\/strong><\/p>\n<p><strong>i Media al Giro Rosa\u00a0<a href=\"https:\/\/www.visitloano.it\/wp-content\/uploads\/2015\/07\/i-media-al-Girorosa.pdf\">i media al Girorosa<\/a><\/strong><\/p>\n<p>&nbsp;<\/p>\n","protected":false},"excerpt":{"rendered":"<p>PRESS RELEASE (3\/07\/2015) Loano is preparing to welcome on July 10 the arrival of the Arenzano - Loano stage of the 26th Giro d'Italia Rosa, promoted by the Department of Tourism, Culture and Sports in collaboration...<\/p>","protected":false},"author":2,"featured_media":5384,"comment_status":"open","ping_status":"open","sticky":false,"template":"","format":"standard","meta":{"footnotes":""},"categories":[1],"tags":[],"class_list":{"0":"post-5380","1":"post","2":"type-post","3":"status-publish","4":"format-standard","5":"has-post-thumbnail","7":"category-news"},"_links":{"self":[{"href":"https:\/\/www.visitloano.it\/en\/wp-json\/wp\/v2\/posts\/5380","targetHints":{"allow":["GET"]}}],"collection":[{"href":"https:\/\/www.visitloano.it\/en\/wp-json\/wp\/v2\/posts"}],"about":[{"href":"https:\/\/www.visitloano.it\/en\/wp-json\/wp\/v2\/types\/post"}],"author":[{"embeddable":true,"href":"https:\/\/www.visitloano.it\/en\/wp-json\/wp\/v2\/users\/2"}],"replies":[{"embeddable":true,"href":"https:\/\/www.visitloano.it\/en\/wp-json\/wp\/v2\/comments?post=5380"}],"version-history":[{"count":0,"href":"https:\/\/www.visitloano.it\/en\/wp-json\/wp\/v2\/posts\/5380\/revisions"}],"wp:featuredmedia":[{"embeddable":true,"href":"https:\/\/www.visitloano.it\/en\/wp-json\/wp\/v2\/media\/5384"}],"wp:attachment":[{"href":"https:\/\/www.visitloano.it\/en\/wp-json\/wp\/v2\/media?parent=5380"}],"wp:term":[{"taxonomy":"category","embeddable":true,"href":"https:\/\/www.visitloano.it\/en\/wp-json\/wp\/v2\/categories?post=5380"},{"taxonomy":"post_tag","embeddable":true,"href":"https:\/\/www.visitloano.it\/en\/wp-json\/wp\/v2\/tags?post=5380"}],"curies":[{"name":"wp","href":"https:\/\/api.w.org\/{rel}","templated":true}]}}