{"id":4337,"date":"2014-12-17T11:00:22","date_gmt":"2014-12-17T10:00:22","guid":{"rendered":"https:\/\/www.visitloano.it\/?p=4337"},"modified":"2014-12-17T11:00:22","modified_gmt":"2014-12-17T10:00:22","slug":"books-lalber-4","status":"publish","type":"post","link":"https:\/\/www.visitloano.it\/en\/4337\/news\/libri-lalbero-4\/","title":{"rendered":"BOOKS UNDER THE TREE"},"content":{"rendered":"<p><strong>COMUNICATO STAMPA (17\/12\/2014)<\/strong><\/p>\n<p>Nel lungo fine settimana pre-natalizio, a <strong>Loano,<\/strong> sono in programma due incontri con l\u2019autore nell\u2019ambito dell\u2019iniziativa \u201c<strong>Libri sotto l\u2019albero\u201d<\/strong>, promossa dall\u2019<strong>Assessorato al Turismo, Cultura e Sport del<\/strong> <strong>Comune di Loano.<\/strong><\/p>\n<p><strong><a href=\"https:\/\/www.visitloano.it\/wp-content\/uploads\/2014\/11\/Noname.jpg\" rel=\"prettyPhoto[gallery-BRUt]\"><img loading=\"lazy\" decoding=\"async\" class=\"size-medium wp-image-4261 alignleft\" src=\"https:\/\/www.visitloano.it\/wp-content\/uploads\/2014\/11\/Noname-300x300.jpg\" alt=\"Noname\" width=\"300\" height=\"300\" \/><\/a><\/strong><strong>Venerd\u00ec 19 dicembre<\/strong>, nella <strong>Civica Biblioteca<\/strong>, alle <strong>ore 17.00<\/strong>, ospite della rassegna sar\u00e0 il giornalista <strong>Marco Fantasia<\/strong>che presenter\u00e0 il libro <strong>\u201cUna storia sorridente \u2013 La Rai di Genova raccontata dalle origini\u201d.<\/strong><\/p>\n<p>A dialogare con l\u2019autore sar\u00e0 <strong>Cristiano Bosco<\/strong>, che insieme al telecronista e conduttore di Rai Sport riporter\u00e0 alla luce la storia della sede regionale Rai per la Liguria.<\/p>\n<p>Si legge nella presentazione del volume: \u201cFu l&#8217;annunciatrice Lea Landi a coniare l&#8217;espressione &#8220;una storia sorridente&#8221; per descrivere la sua esperienza a Radio Genova, quella che sarebbe poi diventata la sede regionale Rai per la Liguria. Furono sorrisi soprattutto all&#8217;inizio, quando l&#8217;aspetto pionieristico dominava su qualunque difficolt\u00e0. E parliamo di difficolt\u00e0 non da poco, nella Genova che usciva dalla guerra e che proprio attraverso le frequenze della &#8220;sua&#8221; radio apprese dell&#8217;avvenuta liberazione, grazie agli impianti sottratti alla guerra dall&#8217;eroico Franco Tommasino.\u00a0Una storia che finalmente viene alla luce (certamente incompleta, certamente da arricchire ancora) grazie ai ricordi e ai documenti di Cesare Viazzi, che per tanti anni cruciali fu giornalista, caporedattore e infine direttore della sede.<\/p>\n<p>Dalle prime trasmissioni solo radiofoniche all&#8217;avvento della tv, da Marzari a Provenzali, dal teatro radiofonico ai telegiornali di oggi, il libro prova a raccontare, senza pretese di esaustivit\u00e0, piccole e grandi storie dei tanti personaggi che hanno fuso la loro vita con quella della sede.\u201d<\/p>\n<p>L\u2019introduzione al saggio \u00e8 di <strong>Felice Rossello. Marco Fantasia<\/strong>\u00a0\u00e8 nato a Genova. Dopo una solida formazione nell&#8217;emittenza locale genovese, mette piede per la prima volta alla Rai di Genova con un contratto di due mesi ed arriva all&#8217;assunzione definitiva dopo undici anni di precariato. \u00c8 stato conduttore del tg regionale e dell&#8217;edizione ligure di\u00a0<em>Buongiorno Regione<\/em>. Dal 2012 lavora nella redazione di Milano di Rai Sport, prevalentemente come telecronista e conduttore dei notiziari.<\/p>\n<p><strong>Domenica 21 dicembre<\/strong>, alle <strong>16.00<\/strong>, nella <strong>Civica Biblioteca<\/strong>, sar\u00e0 presentato il libro <strong>\u201cDall\u2019altra parte\u201d <\/strong>del giornalistaloanese<strong> Luca Berto, <\/strong>edito dal<strong> Comune di Loano. <\/strong>A condurre l\u2019incontro sar\u00e0 la curatrice della rassegna<strong>Graziella Frasca Gallo<\/strong> della Gazzetta di Loano.<\/p>\n<p><a href=\"https:\/\/www.visitloano.it\/wp-content\/uploads\/2014\/12\/Dallaltra-parte.jpg\" rel=\"prettyPhoto[gallery-BRUt]\"><img loading=\"lazy\" decoding=\"async\" class=\"size-medium wp-image-4338 alignleft\" src=\"https:\/\/www.visitloano.it\/wp-content\/uploads\/2014\/12\/Dallaltra-parte-300x300.jpg\" alt=\"Dall'altra parte\" width=\"300\" height=\"300\" \/><\/a>Il genere questa volta \u00e8 il giallo: \u201cIn una grigia Loano di inizio novembre avviene una misteriosa e inquietante sparizione: mentre si trovano sul Costino di Monte Carmelo, i giovani fidanzati Maddalena Cielo e Alessandro Oliva scompaiono nel nulla lasciandosi dietro solo una pozza di sangue e nessun indizio. A indagare sulla vicenda, ciascuno a modo proprio, saranno il maresciallo dei carabinieri<strong> Stefano Picasso<\/strong>, il padre di Alessandro e noto imprenditore dall\u2019oscuro passato<strong> Gianpiero Oliva<\/strong> e il fratello giornalista di Maddalena <strong>Luca Cielo<\/strong>. Quest\u2019ultimo, dopo una lunga e affannosa ricerca, scoprir\u00e0 come la scomparsa di sua sorella e del suo fidanzato sia legata a doppio filo ad un segreto millenario che ha percorso per intero la storia della citt\u00e0 in cui \u00e8 nato e cresciuto e che \u00e8 tornato a minacciare il mondo. Il romanzo \u00e8 ambientato a Loano e si basa su fatti e avvenimenti desunti dalla storia e dal patrimonio culturale della cittadina rivierasca.\u201d\u201cLa storia abbraccia diversi generi. \u2013 spiega l\u2019autore <strong>Luca Berto<\/strong> \u2013 E\u2019 un giallo, perch\u00e9 narra la ricerca della verit\u00e0 circa l\u2019improvvisa scomparsa di una coppia di fidanzati. E\u2019 un racconto storico-antropologico, perch\u00e9 (a parte alcune necessarie licenze narrative) espone eventi storici realmente accaduti e fa riferimento a tradizioni e racconti folkloristici che fanno parte del passato di Loano.\u00a0In quest\u2019ottica, la complessa ricostruzione storica della trama riporta alla luce eventi e fatti che la memoria collettiva locale ha messo da parte o dimenticato, collegandoli tra loro in modo verosimile e dimostrando come a volte la Storia (specialmente quella locale, sempre cos\u00ec ricca di leggende curiose e originali) possa essere affascinante e in grado di superare la fantasia. Ma \u201cDall\u2019altra parte\u201d \u00e8 anche un esempio di \u201ccontro-storia\u201d perch\u00e9 elabora e mischia elementi di pura invenzione con autentici fatti storici creando un intreccio molto plausibile e realistico.\u201d<\/p>\n<p><strong>Luca Berto<\/strong> nasce ad Albenga nel 1983. Dopo la laurea in lettere moderne all\u2019universit\u00e0 di Genova e un master in comunicazione multimediale al campus di Savona, comincia a collaborare con alcune testate liguri. Nel 2011 approda alla redazione savonese de Il Secolo XIX, con cui collabora tuttora come \u201ccorrispondente\u201d dal comprensorio loanese.<\/p>\n<p>A fare da colonna sonora ai due incontri sar\u00e0 l\u2019accompagnamento musicale del maestro <strong>Roberto Sinito.<\/strong><\/p>\n","protected":false},"excerpt":{"rendered":"<p>PRESS RELEASE (17\/12\/2014) Over the long pre-Christmas weekend, two meetings with the author are scheduled at Loano as part of the \u201cBooks Under the Tree\u201d initiative, promoted by the Department of Tourism, Culture and Sports of the...<\/p>","protected":false},"author":2,"featured_media":4171,"comment_status":"open","ping_status":"open","sticky":false,"template":"","format":"standard","meta":{"footnotes":""},"categories":[1],"tags":[],"class_list":{"0":"post-4337","1":"post","2":"type-post","3":"status-publish","4":"format-standard","5":"has-post-thumbnail","7":"category-news"},"_links":{"self":[{"href":"https:\/\/www.visitloano.it\/en\/wp-json\/wp\/v2\/posts\/4337","targetHints":{"allow":["GET"]}}],"collection":[{"href":"https:\/\/www.visitloano.it\/en\/wp-json\/wp\/v2\/posts"}],"about":[{"href":"https:\/\/www.visitloano.it\/en\/wp-json\/wp\/v2\/types\/post"}],"author":[{"embeddable":true,"href":"https:\/\/www.visitloano.it\/en\/wp-json\/wp\/v2\/users\/2"}],"replies":[{"embeddable":true,"href":"https:\/\/www.visitloano.it\/en\/wp-json\/wp\/v2\/comments?post=4337"}],"version-history":[{"count":0,"href":"https:\/\/www.visitloano.it\/en\/wp-json\/wp\/v2\/posts\/4337\/revisions"}],"wp:featuredmedia":[{"embeddable":true,"href":"https:\/\/www.visitloano.it\/en\/wp-json\/wp\/v2\/media\/4171"}],"wp:attachment":[{"href":"https:\/\/www.visitloano.it\/en\/wp-json\/wp\/v2\/media?parent=4337"}],"wp:term":[{"taxonomy":"category","embeddable":true,"href":"https:\/\/www.visitloano.it\/en\/wp-json\/wp\/v2\/categories?post=4337"},{"taxonomy":"post_tag","embeddable":true,"href":"https:\/\/www.visitloano.it\/en\/wp-json\/wp\/v2\/tags?post=4337"}],"curies":[{"name":"wp","href":"https:\/\/api.w.org\/{rel}","templated":true}]}}