{"id":23513,"date":"2025-06-12T13:00:00","date_gmt":"2025-06-12T11:00:00","guid":{"rendered":"https:\/\/www.visitloano.it\/?p=23513"},"modified":"2025-10-08T11:21:00","modified_gmt":"2025-10-08T09:21:00","slug":"renaissance-festival-white-night-cube-live-the-cinema-on-the-beach-books-cabaret-festivals-and-sports-in-loano-its-time-for-summer-vibes","status":"publish","type":"post","link":"https:\/\/www.visitloano.it\/en\/23513\/news\/festa-rinascimentale-notte-bianca-cubo-live-il-cinema-in-spiaggia-i-libri-il-cabaret-le-sagre-e-lo-sport-a-loano-e-tempo-di-summer-vibes\/","title":{"rendered":"Renaissance Festival, White Night, Cube Live, cinema on the beach, books, cabaret, festivals and sports: it's time for \u201cSummer Vibes\u201d in Loano\u201d"},"content":{"rendered":"\r\n<p>Si intitola \u201cSummer Vibes \u2013 L&#8217;estate che ti fa stare bene\u201d l&#8217;ampio calendario di eventi che animer\u00e0 l&#8217;estate 2024 di Loano e che \u00e8 stato presentato questa mattina a Palazzo Doria dal sindaco Luca Lettieri e dal vice sindaco delegato a turismo, cultura e sport Gianluigi Bocchio insieme ai rappresentanti delle associazioni cittadine. Concerti, presentazioni librarie, serate di cabaret, sagre e manifestazioni enogastronomiche, eventi sportivi, proiezioni cinematografiche e molto altro caratterizzeranno la prossima stagione estiva loanese.<\/p>\r\n\r\n\r\n\r\n<p><strong><em><a href=\"https:\/\/www.visitloano.it\/wp-content\/uploads\/2025\/06\/Summer-Vibes-2025-Loano.pdf\">Qui il programma completo.<\/a><\/em><\/strong><\/p>\r\n\r\n\r\n\r\n<p>\u201cAnche per questo 2025 \u2013 spiegano il sindaco Luca Lettieri ed il vice sindaco con delega a turismo, cultura e sport Gianluigi Bocchio \u2013 l&#8217;estate di Loano regaler\u00e0 a ospiti e residenti una lunghissima serie di eventi e manifestazioni per tutti i gusti. Nella predisposizione del nostro calendario, abbiamo tenuto conto delle indicazioni contenute nel Piano di sviluppo turistico, aggiornate alla luce dei riscontri ottenuti negli ultimi anni, sia nella stagione estiva che negli altri segmenti dell&#8217;anno. Negli ultimi due anni abbiamo lavorato alla creazione di una rete di destinazione in grado di soddisfare le esigenze di ben precise fasce di ospiti. Nei prossimi mesi, oltre a proseguire questo lavoro, interverremo sul posizionamento del nuovo brand Loano. L&#8217;obiettivo \u00e8 quello di rendere la nostra citt\u00e0 sempre pi\u00f9 attraente ed una destinazione turistica capace di valorizzare tutte le proprie risorse e le proprie attrattive. In questo senso, proporre un calendario di eventi ricco e strutturato rappresenta una delle carte vincenti per raggiungere questo obiettivo. Vogliamo ringraziare gli uffici, le associazioni del territorio e le tante persone che, come sempre, hanno lavorato alla predisposizione di questo calendario di eventi\u201d.<\/p>\r\n\r\n\r\n\r\n<p>Dal 13 al 15 giugno Loano celebrer\u00e0 \u201c<strong>Il ritorno dei Doria<\/strong>\u201d e la proclamazione della libera contea di Loano avvenuta nel 1575 durante la signoria dei conti Zenobia Del Carretto e Gianandrea Doria. La manifestazione \u00e8 organizzata dall\u2019Associazione Vecchia Loano e patrocinata dal Comune di Loano con la consulenza del gruppo Le Gratie d\u2019Amore e la collaborazione dell\u2019agenzia Mway Communication &amp; Events. Oltre a essere una rievocazione storica che intende ricostruire con coerenza e sulla base di documenti originali ci\u00f2 che accadde il 2 luglio 1575, data di insediamento dei principi Doria e del giuramento della comunit\u00e0 loanese, l&#8217;evento sar\u00e0 un&#8217;occasione per animare il centro storico e il lungomare con spettacoli a tema storico. Turisti e residenti saranno coinvolti in un autentico viaggio attraverso i secoli, con un grande spettacolo in stile tardo rinascimentale che abbraccer\u00e0 tutto il centro citt\u00e0. L&#8217;animazione includer\u00e0 spettacoli di fuoco, esibizioni di musica folk medievale e rinascimentale, giocoleria e giullaria, magia e fachirismo, oltre a giochi e laboratori creativi per i bambini.<\/p>\r\n\r\n\r\n\r\n<figure class=\"wp-block-image size-large\"><a href=\"https:\/\/www.visitloano.it\/wp-content\/uploads\/2023\/06\/Festa-Doria-010.jpg\" rel=\"prettyPhoto[gallery-IQlN]\"><img decoding=\"async\" class=\"wp-image-19375\" src=\"https:\/\/www.visitloano.it\/wp-content\/uploads\/2023\/06\/Festa-Doria-010.jpg\" alt=\"\" \/><\/a><\/figure>\r\n\r\n\r\n\r\n<p>Sabato 21 giugno torner\u00e0 la \u201c<strong>Notte Bianca<\/strong>\u201d, la lunga maratona di divertimento promossa dal Comune di Loano in collaborazione con Fipe-Confcommercio e Centro Culturale Polivalente. Come sempre, l&#8217;elemento portante della manifestazione saranno gli esercizi commerciali ed i locali, che resteranno aperti fino a tarda sera e dalle 17 offriranno originali punti di degustazione. Sempre a partire dalle 17 sulla passeggiata troveranno spazio gli stand degli artigiani e degli artisti, che fino a sera esporranno i frutti della loro abilit\u00e0. Grande protagonista sar\u00e0 la musica, con circa tanti concerti ed esibizioni in diversi punti della citt\u00e0 a partire dalle 21. Alle 22 prender\u00e0 il via il grande concerto gratuito (organizzato in collaborazione l&#8217;Agenzia Eccoci Eventi) che costituisce il momento clou della \u201cNotte Bianca\u201d. Ad esibirsi quest&#8217;anno sul palco allestito in piazza Italia una grande interprete della musica italiana: Irene Grandi. Anche quest&#8217;anno la festa trover\u00e0 spazio anche nella zona di via dei Gazzi, via Dante, via Pirandello e viale Enrico Toti con \u201cAspettando la Notte Bianca\u201d. A partire dalle 19 di venerd\u00ec 20 giugno i locali offriranno street food con musica dal vivo e intrattenimento \u201cmagico\u201d per i pi\u00f9 piccini.<\/p>\r\n\r\n\r\n\r\n<figure class=\"wp-block-image size-large\"><a href=\"https:\/\/www.visitloano.it\/wp-content\/uploads\/2024\/06\/Notte-Bianca-2024.jpg\" rel=\"prettyPhoto[gallery-IQlN]\"><img decoding=\"async\" class=\"wp-image-21842\" src=\"https:\/\/www.visitloano.it\/wp-content\/uploads\/2024\/06\/Notte-Bianca-2024.jpg\" alt=\"\" \/><\/a><\/figure>\r\n\r\n\r\n\r\n<p>Il 2 luglio si terr\u00e0 la tradizionale processione della <strong>Madonna della Visitazione<\/strong>, protettrice dei pescatori e dei naviganti loanesi. Le celebrazioni vedranno la partecipazione di confraternite provenienti da tutta la Liguria. La celebrazione sar\u00e0 preceduta da diversi eventi \u201cdi avvicinamento\u201d. Il 17 giugno alle 21 nell&#8217;oratorio delle Cappe Turchine concerto della Corale San Francesco di Alassio diretta dal maestro Giorgio Piovano; il 23 giugno alle 21.45 in piazza Italia concerto della Banda Santa Maria Immacolata (in occasione della festa patronale di San Giovanni Battista); il 25 giugno alle 21.45 in piazza Italia concerto della Fanfara degli Alpini \u201cMonte Beigua\u201d di Savona; il 27 giugno alle 21.45 nell&#8217;oratorio delle Cappe Turchine concerto musicale con il maestro Riccardo Pampararo. L&#8217;estate loanese \u00e8 sempre caratterizzata dalla celebrazione di tradizioni e culti locali. Come la processione del Corpus Domini il 22 giugno, la festa patronale di San Giovanni Battista il 24 giugno, la festa del Santissimo Nome di Maria a cura dei Disciplinanti Bianchi il 12 settembre, la festa di Santa Libera a Verzi l&#8217;8 settembre.<\/p>\r\n\r\n\r\n\r\n<figure class=\"wp-block-image size-large\"><a href=\"https:\/\/www.visitloano.it\/wp-content\/uploads\/2023\/06\/Festa-Visitazione-Loano-2022.jpg\" rel=\"prettyPhoto[gallery-IQlN]\"><img decoding=\"async\" class=\"wp-image-19533\" src=\"https:\/\/www.visitloano.it\/wp-content\/uploads\/2023\/06\/Festa-Visitazione-Loano-2022.jpg\" alt=\"\" \/><\/a><\/figure>\r\n\r\n\r\n\r\n<p>Dal 1^ al 5 luglio a Loano far\u00e0 tappa \u201c<strong>CUBO LIVE &#8211; luoghi, idee, voci, eventi<\/strong>\u201d, la rassegna itinerante di concerti gratuiti promossa da CUBO, museo d\u2019impresa del Gruppo Unipol. Per il quinto anno consecutivo, \u201cCUBO LIVE\u201d accompagna l\u2019estate degli italiani, per lo pi\u00f9 di coloro che rimangono in citt\u00e0, con un ricercato palinsesto di concerti che vede alternarsi artisti consolidati a talenti giovani in un vivace mix di musica jazz, pop e classica, con l\u2019obiettivo di offrire ad un pubblico trasversale l\u2019opportunit\u00e0 di avvicinarsi alla migliore musica italiana e internazionale. In accordo con la mission del museo che \u00e8 \u201ccondividere cultura\u201d, il programma estivo di CUBO \u00e8 pensato per accogliere, intrattenere e, soprattutto, diffondere cultura grazie al linguaggio coinvolgente e universale della musica, uscendo dal perimetro delle sue due sedi di Bologna e Milano per farsi luogo diffuso e partecipato, in spazi all\u2019aperto, teatri e piazze. Il 1^ luglio alle 21.30 in Marina di Loano Stefano Di Battista porter\u00e0 in scena le \u201cMorricone Stories\u201d in un autentico tributo alle musiche da film di Ennio Morricone. Di Battista gioca con i temi del Maestro come fossero materia magica, sostanza di quella speciale e misteriosa zona della musica che ci riempie quasi inspiegabilmente l&#8217;anima. La scelta in qualche caso ricade su temi marginali o, meglio, film meno famosi oppure dimenticati. Sul palco Stefano Di Battista (sax), Andr\u00e9 Ceccarelli (drums), Fr\u00e9d\u00e9ric Nardin (piano) e Daniele Sorrentino (basso). Ingresso libero con prenotazione obbligatoria su cubounipol.it. Il 2 alle 21.30 luglio Emma Nolde sar\u00e0 protagonista del \u201cNuovo Spazio Tempo Tour\u201d, uno spettacolo che \u00e8 un vero e proprio rito collettivo, dove il pubblico \u00e8 completamente immerso nell&#8217;esperienza. Un evento completo che alterna momenti intimi e lievi a momenti di vero e proprio r&#8217;n&#8217;r. Ingresso libero con prenotazione obbligatoria su cubounipol.it. Il 4 luglio alle 5.15 ancora in Marina di Loano concerto all&#8217;alba con il Trio Mantici (composto da Antonello Salis alla fisarmonica, Daniele Di Bonaventura al bandoneon e Alessandro D\u2019Alessandro all&#8217;organetto) che porter\u00e0 in scena \u201cIl respiro vitale dei Mantici\u201d. In un panorama d&#8217;eccezione, tra musica e brezza marina, per la prima volta nella storia del jazz italiano fisarmonica, bandoneon e organetto si incontrano e si fondono in un concerto unico e imperdibile, attraverso l&#8217;incontro di tre strumentisti a mantice tra i pi\u00f9 originali e internazionalmente riconosciuti per i loro stili personali. Ingresso libero con prenotazione obbligatoria su cubounipol.it. Gran finale il 5 luglio alle 21.30 in piazza Italia con Eugenio Finardi e la tappa loanese del suo tour \u201cTutto &#8217;75-&#8217;25\u201d. Per festeggiare cinquant&#8217;anni dal suo primo album, torna con un nuovo tour e un nuovo disco intitolato \u201cTutto\u201d. Finardi presenta uno spettacolo in cui propone le canzoni pi\u00f9 significative del suo vasto repertorio, ripercorrendo mezzo secolo di carriera. Accanto ai grandi successi, non mancheranno brani tratti dal suo nuovo album. Un lavoro che stupisce per sonorit\u00e0 innovative e per la creativit\u00e0 inesauribile di un artista capace di raccontare il presente con lucidit\u00e0. Sul palco con lui, tre talentuosi musicisti con cui crea atmosfere coinvolgenti. Sul palco Eugenio Finardi (voce), Giuvazza Maggiore (chitarre e loop), Maximilian Agostini (tastiere e basso), Claudio Arfinengo (batteria, basso e percussione). Ingresso libero.<\/p>\r\n\r\n\r\n<a href=\"https:\/\/www.visitloano.it\/wp-content\/uploads\/2025\/06\/CUBO-2025-Finardi.jpg\" rel=\"prettyPhoto[gallery-IQlN]\"><img decoding=\"async\" class=\"aligncenter wp-image-23500\" src=\"https:\/\/www.visitloano.it\/wp-content\/uploads\/2025\/06\/CUBO-2025-Finardi.jpg\" alt=\"\" style=\"width:100%\" width=\"1200\" \/><\/a>\r\n\r\n\r\n<p>Sempre in Marina di Loano torna la \u201c<strong>Golden Summer<\/strong>\u201d, la lunga estate di eventi che, fino a settembre, animer\u00e0 il porto turistico loanese. La musica sar\u00e0 protagonista con i concerti dei Blue Penguin (gruppo vocale a cappella bolognese) il 6 settembre e degli AbbaDream il 12 settembre. Anche quest&#8217;anno il pontile dello Yacht Club Marina di Loano si trasformer\u00e0 in una vera e propria sala cinema dove si potr\u00e0 assistere alle proiezioni delle pi\u00f9 interessanti pellicole dell&#8217;ultimo periodo (e non solo). Ma ci sar\u00e0 spazio anche per le risate e lo spettacolo: il 9 luglio spettacolo comico-musicale con Gene Gnocchi; il 17 luglio si terr\u00e0 la presentazione del libro di Chiara Francini; il 20 luglio sar\u00e0 presentato il libro di Roberta Recchia; il 24 luglio serata con Emilio Marrese; il 17 agosto talk-show con cabaret di Paola Minaccioni.<\/p>\r\n\r\n\r\n\r\n<p>Nel calendario degli eventi dell\u2019estate 2025 il <strong>Premio Nazionale Citt\u00e0 di Loano per la musica tradizionale italiana<\/strong> si presenta con molte novit\u00e0 che preannunciano una significativa metamorfosi del festival. \u201cRiGenerazioni festival\u201d \u00e8 il nuovo contenitore che accoglie gli eventi musicali del Premio Loano e che trova la sua nuova collocazione temporale nel mese di settembre, aggiungendo a Loano, sede tradizionale del festival, tre nuove location nel primo entroterra. Il festival che si svolger\u00e0 dal 5 al 7 settembre a Loano e dal 12 al 14 settembre nel primo entroterra, accoglier\u00e0 gli artisti che meglio rappresentano i linguaggi della tradizione declinati nella contemporaneit\u00e0, con approcci innovativi. Nella citt\u00e0 dei Doria anche quest\u2019anno saranno premiati i vincitori del Premio Loano (Premio Miglior Album 2024 e Premio Giovani 2024) il pi\u00f9 importante riconoscimento in Italia per la produzione contemporanea di musica tradizionale di radice italiana. Occorre aspettare ancora un po\u2019 per scoprire il programma dettagliato di \u201cRiGenerazioni festival\u201d organizzato dall\u2019Associazione Compagnia dei Curiosi, in collaborazione con l&#8217;assessorato a turismo e cultura del Comune di Loano e con il contributo della Fondazione A. De Mari.<\/p>\r\n\r\n\r\n\r\n<p>Il 26 luglio torna il \u201c<strong>Carneval\u00f6a Summer Edition<\/strong>\u201d. A partire dalle 21 su corso Roma torneranno a sfilare i carri allegorici realizzati dai volontari di Vecchia Loano e non solo. La sfilata sar\u00e0 accompagnata da musica, balli, coriandoli e gruppi in maschera. Ed \u00e8 sempre Vecchia Loano ad organizzare la \u201c<strong>Festa delle Bas\u00fce<\/strong>\u201d. Il 12 e 13 agosto centinaia di figuranti faranno rivivere l&#8217;epoca della caccia alle streghe che per alcuni secoli ha imperversato in Europa, con la persecuzione di donne sospettate di compiere atti di magia quali sortilegi, malefici, fatture e legamenti. Alla sfilata in centro del 13 agosto seguir\u00e0 il tradizionale spettacolo pirotecnico.<\/p>\r\n\r\n\r\n\r\n<figure class=\"wp-block-image size-large\"><a href=\"https:\/\/www.visitloano.it\/wp-content\/uploads\/2024\/06\/Carnevale-Estivo-01.jpg\" rel=\"prettyPhoto[gallery-IQlN]\"><img decoding=\"async\" class=\"wp-image-21850 aligncenter\" src=\"https:\/\/www.visitloano.it\/wp-content\/uploads\/2024\/06\/Carnevale-Estivo-01.jpg\" alt=\"\" \/><\/a><\/figure>\r\n\r\n\r\n\r\n<p>Dopo il successo degli ultimi anni, torna anche quest&#8217;anno il <strong>cinema in spiaggia<\/strong> in collaborazione con il Consorzio Obiettivo Spiagge: per sei serate di luglio e agosto presso i Bagni Lampara verranno proiettati i migliori film per bambini e famiglie. Ingresso libero fino ad esaurimento posti.<\/p>\r\n\r\n\r\n\r\n<p>Anche quest&#8217;anno piazza Italia sar\u00e0 il vero \u201ccuore spettacolare\u201d di Loano. Il 7 luglio in piazza Italia si svolger\u00e0 \u201c<strong>Improvvisamente tu\u2026<\/strong>\u201d, spettacolo di danza, canto e recitazione a cura dell&#8217;Asd Modern Jazz Dance. Il 10 luglio sempre in piazza Italia si terr\u00e0 il \u201cGal\u00e0 di danza\u201d della Scuola Civica Attimo Danza. Il 12 luglio si terr\u00e0 il <strong>\u201cGran Gal\u00e0 Live\u201d del Festival Internazionale Live di Loano<\/strong> con l&#8217;esibizione dei finalisti e la premiazione dei vincitori. Durante la serata i giovani talenti della danza e del canto si contenderanno la vittoria finale, regalando al pubblico uno spettacolo ricco di luci meravigliose e immagini emozionanti. Il 21 agosto torna \u201c<strong>Loano e la voce del mare<\/strong>\u201d, che si inserisce nell&#8217;ambito del progetto \u201cGiovani in biblioteca-Riprendiamoci il futuro\u201d, finanziato dalla presidenza del Consiglio dei Ministri e finalizzato a promuovere la lettura fra i giovani. Il progetto si ispira all&#8217;idea di una biblioteca che sia spazio d&#8217;aggregazione e incubatore di attivit\u00e0 multidisciplinari, capace di attrarre giovani di et\u00e0 diversa e con interessi diversi.<\/p>\r\n\r\n\r\n\r\n<p>Tra fine luglio e inizio agosto torner\u00e0 \u201c<strong>Universo in Rosa<\/strong>\u201d, la manifestazione dedicata al mondo femminile e a favore dello sportello d&#8217;ascolto \u201cArtemisia Gentileschi\u201d di Loano contro la violenza sulle donne. La manifestazione sar\u00e0 preceduta da una serie di eventi collaterali. Il 27 luglio in Marina di Loano sessione di total body workout con con \u201cAspettando Universo in Rosa con \u201cPilates in Marina\u201d. Alla sera giro in bicicletta intorno alle vecchie mura di Loano con \u201cStrong Together\u201d promosso da Fiab Albenga. Il 29 e il 31 luglio nuovo appuntamento con \u201cPilates in Marina e una sessione di \u201cFace Yoga\u201d e pilates mat work. Il 30 luglio camminata all&#8217;aria aperta con un giro tra cascine e rifugi ai piedi del Monte Carmo con Flaviano Carpen\u00e8 e, a seguire, aperitivo al rifugio di Pian delle Bosse in collaborazione con Cai Loano. Il 1^ agosto ai Bagni Lampara biodanza con Valeria Occelli. Il 2 agosto all&#8217;alba concerto di musica classica al Molo Kursaal, poi sessione di \u201cYoga in Rosa\u201d al palmeto con \u201cPilates in Marina\u201d. Al Bar Rino colazione di prevenzione in rosa \u201cVita e salute\u201d in collaborazione con Fidapa. Alle 21.30 in piazza Italia spettacolo finale con Max Fly ed Elena Ferretti. Per tutta la giornata gazebo informativi e dimostrazioni. Il 3 agosto allenamento di pilates in Marina, poi fitness walking solidale a cura dell&#8217;Asd Palestra il Corpo. Infine, in via Dante street food in musica con \u201cSalutando Universo in Rosa\u201d.<\/p>\r\n\r\n\r\n\r\n<p>Nell&#8217;estate di Loano non mancheranno gli appuntamenti letterari. Dal 27 al 29 giugno sul lungomare loanese si terr\u00e0 la terza edizione della <strong>Fiera del Libro<\/strong> promossa da Pro Loco Loano. Inoltre, come ogni estate torner\u00e0 \u201c<strong>LOA Legge in Ogni Angolo Estate<\/strong>\u201d, l&#8217;iniziativa dedicata alla lettura organizzata dall&#8217;assessorato a turismo, cultura e sport del Comune di Loano con il finanziamento del \u201cCentro per il libro e la lettura\u201d e in collaborazione con l&#8217;Aps #cosavuoichetilegga, il Mondadori Bookstore di Loano e la Libreria del Conte di Loano. Torneranno anche gli incontri (letterari, musicali e per bambini) di \u201cOrto letterario\u201d promossi dall&#8217;Associazione Centofiori Eventi in collaborazione con la Libreria del Conte ed i \u201cMarted\u00ec della Cultura\u201d organizzati in collaborazione con il Mondadori Bookstore. Tra gli altri, presenteranno i loro libri a Loano: Mario Giordano, Fabio Genovesi, Antonella Forte, Francesco Battistini, Orso Tosco, Marcello Simoni, Raffaella Verga, Paolo Secondo, Laura Pigozzi, Davide Longo. Il 28 giugno ultimo appuntamento con la terza edizione del Club del Libro: i partecipanti presenteranno un testo che \u00e8 particolarmente piaciuto loro, illustrandolo e commentandolo con i presenti.<\/p>\r\n\r\n\r\n\r\n<p>Il 4 luglio Pro Loco Loano organizza presso i Giardini Josemaria Escriv\u00e0 la \u201c<strong>Cena in bianco &#8211; Unconventional Dinner<\/strong>\u201d, format di cena \u201cin bianco\u201d e condivisa che non richiede presentazioni. Il 6 luglio in corso Roma e sulla passeggiata mare fa tappa il <strong>42^ Meeting Internazionale di Fiat 500 storiche<\/strong>: in concomitanza col raduno, in Orto Maccagli si terr\u00e0 un concerto de \u201cLa Paranza del Geco\u201d. Le auto torneranno protagoniste l&#8217;8 settembre con il <strong>raduno annuale dell&#8217;AbarthClub della Valbormida e di Savona<\/strong>. Il 12 luglio in Marina di Loano torna \u201c<strong>Galleggiando e Bolleggiando<\/strong>\u201d, l&#8217;iniziativa rivolta ai ragazzi disabili del Distretto socio-sanitario dell&#8217;Asl2 savonese. Il 25 luglio in piazza Italia serata di cabaret con il Summer Tour. Il 16 agosto in piazza Italia c&#8217;\u00e8 il \u201c<strong>Big Bubble Show<\/strong>\u201d con animazione per grandi e piccini. Il cabaret torna dal 18 al 20 agosto con il <strong>Cabaret Show<\/strong> in piazza Italia. Il 19 agosto in Orto Maccagli si va alla scoperta de \u201c<strong>Gli antichi mestieri del mare<\/strong>\u201d con l&#8217;Associazione Culturale Marinara Lodanum. Il 22 agosto appuntamento in piazza Italia con la serata benefica \u201c<strong>Aiutiamo chi aiuta<\/strong>\u201d ed il concerto dei Buio Pesto. La serata solidale torna anche il 23 agosto, sempre nella piazza del municipio, insieme alla finale regionale di \u201c<strong>Una ragazza per il Cinema<\/strong>\u201d. Il 28 agosto in occasione della \u201cGiornata del cane\u201d Pro Loco Loano organizza una \u201c<strong>Camminata a sei zampe<\/strong>\u201d. Il 4 settembre in biblioteca l&#8217;Associazione delle Arti Legami presenta \u201c<strong>Le opere e la vita rocambolesca di Michelangelo Merisi detto Caravaggio<\/strong>\u201d illustrate da Vanna Carpegna, architetto e docente di storia dell\u2019arte.<\/p>\r\n\r\n\r\n<a href=\"https:\/\/www.visitloano.it\/wp-content\/uploads\/2024\/06\/cena-in-bianco-loano.jpg\" rel=\"prettyPhoto[gallery-IQlN]\"><img decoding=\"async\" class=\"wp-image-21937 aligncenter\" src=\"https:\/\/www.visitloano.it\/wp-content\/uploads\/2024\/06\/cena-in-bianco-loano.jpg\" alt=\"\" style=\"width:100%\" \/><\/a>\r\n\r\n\r\n<p>Ogni seconda domenica del mese (ed eccezionalmente sabato 16 agosto) sotto i portici di corso Europa e nei vicini giardini \u201cBestoso\u201d torner\u00e0 il <strong>Mercatino di Antichit\u00e0 e Collezionismo<\/strong> organizzato da E20 Free. Decine di espositori presenteranno una selezionata raccolta di mobili, argenti, quadri, tappeti e oggetti dal sapore antico e ricchi di fascino. Ogni marted\u00ec e venerd\u00ec di giugno, luglio, agosto e settembre, dalle 18 alla mezzanotte rispettivamente in piazza Rocca e in piazza Massena, saranno allestite le bancarelle di \u201c<strong>Mestieri in piazza<\/strong>\u201d, il mercatino degli artigiani e degli artisti organizzato dall&#8217;associazione Artigianalmente. Artigiani professionisti ed artisti specializzati esporranno i frutti del loro ingegno e della loro abilit\u00e0. Appuntamenti speciali sabato 20 e sabato 27 settembre dalle 10 alle 20 in piazza Massena. Il 21 settembre torna la tradizionale Fiera di settembre.<\/p>\r\n\r\n\r\n\r\n<p>Per gli amanti della vita all&#8217;aria aperta, anche a luglio e a settembre proseguiranno gli appuntamenti di <strong>\u201cLoano non solo mare<\/strong>\u201d, il programma curato dalla sezione loanese del Cai. Le escursioni sono gratuite e praticabili da quanti abbiano un discreto allenamento alle camminate in montagna. L&#8217;obiettivo \u00e8 promuovere la pratica escursionistica come occasione di socializzazione, benessere personale, conoscenza e valorizzazione del territorio. Sempre per gli appassionati di camminate, domenica 13 luglio si terr\u00e0 un&#8217;escursione a San Damiano organizzata da Pro Loco Loano nell&#8217;ambito della \u201c<strong>Festa Nazionale delle Pro Loco<\/strong>\u201d. Il 28 settembre alla baita sul Monte Carmo c&#8217;\u00e8 la seconda edizione della \u201c<strong>Festa dell&#8217;Alta Via<\/strong>\u201d a cura degli Amici del Carmo. Sabato 28 giugno nello specchio acqueo di Marina di Loano si terr\u00e0 \u201c<strong>Freedom to Swim<\/strong>\u201d, evento che promuove l&#8217;inclusione e la libert\u00e0 attraverso lo sport, offrendo a persone con ridotte o nulle capacit\u00e0 visive l&#8217;opportunit\u00e0 di vivere un&#8217;esperienza unica di nuoto in mare, in totale sicurezza. Il 20 luglio in Orto Maccagli \u201c<strong>Kung fu sotto le stelle<\/strong>\u201d, serata di arti maziali e danze orientali organizzata dall&#8217;Asd Centro Arti Marziali. Il 16 agosto si terr\u00e0 l&#8217;edizione 2025 della gara podistica \u201cM<strong>arina Classic<\/strong>\u201d promossa dall&#8217;Asd RunRivieraRun. Il 21 agosto si terr\u00e0 l&#8217;edizione 2025 della Run San Pio. Dal 1^ al 7 settembre al PalaGarassini si terr\u00e0 la 11^ edizione di \u201c<strong>Loano in danza Summer Edition<\/strong>\u201d, la manifestazione dell&#8217;Asd Promozione Danza Liguria che nasce per offrire agli stagisti partecipanti e agli allievi del comprensorio la possibilit\u00e0 di seguire un percorso di studio della danza con docenti dai curricula comprovati. Il 28 settembre si tiene il 14^ \u201c<strong>Giro delle Mura di Loano<\/strong>\u201d a cura dei Runners Loano. Il 26 ottobre al PalaGarassini si tiene la \u201c<strong>Giornata in Rosa \u2013 13^ Compleanno della Pigotta<\/strong>\u201d a cura dell&#8217;Asd Pallacanestro Loano. Sempre il 26 ottobre torna la \u201c<strong>RunRivieraRun Half Marathon<\/strong>\u201d. Infine, nelle giornate del 10 e 17 luglio e del 7 e 21 agosto, il Ctg di Loano propone la visita guidata gratuita del centro storico, delle chiese, di Palazzo Doria e del porto: una buona occasione per i turisti e residenti che vogliano approfondire la conoscenza della citt\u00e0 dei Doria.<\/p>\r\n\r\n\r\n\r\n<p>Non mancheranno gli appuntamenti appositamente studiati per gli amanti della musica. Il 20 giugno ultimo appuntamento con le \u201c<strong>Guide all&#8217;ascolto<\/strong>\u201d dell&#8217;Associazione Musicale Loanese. Quest&#8217;estate torneranno, come sempre, i \u201c<strong>Concerti del Principe<\/strong>\u201d e gli altri appuntamenti promossi dall&#8217;Associazione Musicale Santa Maria Immacolata ed anche i concerti del gruppo musicale \u201c<strong>U Gunbu de Loa-Verzi<\/strong>\u201d in Orto Maccagli (il 30 giugno, il 14 luglio, l&#8217;11 e il 30 agosto e l&#8217;8 settembre) o del Coro Polifonico Citt\u00e0 di Loano (l&#8217;11 e il 30 luglio, l&#8217;11 e il 29 agosto). Il 19 luglio serata con dj e animazione con i Supersonica. Il 20 luglio in biblioteca \u201c<strong>Eppi Classic Sammer<\/strong>\u201d, serata dedicata alla musica classica a cura dell&#8217;Accademia Ambrosiana. Il 24 e il 28 luglio e il 25 e 29 agosto in piazza Italia serata di <strong>ballo liscio<\/strong>. Il 1^ agosto in piazza Italia <strong>concerto di musica anni &#8217;70, &#8217;80 e &#8217;90<\/strong> a cura di Pro Loco Loano e il 6 agosto altra serata dedicata alla <strong>musica degli anni &#8217;80<\/strong>. L&#8217;8 agosto in Orto Maccagli <strong>serata di danza e musica a cura dell&#8217;Asd Studium III<\/strong>. Il 9 agosto in piazza Italia <strong>dj-show con Walter Pizzulli<\/strong>. Il 14 agosto in piazza Italia ci sono i <strong>Discomania<\/strong>. Il 28 agosto in piazza Italia serata tributo a <strong>Max Pezzali e Cesare Cremonini<\/strong>. Il 13 settembre in biblioteca <strong>conferenza\/concerto di Andrea Orsi<\/strong>, docente di conservatorio e concertista di fama internazionale, che accompagner\u00e0 i partecipanti in un viaggio virtuale tra i principali autori per chitarra classica e in modo particolare nella produzione di Bario Castelnuovo-Tedesco. Incontro a cura dell&#8217;Associazione delle Arti \u201cLegami\u201d. La stessa associazione propone, per il 14 settembre, l&#8217;<strong>incontro con Katia Del Monte<\/strong>, autrice del romanzo \u201cNaima\u201d (Giraldi) che racconta la storia del celebre jazzista John Coltrane e di Naima Juanita Grubbs, sua prima moglie. Anche quest&#8217;anno nell&#8217;oratorio di Nostra Signora del Rosario tornano i concerti del \u201c<strong>Settembre musicale dei Turchini<\/strong>\u201d organizzati dalla confraternita delle Cappe Turchine: il cartellone prevede il 6 settembre concerto d&#8217;organo con gli artisti di Rapallo Musica (l&#8217;appuntamento rientra nell&#8217;ambito del 27^ Festival Organistico Internazionale \u201cArmonie sacre percorrendo le terre di Liguria\u201d); il 13 settembre un concerto con Paola Arecco (pianoforte), Arianna Marella (flauto) e Gianni Gollo (flauto); il 20 settembre concerto del maestro Giorgio Piovano, organista della chiesa dei Cappuccini di Alassio; il 27 settembre concerto del Coro Polifonico di Valleggia diretto dal maestro Maurizio Fiaschi.<\/p>\r\n\r\n\r\n\r\n<p>Per i pi\u00f9 golosi, non mancheranno gli <strong>appuntamenti enogastronomici<\/strong>. Il 28 e 29 giugno si terr\u00e0 l&#8217;edizione 2025 di \u201cSapori di Liguria\u201d, rassegna enogastronomica organizzata dall&#8217;associazione Vecchia Loano. Sul lungomare di Loano si potr\u00e0 trovare una selezione di eccellenze liguri quali olio, olive, formaggi, salumi, pomodori, ortaggi, piante aromatiche, basilico, miele, aglio, prodotti sott&#8217;olio, focaccia ligure, vino e dolci tipici. Gli stand resteranno aperti dalle 9 alle 23. Grande spazio alle sagre, come la \u201cSagra della Solidariet\u00e0\u201d dal 9 all&#8217;11 luglio, la \u201cMuscolata d&#8217;estate\u201d il 18 e 19 luglio, la \u201cSagra del Crostolo\u201d il 25 e 26 luglio, la \u201cSagra del Fugassin\u201d il 2 agosto, la \u201cSagra della Trenetta\u201d dal 6 all&#8217;8 agosto. E ancora, tra gli appuntamenti tradizionali la \u201cSagra di San Pio X\u201d e relativa gara podistica, la sagra \u201cQuellu cu passa u cunventu\u201d dal 28 al 30 agosto, la \u201cSagra dell&#8217;Otto\u201d dal 6 all&#8217;8 settembre e la \u201cSagra di Santa Libera\u201d dal 13 al 15 settembre a Verzi.<\/p>\r\n","protected":false},"excerpt":{"rendered":"<p>Entitled \u201cSummer Vibes - Summer that makes you feel good,\u201d the extensive calendar of events that will enliven Loano's Summer 2024 was presented this morning at the Palace...<\/p>","protected":false},"author":3,"featured_media":1945,"comment_status":"closed","ping_status":"closed","sticky":false,"template":"","format":"standard","meta":{"footnotes":""},"categories":[1],"tags":[],"class_list":{"0":"post-23513","1":"post","2":"type-post","3":"status-publish","4":"format-standard","5":"has-post-thumbnail","7":"category-news"},"_links":{"self":[{"href":"https:\/\/www.visitloano.it\/en\/wp-json\/wp\/v2\/posts\/23513","targetHints":{"allow":["GET"]}}],"collection":[{"href":"https:\/\/www.visitloano.it\/en\/wp-json\/wp\/v2\/posts"}],"about":[{"href":"https:\/\/www.visitloano.it\/en\/wp-json\/wp\/v2\/types\/post"}],"author":[{"embeddable":true,"href":"https:\/\/www.visitloano.it\/en\/wp-json\/wp\/v2\/users\/3"}],"replies":[{"embeddable":true,"href":"https:\/\/www.visitloano.it\/en\/wp-json\/wp\/v2\/comments?post=23513"}],"version-history":[{"count":6,"href":"https:\/\/www.visitloano.it\/en\/wp-json\/wp\/v2\/posts\/23513\/revisions"}],"predecessor-version":[{"id":24041,"href":"https:\/\/www.visitloano.it\/en\/wp-json\/wp\/v2\/posts\/23513\/revisions\/24041"}],"wp:featuredmedia":[{"embeddable":true,"href":"https:\/\/www.visitloano.it\/en\/wp-json\/wp\/v2\/media\/1945"}],"wp:attachment":[{"href":"https:\/\/www.visitloano.it\/en\/wp-json\/wp\/v2\/media?parent=23513"}],"wp:term":[{"taxonomy":"category","embeddable":true,"href":"https:\/\/www.visitloano.it\/en\/wp-json\/wp\/v2\/categories?post=23513"},{"taxonomy":"post_tag","embeddable":true,"href":"https:\/\/www.visitloano.it\/en\/wp-json\/wp\/v2\/tags?post=23513"}],"curies":[{"name":"wp","href":"https:\/\/api.w.org\/{rel}","templated":true}]}}