{"id":23304,"date":"2025-03-21T12:59:00","date_gmt":"2025-03-21T11:59:00","guid":{"rendered":"https:\/\/www.visitloano.it\/?p=23304"},"modified":"2025-10-08T11:09:28","modified_gmt":"2025-10-08T09:09:28","slug":"the-renaissance-festival-the-street-artists-festival-the-fil-and-the-night-in-white-in-loano-and-suddenly-spring","status":"publish","type":"post","link":"https:\/\/www.visitloano.it\/en\/23304\/news\/la-festa-rinascimentale-il-festival-degli-artisti-di-strada-il-fil-e-la-notte-in-bianco-a-loano-e-improvvisamente-primavera\/","title":{"rendered":"Renaissance festival, street artists festival, Fil and White Night: at Loano it's \u201cSuddenly Spring\u201d"},"content":{"rendered":"\r\n<p>Dal Festival Internazionale Live di Loano alla festa rinascimentale che celebra \u201cIl ritorno dei Doria\u201d, dall&#8217;esposizione internazionale felina al Triathlon Sprint, dalle escursioni alle mostre agli appuntamenti libreschi ai raduno d&#8217;auto, per concludersi con l&#8217;imperdibile \u201cNotte in Bianco\u201d. A Loano \u00e8 tutto pronto per \u201c<strong>Improvvisamente primavera<\/strong>\u201d, il programma di eventi predisposto dall&#8217;amministrazione comunale in collaborazione con le associazioni del territorio per animare la citt\u00e0 nei mesi della \u201cstagione pi\u00f9 dolce\u201d.<\/p>\r\n\r\n\r\n\r\n<p><a href=\"https:\/\/www.visitloano.it\/wp-content\/uploads\/2025\/03\/Improvvisamente-Primavera-2025.pdf\">Clicca qui per il calendario completo.<\/a><\/p>\r\n\r\n\r\n\r\n<p>Il sindaco Luca Lettieri ed il vice sindaco con delega a turismo, cultura e sport Gianluigi Bocchio dichiarano: \u201cCome ogni primavera anche quest&#8217;anno la nostra citt\u00e0 propone una serie di iniziative &#8216;per tutti i gusti&#8217;. Accanto ad iniziative di grande impatto e ormai storiche, nel nostro calendario propone ogni settimana tanti eventi di vari natura: dagli appuntamenti letterari a quelli sportivi, dai concerti alle rassegne gastronomiche. L&#8217;evento clou sar\u00e0 come sempre la &#8216;Notte in Bianco&#8217; che anche quest&#8217;anno avr\u00e0 come ospite principale un grande protagonista della musica italiana sul cui nome, ad ora, manteniamo il massimo riserbo. Non vogliamo svelare niente, ma invitiamo tutti a seguirci sui nostri canali web e social per restare sempre aggiornati. Come amministrazione ringraziamo tutti coloro che hanno collaborato alla predisposizione del calendario di appuntamenti\u201d.<\/p>\r\n\r\n\r\n\r\n<p>Dal 13 al 15 giugno Loano celebrer\u00e0 \u201c<strong>Il ritorno dei Doria<\/strong>\u201d e la proclamazione della libera contea di Loano avvenuta nel 1575 durante la signoria dei conti Zenobia Del Carretto e Gianandrea Doria. La manifestazione \u00e8 stata organizzata dall&#8217;associazione Vecchia Loano. Oltre ad essere una rievocazione storica che vuole ricostruire con coerenza e sulla base di documenti originali quello che accade il 2 luglio 1575, data di insediamento dei principi Doria e del giuramento della comunit\u00e0 loanese, l&#8217;evento sar\u00e0 l&#8217;occasione per rievocare i fondatori del pi\u00f9 antico carnevale della Liguria, il CarnevaL\u00f6a, che si svolgeva alla fine del Cinquecento per il desiderio della famiglia Doria di vivere, assieme alla popolazione, gioiosi momenti di festa. Per questa ragione la Rievocazione \u00e8 inserita nel progetto del CarnevaL\u00f6a, che con i suoi variegati programmi si dispiega lungo l&#8217;intero arco dell&#8217;anno. Nelle giornate dal 13 al 15 giugno si assister\u00e0 quindi ad una imponente animazione del centro storico e del lungomare, con momenti di spettacolo a tema storico che coinvolgeranno turisti e residenti in un vero e proprio viaggio attraverso i secoli alla maniera dei sovrani del tardo Rinascimento. Sempre con uno sguardo al tema delle feste carnevalesche, le animazioni proposte prevedono spettacoli, esibizioni di musica folk medievale e rinascimentale, giocoleria e giullaria, magia e fachirismo, giochi e bancarelle di artigianato.<\/p>\r\n\r\n\r\n\r\n<figure class=\"wp-block-image size-large\"><a href=\"https:\/\/www.visitloano.it\/wp-content\/uploads\/2024\/06\/Festa-Doria-008.jpg\" rel=\"prettyPhoto[gallery-3BPD]\"><img decoding=\"async\" class=\"wp-image-21848 aligncenter\" src=\"https:\/\/www.visitloano.it\/wp-content\/uploads\/2024\/06\/Festa-Doria-008.jpg\" alt=\"\" \/><\/a><\/figure>\r\n\r\n\r\n\r\n<p>Il 21 giugno si terr\u00e0 l&#8217;edizione 2025 della \u201c<strong>Notte in Bianco<\/strong>\u201d, la lunga maratona di divertimento promossa dal Comune di Loano in collaborazione con Comitato Loanese e Fipe-Confcommercio. Come sempre, l&#8217;elemento portante della manifestazione saranno gli esercizi commerciali ed i locali, che resteranno aperti fino a tarda sera ed offriranno originali punti di degustazione e, per tutto il giorno, tante occasioni di shopping grazie al \u201cdesbarassu\u201d. Grande protagonista sar\u00e0 la musica, con moltissimi concerti ed esibizioni di cover band, gruppi rock e jazz in diversi punti della citt\u00e0. Alle 21.30 prender\u00e0 il via il grande concerto gratuito che costituisce il momento clou della Notte Bianca. Il 20 giugno dalle 19 in via Dante \u201cAspettando la Notte Bianca\u201d con animazione e divertimento per tutti.<\/p>\r\n\r\n\r\n\r\n<figure class=\"wp-block-image size-large\"><a href=\"https:\/\/www.visitloano.it\/wp-content\/uploads\/2024\/06\/Notte-Bianca-2024.jpg\" rel=\"prettyPhoto[gallery-3BPD]\"><img decoding=\"async\" class=\"wp-image-21842\" src=\"https:\/\/www.visitloano.it\/wp-content\/uploads\/2024\/06\/Notte-Bianca-2024.jpg\" alt=\"\" \/><\/a><\/figure>\r\n\r\n\r\n\r\n<p>Il 5 e 6 aprile il PalaGarassini ospiter\u00e0 le selezioni di danza e canto del <strong>Festival Internazionale Live di Loano <\/strong>(pi\u00f9 semplicemente Fil), la manifestazione di solidale\/spettacolare a cura dell&#8217;associazione musicale Controfase che quest&#8217;anno raccoglier\u00e0 fondi a favore di Bastapoco Onlus e Asd Basket Loano Garassini. I giovani artisti che supereranno le selezioni si esibiranno poi il 12 luglio in piazza Italia per il \u201cGran Gal\u00e0\u201d del Festival. Dal 31 maggio al 2 giugno torna il \u201cLoano Street Show-Loano impazza per gli artisti in piazza\u201d, rassegna di artisti di strada promossa da Centro Culturale Polivalente e Fipe\/Confcommercio con la collaborazione del Comune di Loano. Per due giorni la citt\u00e0 sar\u00e0 teatro di performance itineranti, gags, acrobazie aeree, giocolerie musicali, laboratori di circo e giocoleria e molto altro.<\/p>\r\n\r\n\r\n\r\n<p>Come ogni primavera, torna \u201c<strong>Il maggio dei libri<\/strong>\u201d. Il 16 maggio nella sala consigliare di Palazzo Doria Francesco Centorame legger\u00e0 \u201cLe citt\u00e0 invisibili\u201d di Italo Calvino. Dal 23 al 25 maggio l&#8217;iniziativa si allargher\u00e0 all&#8217;intera citt\u00e0 nell&#8217;ambito di \u201cLOA Legge in Ogni Angolo\u201d, la manifestazione interamente dedicata alla lettura con presentazioni di libri, letture ad alta voce, animazione, poesia, performance organizzata dall&#8217;associazione #cosavuoichetilegga in collaborazione con le associazioni aderenti al Patto per la lettura nell&#8217;ambito del progetto ministeriale \u201cGiovani in biblioteca\/Riprendiamoci il futuro Loano\u201d. Dal 27 al 29 giugno sul lungomare si tiene la terza edizione della \u201c<strong>Fiera del libro<\/strong>\u201d promossa da Pro Loco Loano. Infine, fino a giugno torneranno gli appuntamenti mensili con il \u201c<strong>Club del libro<\/strong>\u201d.<\/p>\r\n\r\n\r\n\r\n<p>Sul fronte della <strong>cultura<\/strong>, sempre nell\u2019ambito del progetto \u201cGiovani in Biblioteca\u201d finanziato dalla presidenza del Consiglio dei Ministri e che si avvia alla conclusione con la primavera, il 4 aprile presso la biblioteca civica \u201cAntonio Arecco\u201d di Palazzo Kursaal nuovo appuntamento con \u201cTalk Ambiente\u201d promosso da Yepp Loano e Aps #cosavuoichetilegga: Alessa Canducci \u00e8 autrice e protagonista dello spettacolo \u201cStardust: polvere di stelle\u201d con musiche eseguite dal vivo da Federico Squassabia. Il 6 aprile sempre in biblioteca conferenza su \u201cItalo Calvino e le donne della Resistenza imperiese\u201d a cura di Anpi Loano. Il 12 aprile in biblioteca Unitre Loano propone una conferenza dedicata al benessere. Dal 23 aprile al 9 maggio nella Sala del Mosaico di Palazzo Doria \u00e8 visitabile la mostra fotografica \u201cBarbiana: il silenzio diventa voce\u201d a cura di Anpi Loano.<\/p>\r\n\r\n\r\n\r\n<p>Tanti, come sempre, gli appuntamenti dedicati alla <strong>musica<\/strong>. Il 13 giugno all&#8217;oratorio delle Cappe Turchine concerto della Corale di San Francesco di Alassio diretta dal maestro Giorgio Piovano. Il 15 e il 29 giugno nel ridotto del Giardino del Principe doppio appuntamento con \u201cI concerti del Principe\u201d a cura dell&#8217;Associazione Musicale Santa Maria Immacolata. In occasione della festa patronale di San Giovanni Battista, il 23 giugno in piazza Italia concerto dell&#8217;Associazione Musicale Santa Maria Immacolata. Il 25 giugno sempre nella piazza del municipio concerto della Fanfara degli Alpini \u201cMonte Beigua\u201d di Savona a cura della confraternita delle Cappe Turchine. Il 27 giugno all&#8217;oratorio di Nostra Signora del Santissimo Rosario concerto di chitarra classica col maestro Riccardo Pampararo. Anche in primavera proseguiranno le serate di \u201cguida all&#8217;ascolto\u201d promosse dall&#8217;Associazione Musicale Loanese. Attraverso diapositive, filmati, registrazioni storiche e curiosit\u00e0 i partecipanti saranno guidati alla scoperta dei pi\u00f9 grandi capolavori della musica classica e non solo.<\/p>\r\n\r\n\r\n\r\n<p>In primavera tre appuntamenti saranno dedicati alle <strong>auto d&#8217;epoca<\/strong>. Il 12 aprile a Marina di Loano faranno tappa i bolidi che partecipano alla XVI Rievocazione Storica della Coppa Milano-Sanremo, da sempre un&#8217;occasione indimenticabile di intrattenimento dal fascino unico ed esclusivo per equipaggi italiani e stranieri. L&#8217;11 maggio in piazza Italia si terr\u00e0 il raduno nazionale di Fiat 850 Spider Bertone promosso dall&#8217;omonimo club. Domenica 1 giugno si terr\u00e0 la terza edizione di <strong>Aperiscrolla<\/strong>, raduno aperto a tutti i possessori dei leggendari veicoli Piaggio. Il programma della giornata prevede alle 9.30 il ritrovo e la punzonatura dei mezzi presso il molo Marinai d&#8217;Italia a Borghetto; alle 10.30 partenza per il giro in direzione Marina di Loano; alle 11 aperitivo presso Shardana Wine Bar (offerto dallo stesso locale); alle 11.30 sfilata sul lungomare di Loano con destinazione piazza Italia per la benedizione dei mezzi; alle 12.30 pranzo in via Magenta in collaborazione con Vecchia Loano (al costo di 15 euro: parte del ricavato sar\u00e0 devoluta all&#8217;istituto Gaslini di Genova); alle 17 saluti finali. La giornata sar\u00e0 allietata dalla musica live dei Running Shadows e dei Blinders. La manifestazione \u00e8 organizzata dall&#8217;Azienda Agricola Aperiscrolla e da Vecchia Loano con il patrocinio dei Comuni di Loano e Borghetto Santo Spirito in collaborazione con Ape Club d&#8217;Italia e Vespa Club Pietra Ligure. In caso di maltempo il raduno sar\u00e0 rimandato a data da destinarsi.<\/p>\r\n\r\n\r\n\r\n<figure class=\"wp-block-image size-large\"><a href=\"https:\/\/www.visitloano.it\/wp-content\/uploads\/2025\/03\/Aperiscrolla-01.jpeg\" rel=\"prettyPhoto[gallery-3BPD]\"><img decoding=\"async\" class=\"wp-image-23314\" src=\"https:\/\/www.visitloano.it\/wp-content\/uploads\/2025\/03\/Aperiscrolla-01.jpeg\" alt=\"\" \/><\/a><\/figure>\r\n\r\n\r\n\r\n<p>Dal 25 al 27 aprile presso la Casetta dei Lavoratori del Mare, su Lungomare Garassini, si tiene la 18^ edizione della <strong>Festa della Torta Ligure<\/strong> e altre specialit\u00e0 del territorio, appuntamento dedicato ad uno dei piatti tipici della cucina locale ligure. L&#8217;iniziativa, organizzata dall&#8217;associazione Vecchia Loano, propone per tre giorni la degustazione di diverse versioni della torta ligure, presente con differenti ricette che esaltano i prodotti locali. Il 28 e 29 giugno torna \u201c<strong>Sapori di Liguria<\/strong>\u201d, la rassegna enogastronomica organizzata da Vecchia Loano. Sul lungomare si potr\u00e0 trovare una selezione di eccellenze liguri.<\/p>\r\n\r\n\r\n\r\n<p>Il 3 e 4 maggio sulla passeggiata a mare di Loano si terr\u00e0 una nuova edizione di <strong>TuttiArtigiani<\/strong>, rassegna dell&#8217;artigianato organizzata dall&#8217;associazione Vecchia Loano. Per due giorni decine di botteghe artigianali provenienti dalla Liguria e da tutto il nord Italia proporranno le loro lavorazioni in ferro, legno, vetro, cera, tessuto e non solo. La rassegna di artigianato si caratterizzer\u00e0 per la variet\u00e0 di oggetti e per l&#8217;allestimento di zone espositive nelle quali gli artigiani dimostreranno tutta la loro abilit\u00e0, realizzando in loco le proprie opere. Ogni seconda domenica del mese dalle 9 alle 19 sotto i portici di corso Europa e nei vicini giardini \u201cBestoso\u201d torner\u00e0 il <strong>Mercatino di Antichit\u00e0 e Collezionismo <\/strong>organizzato da E20 Free. Decine di espositori presenteranno una selezionata raccolta di mobili, argenti, quadri, tappeti e oggetti dal sapore antico e ricchi di fascino. Nei mesi di aprile e maggio, sempre ogni seconda domenica del mese dalle 9 alle 19, in piazza Rocca saranno allestite le bancarelle di \u201c<strong>Mestieri in piazza<\/strong>\u201d, il mercatino degli artigiani e degli artisti organizzato dall&#8217;associazione Artigianalmente. Artigiani professionisti ed artisti specializzati esporranno i frutti del loro ingegno e della loro abilit\u00e0. A partire dal mese di giugno e per tutta l&#8217;estate, fino a settembre, l&#8217;appuntamento con i maestri artigiani raddoppier\u00e0: ogni marted\u00ec dalle 17 alla mezzanotte in piazza Rocca e ogni venerd\u00ec dalle 17 alla mezzanotte in piazza Massena.<\/p>\r\n\r\n\r\n\r\n<p>Come ogni primavera risulta ricco anche il calendario di appuntamenti di <strong>sport<\/strong>, all\u2019insegna (come sempre) del marchio \u201cLoano Citt\u00e0 dello Sport\u201d. Il 19 aprile si terr\u00e0 la nona edizione di \u201cRunners for Autism\u201d, la manifestazione sportiva organizzata dall&#8217;Asd Runners For Autism presieduta da Nella Andronaco. Il programma della giornata prevede una corsa sportiva non competitiva sulla distanza di 8 chilometri ed una camminata \u201cautogestita\u201d di circa 3 chilometri. L&#8217;evento sportivo \u00e8 aperto a tutti, grandi e piccini. Dal 17 al 27 aprile al circolo del tennis sulla via Aurelia torneo di tennis Super Nex Gen Under 16 e Under 18 maschile e femminile a cura dell&#8217;Asd Zizzini. Il 18 e 19 aprile al PalaGarassini e al PalaGuzzetti si terr\u00e0 il Torneo Mini delle Palme organizzato dall&#8217;Asd Basket Loano Garassini e Ad Pallacanestro Loano: la competizione di minibasket interregionale (che vede la partecipazione di squadre da Lombardia, Piemonte e Liguria) nasce da un rapporto di amicizia e collaborazione tra il Basket Loano e la Vanoli Cremona di A1 ed \u00e8 rivolto ai bambini di categoria Aquilotti Big 2014\/2015. Dal 23 aprile al 4 maggio al circolo del tennis, torneo di terza categoria maschile e femminile. Dall&#8217;1 all&#8217;11 maggio sempre al circolo del tennis torneo di tennis open maschile e femminile. Il 3 e 4 maggio al PalaGarassini seconda prova del Campionato di Insieme Silver, valevole come gara regionale di ginnastica ritmica, a cura dell&#8217;Asd Arteginnastica. Dal 16 al 18 maggio si terr\u00e0 la terza edizione del Triathlon Sprint Loano, la manifestazione organizzata dall&#8217;Asd Doria Nuoto Loano dedicata a nuoto, bici e corsa che vedr\u00e0 la partecipazione di atleti normodotati, di paratriathlon e universitari provenienti da tutta Italia e dall&#8217;estero. Dal 21 maggio all&#8217;8 giugno tornei di tennis di quarta categoria maschile e femminile. Dal 22 al 24 maggio si terr\u00e0 la 16^ edizione del Trofeo dei Cral di Torino. Durante i giorni del Trofeo si svolgeranno tornei di bocce, calcio \u201ca 7\u201d, tennis e padel. Si contenderanno il trofeo atleti appartenenti ai Cral aziendali torinesi di societ\u00e0 assicurative, banche, aziende municipali, di telefonia e di altri settori. Dal 5 all&#8217;8 giugno al PalaGarassini torna il torneo nazionale \u201cRiviera delle Palme\u201d di ginnastica ritmica a cura di Asd Arteginnastica. Dal 6 all&#8217;8 giugno al PalaGarassini si tiene il 24^ Meeting di Nuoto Citt\u00e0 di Loano a cura di Doria Nuoto Loano con gare di Farfalla, Dorso, Rana, Libero, Misto. Il 28 giugno nello specchio d&#8217;acqua davanti a Marina di Loano c&#8217;\u00e8 \u201cFreedom to swim\u201d a cura di Doria Nuoto.<\/p>\r\n\r\n\r\n\r\n<figure class=\"wp-block-image size-large\"><a href=\"https:\/\/www.visitloano.it\/wp-content\/uploads\/2025\/02\/Loano-NSM-1.jpg\" rel=\"prettyPhoto[gallery-3BPD]\"><img decoding=\"async\" class=\"wp-image-23256\" src=\"https:\/\/www.visitloano.it\/wp-content\/uploads\/2025\/02\/Loano-NSM-1.jpg\" alt=\"\" \/><\/a><\/figure>\r\n\r\n\r\n\r\n<p>Per gli amanti della vita all&#8217;aria aperta, anche in primavera proseguiranno gli appuntamenti \u201c<strong>Loano non solo mare<\/strong>\u201d, il programma curato dalla sezione loanese del Cai. Le escursioni sono gratuite e praticabili da quanti abbiano un discreto allenamento alle camminate in montagna. L&#8217;obiettivo \u00e8 promuovere la pratica escursionistica come occasione di socializzazione, benessere personale, conoscenza e valorizzazione del territorio. Il 7 e 8 giugno si terr\u00e0 la 58^ edizione della tradizionale \u201c<strong>Festa del Fiore<\/strong>\u201d alla cima del Carmo organizzata dall&#8217;associazione \u201cAmici del Carmo\u201d.<\/p>\r\n\r\n\r\n\r\n<p>Il 10 e 11 maggio al bocciodromo di via Alba si tiene l&#8217;<strong>esposizione internazionale felina <\/strong>a cura della Federazione Italiana Associazioni Feline. Sar\u00e0 l\u2019occasione per ammirare tantissime razze di gatti: si tratta di un tipo di manifestazione che sicuramente sar\u00e0 molto apprezzata dalle famiglie con bambini.<\/p>\r\n\r\n\r\n\r\n<p>Il 14 giugno in Orto Maccagli nuovo appuntamento con \u201c<strong>Tuffati a donare<\/strong>\u201d, la giornata di promozione e informazione sulla donazione di sangue organizzata dall&#8217;Avis Comunale di Loano in collaborazione con l&#8217;Associazione Balneari Loanesi. Durante la mattinata sar\u00e0 presente una autoemoteca presso la quale chiunque potr\u00e0 effettuare una donazione di sangue in totale sicurezza.<\/p>\r\n\r\n\r\n\r\n<p>Il 15 maggio si terr\u00e0 la festa in onore di <strong>Sant&#8217;Isidoro<\/strong>, patrono degli agricoltori. Il 24 giugno c&#8217;\u00e8 la tradizionale processione per la festa patronale di <strong>San Giovanni Battista<\/strong>.<\/p>\r\n","protected":false},"excerpt":{"rendered":"<p>From Loano's International Live Festival to the Renaissance festival celebrating \u201cThe Return of the Dorias,\u201d from the International Feline Exposition to the Sprint Triathlon, from hikes to exhibitions to book events to gatherings...<\/p>","protected":false},"author":3,"featured_media":23308,"comment_status":"closed","ping_status":"closed","sticky":false,"template":"","format":"standard","meta":{"footnotes":""},"categories":[1],"tags":[],"class_list":{"0":"post-23304","1":"post","2":"type-post","3":"status-publish","4":"format-standard","5":"has-post-thumbnail","7":"category-news"},"_links":{"self":[{"href":"https:\/\/www.visitloano.it\/en\/wp-json\/wp\/v2\/posts\/23304","targetHints":{"allow":["GET"]}}],"collection":[{"href":"https:\/\/www.visitloano.it\/en\/wp-json\/wp\/v2\/posts"}],"about":[{"href":"https:\/\/www.visitloano.it\/en\/wp-json\/wp\/v2\/types\/post"}],"author":[{"embeddable":true,"href":"https:\/\/www.visitloano.it\/en\/wp-json\/wp\/v2\/users\/3"}],"replies":[{"embeddable":true,"href":"https:\/\/www.visitloano.it\/en\/wp-json\/wp\/v2\/comments?post=23304"}],"version-history":[{"count":3,"href":"https:\/\/www.visitloano.it\/en\/wp-json\/wp\/v2\/posts\/23304\/revisions"}],"predecessor-version":[{"id":24036,"href":"https:\/\/www.visitloano.it\/en\/wp-json\/wp\/v2\/posts\/23304\/revisions\/24036"}],"wp:featuredmedia":[{"embeddable":true,"href":"https:\/\/www.visitloano.it\/en\/wp-json\/"}],"wp:attachment":[{"href":"https:\/\/www.visitloano.it\/en\/wp-json\/wp\/v2\/media?parent=23304"}],"wp:term":[{"taxonomy":"category","embeddable":true,"href":"https:\/\/www.visitloano.it\/en\/wp-json\/wp\/v2\/categories?post=23304"},{"taxonomy":"post_tag","embeddable":true,"href":"https:\/\/www.visitloano.it\/en\/wp-json\/wp\/v2\/tags?post=23304"}],"curies":[{"name":"wp","href":"https:\/\/api.w.org\/{rel}","templated":true}]}}