{"id":21833,"date":"2024-06-14T13:00:00","date_gmt":"2024-06-14T11:00:00","guid":{"rendered":"https:\/\/www.visitloano.it\/?p=21833"},"modified":"2025-10-08T11:31:58","modified_gmt":"2025-10-08T09:31:58","slug":"the-white-night-the-renaissance-festival-the-concerts-of-bennato-and-ruggeri-culture-cabaret-festivals-and-sports-here-are-the-events-of-summer-in-loano","status":"publish","type":"post","link":"https:\/\/www.visitloano.it\/en\/21833\/news\/la-notte-bianca-la-festa-rinascimentale-i-concerti-di-bennato-e-ruggeri-la-cultura-il-cabaret-le-sagre-e-lo-sport-ecco-gli-eventi-di-estate-a-loano\/","title":{"rendered":"White Night, Renaissance festival, Bennato and Ruggeri concerts, culture, cabaret, festivals and sports: here are the events of \u201cSummer in Loano\u201d"},"content":{"rendered":"\r\n<p>Si intitola \u201c<strong>Estate a Loano<\/strong>\u201d l&#8217;ampio calendario di eventi che animer\u00e0 l&#8217;estate 2024 di Loano e che \u00e8 stato presentato a Palazzo Doria dal sindaco Luca Lettieri e dal vice sindaco delegato a turismo, cultura e sport Gianluigi Bocchio insieme ai rappresentanti delle associazioni cittadine. Eventi musicali e concerti, momenti culturali e serate di cabaret, appuntamenti golosi, sport, occasioni di shopping, proiezioni cinematografiche caratterizzeranno la prossima stagione estiva loanese e scandiranno i momenti di relax di residenti e turisti. Per scaricare il calendario completo clicca <a href=\"https:\/\/www.visitloano.it\/wp-content\/uploads\/2024\/07\/loano-estate-2024-castigamatti-web.pdf\" target=\"_blank\" rel=\"noreferrer noopener\">QUI<\/a>.<\/p>\r\n\r\n\r\n\r\n<p>\u201cAnche quest&#8217;anno il calendario degli eventi di Loano \u00e8 una garanzia \u2013 spiegano i<strong>l sindaco Luca Lettieri ed il vice sindaco con delega a turismo, cultura e sport Gianluigi Bocchio<\/strong> \u2013 Accanto ad eventi che ormai fanno parte della tradizione turistica della nostra citt\u00e0, ci sono manifestazioni che rappresentano assolute novit\u00e0 o ritorni dopo qualche anno di assenza. Grazie alla preziosa collaborazione delle realt\u00e0 della citt\u00e0, anche in questa stagione estiva siamo riusciti ad elaborare un calendario di eventi molto corposo e variegato, che sapr\u00e0 accontentare i gusti dei nostri concittadini ed ospiti con eventi e appuntamenti fino a fine settembre. Seguendo le indicazioni contenute nel Piano di sviluppo turistico, abbiamo dedicato particolare attenzione all&#8217;offerta legata al turismo family-friendly, al turismo sportivo e al turismo silver, con l&#8217;obiettivo di consolidare l&#8217;immagine di Loano quale destinazione adatta al turismo per famiglie, per &#8216;non pi\u00f9 giovani&#8217; e per appassionati di sport e outdoor. Vogliamo ringraziare gli uffici, le associazioni del territorio e le tante persone che, come sempre, hanno lavorato per permettere alla nostra citt\u00e0 di essere sempre attraente durante la stagione estiva\u201d.<\/p>\r\n\r\n\r\n\r\n<p>Dal 14 al 16 giugno Loano celebrer\u00e0 \u201c<strong>Il ritorno dei Doria<\/strong>\u201d e la proclamazione della libera contea di Loano avvenuta nel 1575 durante la signoria dei conti Zenobia Del Carretto e Gianandrea Doria. La manifestazione \u00e8 organizzata dall\u2019Associazione Vecchia Loano e patrocinata dal Comune di Loano con la consulenza del gruppo Le Gratie d\u2019Amore e la collaborazione dell\u2019agenzia Mway Communication &amp; Events. Oltre a essere una rievocazione storica che intende ricostruire con coerenza e sulla base di documenti originali ci\u00f2 che accadde il 2 luglio 1575, data di insediamento dei principi Doria e del giuramento della comunit\u00e0 loanese, l&#8217;evento sar\u00e0 un&#8217;occasione per animare il centro storico e il lungomare con spettacoli a tema storico. Turisti e residenti saranno coinvolti in un autentico viaggio attraverso i secoli, con un grande spettacolo in stile tardo rinascimentale che abbraccer\u00e0 tutto il centro citt\u00e0. L&#8217;animazione includer\u00e0 spettacoli di fuoco, esibizioni di musica folk medievale e rinascimentale, giocoleria e giullaria, magia e fachirismo, oltre a giochi e laboratori creativi per i bambini.<\/p>\r\n\r\n\r\n\r\n<figure class=\"wp-block-image size-large\"><a href=\"https:\/\/www.visitloano.it\/wp-content\/uploads\/2024\/06\/Festa-Doria-008.jpg\" rel=\"prettyPhoto[gallery-xLXL]\"><img decoding=\"async\" class=\"wp-image-21848\" src=\"https:\/\/www.visitloano.it\/wp-content\/uploads\/2024\/06\/Festa-Doria-008.jpg\" alt=\"\" \/><\/a><\/figure>\r\n\r\n\r\n\r\n<p>Sabato 22 giugno torner\u00e0 la \u201c<strong>Notte Bianca<\/strong>\u201d, la lunga maratona di divertimento promossa dal Comune di Loano in collaborazione con Fipe-Confcommercio e Centro Culturale Polivalente. Come sempre, l&#8217;elemento portante della manifestazione saranno gli esercizi commerciali ed i locali, che resteranno aperti fino a tarda sera e offriranno, dalle 18, originali punti di degustazione. Grande protagonista sar\u00e0 la musica, con circa una ventina di concerti ed esibizioni in diversi punti della citt\u00e0 a partire dalle 21. Sulla passeggiata troveranno spazio gli stand degli artigiani e degli artisti, che fino a sera esporranno i frutti della loro abilit\u00e0. Alle 21.30 prender\u00e0 il via il grande appuntamento musicale gratuito che costituisce il momento clou della Notte Bianca. Ad esibirsi quest&#8217;anno sul palco di piazza Italia sar\u00e0 una grande interprete della musica italiana: <strong>Giusy Ferreri<\/strong>.<\/p>\r\n\r\n\r\n\r\n<figure class=\"wp-block-image size-large\"><a href=\"https:\/\/www.visitloano.it\/wp-content\/uploads\/2024\/06\/2024-gen-Giusy-Ferreri-19-scaled.jpg\" rel=\"prettyPhoto[gallery-xLXL]\"><img decoding=\"async\" class=\"wp-image-21845\" src=\"https:\/\/www.visitloano.it\/wp-content\/uploads\/2024\/06\/2024-gen-Giusy-Ferreri-19.jpg\" alt=\"\" \/><\/a><\/figure>\r\n\r\n\r\n\r\n<p>Il 10 agosto torna a Loano <strong>Edoardo Bennato<\/strong>, il cantastorie che da quarant&#8217;anni immortala con le sue canzoni il mondo odierno, fatto di buoni e cattivi; sbeffeggiando i potenti, inneggiando alla forza umana della persone comuni, senza mai dimenticare il pi\u00f9 classico tra i sentimenti ispiratori di ogni artista: l&#8217;amore. Bennato torna ad esibirsi live a Loano con un concerto ad alto contenuto rock&amp;blues proponendo i suoi brani pi\u00f9 celebri e una selezione di nuove canzoni tratte dall&#8217;ultimo album \u201cNon c&#8217;\u00e8\u201d. Il grande rocker salir\u00e0 sul palco allestito in piazza Italia e sar\u00e0 protagonista di due ore di musica, video coinvolgenti e l&#8217;interazione con il pubblico, per un evento da vivere dall&#8217;inizio alla fine. Un&#8217;esperienza emozionale con i brani e le melodie che sono entrati a far parte del nostro immaginario collettivo a cui sar\u00e0 difficile resistere; per ritrovare, attraverso il potere della musica, vibrazioni ed emozioni che fanno bene all&#8217;anima. Ad affiancarlo sul palco ci sar\u00e0 la BeBand, la formazione storica che lo segue ormai da anni. L&#8217;evento \u00e8 stato organizzato collaborazione con Dimensione Eventi, biglietti disponibili su TicketOne.<\/p>\r\n\r\n\r\n\r\n<figure class=\"wp-block-image size-large\"><a href=\"https:\/\/www.visitloano.it\/wp-content\/uploads\/2024\/06\/Edoardo-Bennato-Foto-di-Daniele-Barraco-scaled.jpg\" rel=\"prettyPhoto[gallery-xLXL]\"><img decoding=\"async\" class=\"wp-image-21846\" src=\"https:\/\/www.visitloano.it\/wp-content\/uploads\/2024\/06\/Edoardo-Bennato-Foto-di-Daniele-Barraco.jpg\" alt=\"\" \/><\/a><\/figure>\r\n\r\n\r\n\r\n<p>Il 20 agosto, invece, in piazza Italia si esibir\u00e0 un altro gigante della musica italiana: <strong>Enrico Ruggeri<\/strong>. Il concerto di Ruggeri arriva dopo il suo programma televisivo \u201cGli Occhi Musicista\u201d, l&#8217;uscita del suo nuovo libro \u201c40 Vite senza fermarmi mai\u201d e un tour estivo gi\u00e0 avviato. La band \u00e8 formata dall&#8217;immancabile Francesco Luppi alle tastiere, dalla micidiale coppia\/italo inglese di chitarristi Johnny Gimpel e Sergio Aschieris, da Paola Zadra al basso e dal mitico Phil Mer alla batteria. Il concerto \u00e8 gratuito.<\/p>\r\n\r\n\r\n\r\n<figure class=\"wp-block-image size-large\"><a href=\"https:\/\/www.visitloano.it\/wp-content\/uploads\/2024\/06\/Enrico-Ruggeri.png\" rel=\"prettyPhoto[gallery-xLXL]\"><img decoding=\"async\" class=\"wp-image-21840\" src=\"https:\/\/www.visitloano.it\/wp-content\/uploads\/2024\/06\/Enrico-Ruggeri.png\" alt=\"\" \/><\/a><\/figure>\r\n\r\n\r\n\r\n<p>Domenica 2 luglio si terr\u00e0 la tradizionale processione della <strong>Madonna della Visitazione<\/strong>, protettrice dei pescatori e dei naviganti loanesi. Le celebrazioni vedranno la partecipazione di confraternite provenienti da tutta la Liguria. La celebrazione sar\u00e0 preceduta da diversi eventi \u201cdi avvicinamento\u201d. Il 23 giugno alle 21.45 in piazza Italia concerto del Complesso Bandistico Santa Maria Immacolata; il 27 giugno alle 21.45 nell&#8217;oratorio delle Cappe Turchine concerto musicale; il 30 giugno sfilata ed esibizione (in piazza Italia) della Fanfara dei Bersaglieri di Melzo. Il 1^ luglio ancora in oratorio concerto per chitarra classica con Riccardo Pampararo.<\/p>\r\n\r\n\r\n\r\n<figure class=\"wp-block-image size-large\"><a href=\"https:\/\/www.visitloano.it\/wp-content\/uploads\/2024\/06\/Madonna-Visitazione.jpg\" rel=\"prettyPhoto[gallery-xLXL]\"><img decoding=\"async\" class=\"wp-image-21841\" style=\"width: 100%;\" src=\"https:\/\/www.visitloano.it\/wp-content\/uploads\/2024\/06\/Madonna-Visitazione.jpg\" alt=\"\" \/><\/a><\/figure>\r\n\r\n\r\n\r\n<p>Il 22 e 23 giugno in <strong>Marina di Loano<\/strong> si terr\u00e0 il \u201cSummer Trail\u201d, un esclusivo weekend all&#8217;insegna delle emozioni e dell&#8217;adrenalina. Promosso dagli stessi organizzatori della Coppa Milano-Sanremo Storica, di cui ogni anno Marina di Loano \u00e8 partner e tappa fissa, la manifestazione consentir\u00e0 a tutti i partecipanti di rivivere parte dei leggendari percorsi della Coppa Milano-Sanremo e mettersi al volante delle nuove ed esclusive Morgan Plus Four e Super 3 gentilmente messe a disposizione dell&#8217;organizzazione, unitamente alla nuova Mini Moke, dal partner Romeo Ferraris. I partecipanti potranno cimentarsi in test-drive su straordinarie vetture con l\u2019assistenza di istruttori qualificati; i tracciati richiamano alla memoria le storiche tappe della Coppa Milano-Sanremo. In pi\u00f9, ecco il \u201cSea Trial\u201d che offre l&#8217;opportunit\u00e0 di fare un&#8217;uscita in mare a bordo di un elegante maxi-rib della gamma Pirelli Speedboats. Insomma, due giorni che uniscono la passione per le auto d\u2019epoca e moderne con la bellezza dell\u2019incantevole scenario della Marina di Loano. Dal 9 al 12 luglio a Loano far\u00e0 tappa \u201c<strong>CUBO LIVE &#8211; luoghi, idee, voci, eventi<\/strong>\u201d, la rassegna itinerante di spettacoli dal vivo promossa da CUBO, il museo d\u2019impresa del Gruppo Unipol. La musica in tutte le sue forme sar\u00e0 la protagonista e allieter\u00e0 le serate estive con spettacoli pensati per pubblici differenti come gusti e come et\u00e0, in modo da raggiungere un pubblico di persone il pi\u00f9 ampio possibile. Le quattro date si svolgeranno in Marina di Loano e piazza Italia. Il 9 luglio si esibir\u00e0 il <strong>Kart Rosenwinkel Quartet<\/strong>: i quattro musicisti, dopo aver ripetutamente suonato alla fine degli anni &#8217;90 allo Small Jazz Club di New York realizzando il disco \u201cThe Next Step\u201d (Verve, 2001), si incrociano nuovamente, dopo pi\u00f9 di vent&#8217;anni, per questo nuovo atteso tour celebrativo; il 10 luglio <strong>Paola Turci e Gino Castaldo<\/strong> racconteranno \u201cIl tempo dei giganti\u201d, cio\u00e8 il triennio magico della musica italiana (gli anni tra il 1979 e il 1981 di Lucio Dalla, Pino Daniele, Fabrizio De Andr\u00e9, Vasco Rossi, Franco Battiato, Rino Gaetano, Lucio Battisti e tanti altri) come mai prima d&#8217;ora; l&#8217;11 luglio la rassegna si sposta in piazza Italia per ospitare il concerto di <strong>Motta<\/strong> e dei musicisti che lo accompagnano nel suo tour estivo; si chiude il 12 luglio con il concerto all&#8217;alba di <strong>Pasquale Mirra e Gianluca Petrella<\/strong>, in un panorama d&#8217;eccezione, tra musica e brezza marina direttamente in porto. La musica sar\u00e0 ancora protagonista a Marina di Loano con i concerti gratuiti di <strong>tribute band di Raffaella Carr\u00e0<\/strong> il 30 agosto e<strong> dei Queen<\/strong> il 7 settembre. Quest&#8217;anno Marina di Loano ospiter\u00e0 anche una serie di <strong>proiezioni cinematografiche<\/strong> delle pi\u00f9 interessanti pellicole dell&#8217;ultimo periodo: il pontile dello Yacht Club diventer\u00e0 una vera e propria sala cinema dove si potr\u00e0 assistere il 5 luglio a \u201cC&#8217;\u00e8 ancora domani\u201d, il 17 luglio a \u201cBarbie\u201d, il 31 luglio a \u201cFrida\u201d, il 5 agosto a \u201cIl servo ungherese\u201d di Giorgio Molteni, che interverr\u00e0 prima della proiezione presentando la sua opera, il 7 agosto a \u201cLa Sirenetta\u201d. Tutte le proiezioni sono a pagamento (contributo di 2 euro a persona) e tutto il ricavato sar\u00e0 devoluto in beneficenza. Ci sar\u00e0 spazio anche le risate con lo spettacolo gratuito di cabaret di <strong>Ubaldo Pantani<\/strong> il 25 luglio.<\/p>\r\n\r\n\r\n<a href=\"https:\/\/www.visitloano.it\/wp-content\/uploads\/2024\/06\/Marina-di-Loano-Serate.jpg\" rel=\"prettyPhoto[gallery-xLXL]\"><img decoding=\"async\" class=\"wp-image-21852\" src=\"https:\/\/www.visitloano.it\/wp-content\/uploads\/2024\/06\/Marina-di-Loano-Serate.jpg\" style=\"width:100%\" alt=\"\" \/><\/a>\r\n\r\n\r\n<p>Dal 24 al 26 luglio 2024 il cuore della citt\u00e0 di Loano sar\u00e0 il palcoscenico del <strong>Premio Nazionale Citt\u00e0 di Loano per la Musica Tradizionale Italiana<\/strong> organizzato dalla Compagnia dei Curiosi APS con il sostegno del Comune di Loano e della Fondazione A. De Mari e il patrocinio di ANCI. L\u2019edizione del ventennale, dal titolo \u201cVenti di folk\u201d, rappresenta un traguardo importante per il Premio, che sar\u00e0 celebrato all\u2019insegna della grande musica folk italiana. A dare il via ai festeggiamenti il 24 luglio sar\u00e0 la Notte Folk che animer\u00e0 le vie e piazze del centro con concerti e musica da ballo folk. La seconda serata (25 luglio) vedr\u00e0 sul palco in Piazza Italia i vincitori di questa edizione Peppe Voltarelli (Premio Miglior Album 2023) e Hiram Salsano (Premio Giovane). Il festival dedicher\u00e0, infine, una serata (26 luglio) alla ricorrenza dei 70 anni dal viaggio in Italia dell\u2019etnomusicologo Alan Lomax con una produzione originale che ripercorre l\u2019incredibile best of della tradizione musicale italiana compilato dallo studioso americano. Sul palco, alcuni dei protagonisti dei due decenni del Premio saranno chiamati a testimoniare attraverso la propria musica il retaggio di quella fondamentale ricerca. \u201cSar\u00e0 un\u2019edizione speciale \u2013 spiega il direttore artistico Jacopo Tomatis \u2013 Sar\u00e0 l\u2019occasione per festeggiare un traguardo non scontato di questi tempi (quello dei vent\u2019anni del Premio) ma anche per fare il punto su due decenni di attivit\u00e0 e per riflettere sui confini e sul senso di una &#8216;musica tradizionale&#8217; nel mondo del 2024\u201d.<\/p>\r\n\r\n\r\n\r\n<figure class=\"wp-block-image size-large\"><a href=\"https:\/\/www.visitloano.it\/wp-content\/uploads\/2024\/06\/Peppe-Voltarelli-Photo-%C2%A9-Francesca-Magnani-2.jpg\" rel=\"prettyPhoto[gallery-xLXL]\"><img decoding=\"async\" class=\"wp-image-21844\" src=\"https:\/\/www.visitloano.it\/wp-content\/uploads\/2024\/06\/Peppe-Voltarelli-Photo-%C2%A9-Francesca-Magnani-2.jpg\" alt=\"\" \/><\/a>\r\n<figcaption class=\"wp-element-caption\">Peppe Voltarelli [\u00a9 Francesca Magnani]<\/figcaption>\r\n<\/figure>\r\n<p>&nbsp;<\/p>\r\n\r\n\r\n\r\n<p>Sabato 27 luglio torna il \u201c<strong>Carneval\u00f6a Summer Edition<\/strong>\u201d. A partire dalle 21 su corso Roma torneranno a sfilare i carri allegorici realizzati dai volontari di Vecchia Loano e non solo. La sfilata sar\u00e0 accompagnata da musica, balli, coriandoli e gruppi in maschera. Ed \u00e8 sempre Vecchia Loano ad organizzare la \u201cFesta delle Bas\u00fce\u201d. Il 12 e 13 agosto centinaia di figuranti faranno rivivere l&#8217;epoca della caccia alle streghe che per alcuni secoli ha imperversato in Europa, con la persecuzione di donne sospettate di compiere atti di magia quali sortilegi, malefici, fatture e legamenti. Alla sfilata in centro del 13 agosto seguir\u00e0 il tradizionale spettacolo pirotecnico.<\/p>\r\n\r\n\r\n\r\n<figure class=\"wp-block-image size-large\"><a href=\"https:\/\/www.visitloano.it\/wp-content\/uploads\/2024\/06\/Carnevale-Estivo-01.jpg\" rel=\"prettyPhoto[gallery-xLXL]\"><img decoding=\"async\" class=\"wp-image-21850\" src=\"https:\/\/www.visitloano.it\/wp-content\/uploads\/2024\/06\/Carnevale-Estivo-01.jpg\" alt=\"\" \/><\/a><\/figure>\r\n\r\n\r\n\r\n<p>Dopo il successo degli ultimi anni, torna anche quest&#8217;anno il <strong>cinema in spiaggia<\/strong> in collaborazione con il Consorzio Obittivo Spiagge: per sei serate di luglio e agosto presso i Bagni Lampara verranno proiettati i migliori film per bambini e famiglie. Ingresso libero fino ad esaurimento posti.<\/p>\r\n\r\n\r\n\r\n<p>Anche quest&#8217;anno piazza Italia sar\u00e0 il vero \u201ccuore spettacolare\u201d di Loano. Venerd\u00ec 5 luglio si svolger\u00e0 \u201c<strong>Improvvisamente tu\u2026<\/strong>\u201d, spettacolo di danza, canto e recitazione a cura dell&#8217;Asd Modern Jazz Dance. Il 6 luglio sempre in piazza Italia si terr\u00e0 il \u201c<strong>Gal\u00e0 di danza<\/strong>\u201d della Scuola Civica Attimo Danza in collaborazione con Vecchia Loano. Il 13 luglio si terr\u00e0 il <strong>\u201cGran Gal\u00e0 Live\u201d del Festival Internazionale di Loano<\/strong> con l&#8217;esibizione dei finalisti e la premiazione dei vincitori. Durante la serata i giovani talenti della danza e del canto si contenderanno la vittoria finale, regalando al pubblico uno spettacolo ricco di luci meravigliose e immagini emozionanti. Il 18 agosto torna \u201c<strong>Loano e la voce del mare<\/strong>\u201d, che si inserisce nell&#8217;ambito del progetto \u201cGiovani in biblioteca-Riprendiamoci il futuro\u201d, finanziato dalla presidenza del Consiglio dei Ministri e finalizzato a promuovere la lettura fra i giovani. Il progetto si ispira all&#8217;idea di una biblioteca che sia spazio d&#8217;aggregazione e incubatore di attivit\u00e0 multidisciplinari, capace di attrarre giovani di et\u00e0 diversa e con interessi diversi.<\/p>\r\n\r\n\r\n\r\n<p>Quest&#8217;estate ricco calendario di appuntamenti con il cabaret. Il 14, il 21 e il 28 agosto in piazza Italia c&#8217;\u00e8 la rassegna di \u201c<strong>Loano Comedy Festival<\/strong>\u201d, mentre il 24 agosto si rider\u00e0 con lo spettacolo di <strong>Claudio Lauretta <\/strong>promosso da Vecchia Loano.<\/p>\r\n\r\n\r\n\r\n<p>Sabato 3 agosto torner\u00e0 \u201c<strong>Universo in Rosa<\/strong>\u201d, la manifestazione dedicata al mondo femminile e a favore dello sportello d&#8217;ascolto \u201cArtemisia Gentileschi\u201d di Loano contro la violenza sulle donne. La manifestazione sar\u00e0 preceduta da una serie di eventi collaterali. Il 28 luglio dalle 9.30 si tiene \u201cStrong together\u201d, giro in bicicletta intorno alle mura storiche organizzato da Fiab Albenga. Il 29 luglio presso Palazzo Kursaal sessione di yoga mattutina a cura dell&#8217;Asd Stella Marina. Il 1^ agosto escursione de La Marca Aleramica con Flaviano Carpen\u00e8 tra cascine e rifugi ai piedi del Monte Carmo. Il 2 agosto ai Bagni Delfino serata di biodanza con Valeria Occelli di \u201cAbbi cura di te\u201d. Infine, il 3 agosto concerto di musica classica all&#8217;alba sul Molo Kursaal e poi, in serata, concerto con il gruppo Ant-About That Night in piazza Italia. Domenica 4 agosto dalle 18.30 fitness-walking solidale in Marina di Loano e street food e musica in via Dante.<\/p>\r\n\r\n\r\n\r\n<p>Nell&#8217;estate di Loano non mancheranno gli <strong>appuntamenti letterari<\/strong>. Dal 28 al 30 giugno sul lungomare loanese si terr\u00e0 la seconda edizione della Fiera del Libro promossa da Pro Loco Loano. Inoltre, come ogni estate torner\u00e0 \u201cLOA Legge in Ogni Angolo Estate\u201d, l&#8217;iniziativa dedicata alla lettura organizzata dall&#8217;assessorato a turismo, cultura e sport del Comune di Loano con il finanziamento del \u201cCentro per il libro e la lettura\u201d e in collaborazione con l&#8217;Aps #cosavuoichetilegga, il Mondadori Bookstore di Loano e la Libreria del Conte di Loano. Nei mesi di luglio e agosto sono previsti atelier di comunit\u00e0 e letture ad alta voce per bambini e bambine e le loro famiglie a cura dell&#8217;Asps #cosavuoichetilegga? e Casa Cultural. Torneranno anche gli incontri (letterari, musicali e per bambini) di \u201cOrto letterario\u201d promossi dall&#8217;Associazione Centofiori Eventi in collaborazione con la Libreria del Conte ed i \u201cMarted\u00ec della Cultura\u201d organizzati in collaborazione con il Mondadori Bookstore. Tra gli altri, presenteranno i loro libri a Loano: Daniele La Corte, Davide Siri, Stefano Nazzi, Luca Bianchini, Marta Stella, Camilla Rocca, Daniele Bossari, Ilaria Gasparri, Massimo Polidoro, Federico Fubini, Gian Andrea Cerone, Carlo Panella, Sara Rattaro, Lorenza Gentile, Jacopo Iannuzzi, Riccardo Ferrari, Valeria Tron, Lorenza Gentile.<\/p>\r\n\r\n\r\n\r\n<p>Il 4 luglio Pro Loco Loano organizza in piazza Italia la \u201c<strong>Cena in bianco-Unconventional Dinner<\/strong>\u201d, format di cena \u201cin bianco\u201d e condivisa che non richiede presentazioni. Il 20 luglio, invece, in piazza Italia si tiene il raduno Porsche \u201cDalle Langhe agli yacht, meraviglie del nordovest\u201d con tour da Alba a Loano a cura di Asd Sport Cas Nordovest.<\/p>\r\n\r\n\r\n\r\n<p>Ogni seconda domenica del mese sotto i portici di corso Europa e nei vicini giardini \u201cBestoso\u201d torner\u00e0 il <strong>Mercatino di Antichit\u00e0 e Collezionismo<\/strong> organizzato da E20 Free. Decine di espositori presenteranno una selezionata raccolta di mobili, argenti, quadri, tappeti e oggetti dal sapore antico e ricchi di fascino. Ogni marted\u00ec e venerd\u00ec di luglio, agosto e settembre, dalle 17 alla mezzanotte rispettivamente in piazza Rocca e in piazza Massena, saranno allestite le bancarelle di \u201c<strong>Mestieri in piazza<\/strong>\u201d, il mercatino degli artigiani e degli artisti organizzato dall&#8217;associazione Artigianalmente. Artigiani professionisti ed artisti specializzati esporranno i frutti del loro ingegno e della loro abilit\u00e0. Il 24 agosto ecco il \u201c<strong>Desbarassu de Loa<\/strong>\u201d, il consueto appuntamento con gli ultimi buoni affari della stagione organizzato da Fipe\/Confcommercio. Sulla passeggiata a mare troveranno spazio i banchi delle attivit\u00e0 commerciali cittadini, che offriranno a turisti e loanesi la possibilit\u00e0 di curiosare tra moltissime occasioni e, cos\u00ec, di fare l\u2019affare dell\u2019ultimo minuto. Il 15 settembre torna la tradizionale <strong>Fiera di settembre<\/strong>.<\/p>\r\n\r\n\r\n\r\n<figure class=\"wp-block-image size-large\"><a href=\"https:\/\/www.visitloano.it\/wp-content\/uploads\/2023\/08\/Fiera-Loano.jpg\" rel=\"prettyPhoto[gallery-xLXL]\"><img decoding=\"async\" class=\"wp-image-20215\" src=\"https:\/\/www.visitloano.it\/wp-content\/uploads\/2023\/08\/Fiera-Loano.jpg\" alt=\"\" \/><\/a><\/figure>\r\n\r\n\r\n\r\n<p>Per gli amanti della vita all&#8217;aria aperta, anche d&#8217;estate proseguiranno gli appuntamenti \u201c<strong>Loano non solo mare<\/strong>\u201d, il programma curato dalla sezione loanese del Cai. Le escursioni sono gratuite e praticabili da quanti abbiano un discreto allenamento alle camminate in montagna. L&#8217;obiettivo \u00e8 promuovere la pratica escursionistica come occasione di socializzazione, benessere personale, conoscenza e valorizzazione del territorio. Sempre per gli appassionati di camminate, domenica 14 luglio si terr\u00e0 un&#8217;escursione a San Damiano organizzata da Pro Loco Loano nell&#8217;ambito della \u201c<strong>Festa Nazionale delle Pro Loco<\/strong>\u201d. Il 29 settembre alla baita sul Monte Carmo c&#8217;\u00e8 la prima \u201c<strong>Festa dell&#8217;Alta Via<\/strong>\u201d a cura degli Amici del Carmo.<\/p>\r\n\r\n\r\n\r\n<p>Il 29 giugno in piazza Italia \u00e8 previsto un evento di animazione a cura dell&#8217;Asd Basket Loano Garassini, che dal 29 giugno al 5 luglio ha organizzato al PalaGarassini, al PalaGuzzetti e alla palestra delle scuole di corso Europa un campo estivo di basket. Dal 5 al 7 luglio il circolo del tennis di Loano gestito dall&#8217;Asd Tennis e Sport Educativo Zizzini ospiter\u00e0 la finale dell&#8217;edizione 2024 dell&#8217;European Summer Cup Under 14 femminile per tenniste dai 14 anni in gi\u00f9. Dal 16 al 28 luglio sempre al circolo del tennis si terr\u00e0 un Torneo Open singolare maschile e femminile. Il 20 luglio in Orto Maccagli \u201cKung fu sotto le stelle\u201d, serata di arti maziali e danze orientali organizzata dall&#8217;Asd Centro Arti Marziali. Il 31 luglio presso i moletti in zona Bfly c&#8217;\u00e8 un \u201cAperiyoga\u201d a cura dell&#8217;Asd Stella Marina. Dal 7 al 15 agosto nuovo appuntamento con il tennis e il classico \u201cGiallone di Ferragosto\u201d per coppie amatoriali. Dal 16 al 28 agosto nuovo Torneo Open di tennis singolare maschile e femminile. Sabato 17 agosto si terr\u00e0 la dodicesima edizione della gara podistica \u201cMarina Classic\u201d promossa dall&#8217;Asd RunRivieraRun. Il 22 agosto si terr\u00e0 la nona edizione della Run San Pio. Dal 23 agosto al 1^ settembre torneo di tennis giovanile under 12, under 14 e under 16 maschile e femminile. Dal 31 agosto al 6 settembre al PalaGarassini si terr\u00e0 la nona edizione di \u201cLoano in danza Summer Edition\u201d, la manifestazione dell&#8217;Asd Promozione Danza Liguria che nasce per offrire agli stagisti partecipanti e agli allievi del comprensorio la possibilit\u00e0 di seguire un percorso di studio della danza con docenti dai curricula comprovati.<\/p>\r\n\r\n\r\n\r\n<p>Non mancheranno gli appuntamenti appositamente studiati per gli amanti della <strong>musica<\/strong>. Come i concerti che si terranno nell&#8217;oratorio di Nostra Signora del Rosario e organizzati dalla confraternita delle Cappe Turchine nell&#8217;ambito del \u201cSettembre musicale dei Turchini\u201d: il cartellone prevede un concerto del Coro \u201cDon Nicol\u00f2 Parodi\u201d di Pietra Ligure; un concerto del maestro Silvano Rodi, organista titolare della chiesa di Santa Devota a Monaco, e Sofia Borella alle percussioni; un concerto del maestro Tiziana Zunino (in collaborazione con Vallinmusica); un concerto del maestro Giorgio Piovano, organista della chiesa dei Cappuccini di Alassio. Quest&#8217;estate torneranno, come sempre, i \u201cConcerti del Principe\u201d e gli altri appuntamenti promossi dall&#8217;Associazione Musicale Santa Maria Immacolata ed anche i concerti del gruppo musicale \u201cU Gunbu de Loa-Verzi\u201d in Orto Maccagli (il 5 luglio, il 22 agosto e il 13 settembre) o del Coro Polifonico Citt\u00e0 di Loano. Il 12 luglio in piazza Rocca appuntamento con i balli e i canti folk occitani dell&#8217;associazione \u201cBala in riva a u ma\u201d. Il 16 e 17 luglio e poi ancora il 19 luglio in Orto Maccagli si terranno le \u201cVocal Care Summer Nights\u201d, rassegna con performance dal vivo del seminario \u201cVocal Care\u201d di Danila Satragno. Il 18 e 19 luglio la biblioteca civica ospiter\u00e0 il campus musicale estivo di Accademia Ambrosiana. L&#8217;8 agosto in piazza Italia serata di revival anni &#8217;80 con \u201c80 voglia di Loano\u201d. Il 16 agosto sempre in piazza Italia i \u201cProgetto Festival\u201d riproporranno i pi\u00f9 grandi successi di Sanremo. Il 23 agosto in piazza Italia concerto degli \u201cStavolta mia moglie mi manda a funk\u201d a cura di Vecchia Loano. Il 27 agosto sempre in piazza Italia serata dedicata ai balli con l&#8217;Orchestra Bagutti.<\/p>\r\n\r\n\r\n\r\n<p>Per i pi\u00f9 golosi, non mancheranno gli <strong>appuntamenti enogastronomici<\/strong>. Il 29 e 30 giugno si terr\u00e0 l&#8217;edizione 2024 di \u201cSapori di Liguria\u201d, rassegna enogastronomica organizzata dall&#8217;associazione Vecchia Loano. Sul lungomare di Loano si potr\u00e0 trovare una selezione di eccellenze liguri quali olio, olive, formaggi, salumi, pomodori, ortaggi, piante aromatiche, basilico, miele, aglio, prodotti sott&#8217;olio, focaccia ligure, vino e dolci tipici. Gli stand resteranno aperti dalle 9 alle 23. Grande spazio alle sagre, come la tradizionale \u201cMuscolata d&#8217;estate\u201d il 19 e 20 luglio, la \u201cSagra della Solidariet\u00e0\u201d a favore del Banco di Solidariet\u00e0 e della la scuola calcio dell&#8217;Asd San Francesco il 4 e 5 luglio, la \u201cSagra della Trenetta\u201d dal 31 luglio al 2 agosto, la sagra \u201cQuellu cu passa u cunventu\u201d dal 28 al 30 agosto. E ancora, tra gli appuntamenti tradizionali la \u201cSagra di San Pio X\u201d e relativa gara podistica, la \u201cSagra dell&#8217;Otto\u201d e la \u201cSagra di Santa Libera\u201d a Verzi. Infine, dal 5 all&#8217;8 settembre si terr\u00e0 la prima edizione del \u201cWine&amp;Food Italian Tasting\u201d dedicato alle eccellenze enogastronomiche italiane (a cura di Fipe\/Confcommercio).<\/p>\r\n\r\n\r\n\r\n<p>Nell&#8217;estate loanese non mancheranno gli appuntamenti a scopo <strong>sociale<\/strong>. Il 27 giugno ai Bagni Lampara e il 27 luglio ai Bagni Delfino torna \u201cGalleggiando e Bolleggiando\u201d con raccolta fondi per l&#8217;implementazione del progetto Efesto. Il 20 luglio su lungomare appuntamento con \u201cTuffati a donare\u201d, la raccolta straordinaria di sangue su autoemoteca mobile a cura di Avis provinciale e Avis Loano. Il 20 e 21 luglio a Marina di Loano c&#8217;\u00e8 \u201cDiversamente vela\u201d, concorso artistico per artisti diversamente abili e normodotati a cura di Fondazione Ghirardi. Il 7 settembre in Marina di Loano torna \u201cUna vela per la donna\u201d, il progetto che offre alle donne vittime di violenza, in contatto con i centri antiviolenza e le case protette, la possibilit\u00e0 di trascorrere una giornata velica in modo gratuito e riservato per poter vivere un momento di benessere e svago.<\/p>\r\n\r\n\r\n\r\n<p>L&#8217;estate loanese \u00e8 sempre caratterizzata dalla celebrazione di <strong>tradizioni e culti locali<\/strong>. Come la festa patronale di San Giovanni Battista il 24 giugno, la festa del Santissimo Nome di Maria a cura dei Disciplinanti Bianchi dal 3 al 12 settembre, la Nativit\u00e0 di Maria Vergine, patrona di Verzi, l&#8217;8 settembre e la festa di Santa Libera a Verzi il 15 settembre.<\/p>\r\n\r\n\r\n","protected":false},"excerpt":{"rendered":"<p>Entitled \u201cSummer at Loano,\u201d the extensive calendar of events that will enliven Loano's Summer 2024 was presented at Palazzo Doria by Mayor Luca Lettieri and Deputy...<\/p>","protected":false},"author":3,"featured_media":1936,"comment_status":"closed","ping_status":"closed","sticky":false,"template":"","format":"standard","meta":{"footnotes":""},"categories":[1],"tags":[],"class_list":{"0":"post-21833","1":"post","2":"type-post","3":"status-publish","4":"format-standard","5":"has-post-thumbnail","7":"category-news"},"_links":{"self":[{"href":"https:\/\/www.visitloano.it\/en\/wp-json\/wp\/v2\/posts\/21833","targetHints":{"allow":["GET"]}}],"collection":[{"href":"https:\/\/www.visitloano.it\/en\/wp-json\/wp\/v2\/posts"}],"about":[{"href":"https:\/\/www.visitloano.it\/en\/wp-json\/wp\/v2\/types\/post"}],"author":[{"embeddable":true,"href":"https:\/\/www.visitloano.it\/en\/wp-json\/wp\/v2\/users\/3"}],"replies":[{"embeddable":true,"href":"https:\/\/www.visitloano.it\/en\/wp-json\/wp\/v2\/comments?post=21833"}],"version-history":[{"count":5,"href":"https:\/\/www.visitloano.it\/en\/wp-json\/wp\/v2\/posts\/21833\/revisions"}],"predecessor-version":[{"id":24045,"href":"https:\/\/www.visitloano.it\/en\/wp-json\/wp\/v2\/posts\/21833\/revisions\/24045"}],"wp:featuredmedia":[{"embeddable":true,"href":"https:\/\/www.visitloano.it\/en\/wp-json\/wp\/v2\/media\/1936"}],"wp:attachment":[{"href":"https:\/\/www.visitloano.it\/en\/wp-json\/wp\/v2\/media?parent=21833"}],"wp:term":[{"taxonomy":"category","embeddable":true,"href":"https:\/\/www.visitloano.it\/en\/wp-json\/wp\/v2\/categories?post=21833"},{"taxonomy":"post_tag","embeddable":true,"href":"https:\/\/www.visitloano.it\/en\/wp-json\/wp\/v2\/tags?post=21833"}],"curies":[{"name":"wp","href":"https:\/\/api.w.org\/{rel}","templated":true}]}}