{"id":2123,"date":"2013-11-20T15:49:34","date_gmt":"2013-11-20T14:49:34","guid":{"rendered":"https:\/\/www.visitloano.it\/?p=1789"},"modified":"2013-11-20T15:49:34","modified_gmt":"2013-11-20T14:49:34","slug":"christmas-enchantments-2","status":"publish","type":"post","link":"https:\/\/www.visitloano.it\/en\/2123\/news\/incanti-natale-2\/","title":{"rendered":"{:en}Christmas Enchantments{:}"},"content":{"rendered":"<p>{:it}<\/p>\n<p style=\"text-align: left;\" align=\"center\"><b>Loano<\/b> rinnova l\u2019appuntamento con gli <b>\u201cIncanti di Natale\u201d, <\/b>calendario di eventi, promossi dall\u2019<b>Assessorato al Turismo, Cultura e Sport del Comune di Loano, <\/b>per le festivit\u00e0 natalizie.<\/p>\n<p>In programma ci saranno <b>concerti, presentazione di libri, mercatini di natale, iniziative per le famiglie, presepi, eventi sportivi. <\/b>Confermati anche il tradizionale <b>tuffo in mare invernale<\/b> e gli spettacolari <b>fuochi d\u2019artificio<\/b>.<\/p>\n<p>Lo speciale <b>\u201cVillaggio di Natale\u201d<\/b> con tanti<b> piccoli chalet<\/b> nel cuore della citt\u00e0, far\u00e0 vivere l\u2019atmosfera tipica dei mercatini dei paesi del Nord d\u2019Europa. Inoltre, il <b>29 dicembre <\/b>la citt\u00e0 vivr\u00e0 una speciale giornata di <b>Shopping, <\/b>organizzate dall\u2019<b>ASCOM, <\/b>accompagnata da musica e animazione. Infine, le danze popolari europee dei <b>\u201cRacconti d\u2019Inverno\u201d <\/b>saranno la colonna sonora di due feste in piazza, dove tra balli bretoni, pizziche pizziche, balli occitani e sevillanas si inizier\u00e0 a festeggiare l\u2019arrivo del nuovo anno.<\/p>\n<p><a href=\"https:\/\/www.visitloano.it\/wp-content\/uploads\/2013\/11\/Loano-Magie-di-Natale-ph-Silvio-Massolo_DSC4899.jpg\" rel=\"prettyPhoto[gallery-fThy]\"><img loading=\"lazy\" decoding=\"async\" class=\"size-medium wp-image-1790 alignleft\" alt=\"Loano Magie di Natale ph Silvio Massolo_DSC4899\" src=\"https:\/\/www.visitloano.it\/wp-content\/uploads\/2013\/11\/Loano-Magie-di-Natale-ph-Silvio-Massolo_DSC4899-300x300.jpg\" width=\"300\" height=\"300\" \/><\/a>Si entrer\u00e0 nel vivo del clima natalizio gi\u00e0 dal <b>30 novembre<\/b> con l\u2019apertura del <b>Villaggio di Natale<\/b><b>, <\/b>nei <b>Giardini San Josemaria Esciv\u00e0<\/b>. Il mercatino <b>Magie di Natale<\/b> offrir\u00e0 ai visitatori\u00a0 un\u2019ampia scelta di oggetti legati al periodo di festa: candele, decorazioni natalizie, presepi e tante idee regalo. Non mancheranno golosit\u00e0 e bevande tipiche della stagione fredda. Il mercatino aprir\u00e0, dalle <b>ore 15.30 alle 19.30<\/b>, tutti i <b>fine settimana<\/b> e dal <b>21 dicembre al 6 gennaio<\/b>, tutti i giorni, escluso il 25 dicembre.<\/p>\n<p>I giardini saranno abbelliti con una scenografia da fiaba. Dai grandi cedri scenderanno freddi cristalli e giochi di luci e alberelli comporranno un <b>giardino d\u2019inverno. <\/b>Ci sar\u00e0 la<b> casetta di Babbo Natale, <\/b>dove i bambini potranno <b>imbucare le loro letterine,<\/b> e un elfo <b>trucca-bimbi <\/b>per i pi\u00f9 piccini.<b><\/b><\/p>\n<p>Per i <b>bambini<\/b>, a dicembre, sono in programma due dei tre spettacoli di <b>Teatro Ragazzi<\/b> inseriti nel circuito de <b>La Riviera dei Teatri \u2013 Provincia di Savona, <\/b>e organizzati dalla <b>I.So Theatre<\/b>. <b>Domenica 1 dicembre<\/b>, alle <b>ore 16.30<\/b>, nel <b>Cinema Teatro Loanese<\/b>, andr\u00e0 in scena <b>\u201cCappuccetto Blues\u201d<\/b>, una rilettura teatral-musicale, dal \u201cpunto di vista dei lupi\u201d, della favola di \u201cCappuccetto Rosso\u201d. L\u2019<b>8 dicembre<\/b>, protagonista della scena sar\u00e0 il <b>Teatrino dell\u2019Erba Matta,<\/b> che presenter\u00e0 <b>\u201cIl Gatto dagli stivali\u201d. <\/b><\/p>\n<p><a href=\"https:\/\/www.visitloano.it\/wp-content\/uploads\/2013\/11\/2.loano1diccembre.jpg\" rel=\"prettyPhoto[gallery-fThy]\"><img loading=\"lazy\" decoding=\"async\" class=\"size-medium wp-image-1791 alignright\" alt=\"2.loano1diccembre\" src=\"https:\/\/www.visitloano.it\/wp-content\/uploads\/2013\/11\/2.loano1diccembre-300x300.jpg\" width=\"300\" height=\"300\" \/><\/a><\/p>\n<p>Il<b> 6 Dicembre Loano <\/b>accender\u00e0 le<b> <\/b><b>Mille luci delle Feste<\/b>, l\u2019illuminazione artistica della citt\u00e0. Alle ore <b>16.30 <\/b>sar\u00e0 l\u2019illuminazione del grande albero di natale in <b>Piazza Italia<\/b>, a dare il segnale d\u2019avvio. Al centro della piazza, l\u2019abete di <b>13 metri<\/b> risplender\u00e0, grazie alle tantissime<b> luci<\/b> che lo addobbano. Una calda atmosfera natalizia avvolger\u00e0 Loano. Le luci disegneranno i contorni degli angoli pi\u00f9 belli e le decorazioni natalizie vestiranno a festa la citt\u00e0. Ad animare il pomeriggio sar\u00e0 <b>l\u2019Associazione \u201cU Gunbu de L\u00f6a\u201d<\/b>, che presenter\u00e0 un ampio repertorio di canti della tradizione popolare natalizia, e l\u2019<b>Associazione Compagnia dei Curiosi <\/b>con la <b>Bottega del Racconto<\/b>.<\/p>\n<p><b>Sabato 7 dicembre<\/b>, alle<b> ore 16.00<\/b>,<b> <\/b>torner\u00e0, nella <b>Civica Biblioteca<\/b>, la rassegna<b> <\/b><b>Libri sotto l\u2019albero <\/b>dedicata agli appassionati della lettura. Quattro in tutto gli appuntamenti per conoscere libri, autori, e per ascoltare versi poetici e melodie. L\u2019accompagnamento musicale e canoro sar\u00e0 affidato al <b>Maestro Roberto Sinito.<\/b><\/p>\n<p>Ospiti del primo incontro saranno <b>Franco Gallea<\/b> ed <b>Eugenio Lertora<\/b><b> <\/b>che presenteranno il volume <b>\u201cLoano tra monti e Mare\u201d<\/b><b>. <\/b>A condurre l\u2019incontro sar\u00e0 la curatrice della rassegna<b> <\/b><b>Graziella Frasca Gallo<\/b> della Gazzetta di Loano.<a href=\"https:\/\/www.visitloano.it\/wp-content\/uploads\/2013\/11\/libri-sotto-albero.jpg\" rel=\"prettyPhoto[gallery-fThy]\"><img loading=\"lazy\" decoding=\"async\" class=\"size-medium wp-image-1792 alignright\" alt=\"libri sotto albero\" src=\"https:\/\/www.visitloano.it\/wp-content\/uploads\/2013\/11\/libri-sotto-albero-300x300.jpg\" width=\"300\" height=\"300\" \/><\/a><\/p>\n<p>Il <b>15 dicembre<\/b>, <b>Marco Cubeddu<\/b> presenter\u00e0 il libro <b>&#8220;C.U.B.A.M.A.S.C. con una Bomba a mano sul cuore&#8221;<\/b>.<b> <\/b>A dialogare con l\u2019autore sar\u00e0 il giornalista<b> <\/b><b>Cristiano Bosco<\/b>.<\/p>\n<p>La rassegna proseguir\u00e0 il <b>21 dicembre<\/b> con la presentazione del libro di <b>Riccardo Ferrari<\/b> <b>\u201cUna arbanella di accighe\u201d<\/b>. Per questa occasione torner\u00e0 a fare gli onori di casa <b>Graziella Frasca Gallo. <\/b>Sempre lei,<b> <\/b>sar\u00e0 la protagonista insieme al<b> <\/b>Maestro <b>Roberto Sinito<\/b><b> <\/b>della lettura di poesie in musica in programma il <b>4 gennaio.<\/b><\/p>\n<p>La<b> <\/b><b>musica<\/b> accompagner\u00e0 le festivit\u00e0 natalizie con concerti nelle chiese e negli oratori, nelle piazze, nel Cinema Teatro Loanese e nel Palazzo Doria.<\/p>\n<p>Il <b>7 dicembre<\/b>, alle <b>ore 21.00<\/b>, nella <b>Chiesa San Pio X<\/b> prender\u00e0 il via la rassegna <b>\u201cMusiche celesti\u201d,<\/b> dedicata alla musica sacra e ai canti di Natale. Ad inaugurare il viaggio musicale nei luoghi sacri della citt\u00e0 sar\u00e0 la formazione <b>Briozzo Duet<\/b> accompagnata da <b>Mistralia Quartet.<\/b><\/p>\n<p><b>L\u20198 dicembre<\/b>, alle<b> ore 18.00, <\/b>la rassegna si sposter\u00e0 nella<b> <\/b><b>Chiesa S.M.<\/b><b>I<\/b><b>mmacolata<\/b> dove terr\u00e0 il concerto <b>Paola Arecco.<\/b><b><\/b><\/p>\n<p>Sar\u00e0 sempre<b> <\/b>la pianista<b> Arecco <\/b>la protagonista del concerto in programma il<b> 14 dicembre<\/b>, alle<b> ore <\/b>\u00a0<b>16.00,<\/b> nella <b>Cappella delle Clinica la Presentazione<\/b>.<\/p>\n<p>Alle <b>21.00<\/b>, le <b>Musiche Celesti<\/b> si sposteranno nella <b>Chiesa della Madonetta<\/b>, dove si esibir\u00e0 il duo composto da <b>Alessia Privitera<\/b>, flauto, e <b>Gianpaolo Minuti<\/b>, pianoforte.<\/p>\n<p>Il <b>21 dicembre Paola Arecco <\/b>torner\u00e0 ad esibirsi, alle<b> ore 18.00<\/b>, nella<b> <\/b><b>Chiesa della Visitazione<\/b> in Corso Europa e il duo <b>Privitera<\/b><b>&#8211;<\/b><b> Minuti <\/b>cacher\u00e0 nuovamente il palco delle<b> Musiche Celesti <\/b>il <b>26 dicembre<\/b>, alle<b> ore 16.30, <\/b>nella <b>Chiesa di Monte Carmelo<\/b><b>.<\/b><\/p>\n<p>La rassegna si chiuder\u00e0 il <b>5 gennaio<\/b> alle <b>ore 21,00<\/b>, nella <b>Chiesa di Sant&#8217;Agostino<\/b>, con il concerto <b>\u201c<\/b><b>La grande musica in chiesa a lume di candele<\/b><b>\u201d<\/b> con il soprano <b>Angelica Cirillo<\/b><b>.<\/b><\/p>\n<p>Il <b>28 dicembre, <\/b>alle <b>ore 21.00<\/b>, nella <b>Parrocchia <\/b><b>S<\/b><b>an Giovanni Battista<\/b>, in occasione della <b>Giornata <\/b><b>d<\/b><b>ella Famiglia<\/b><b>, <\/b>accoglier\u00e0 il concerto del<b> <\/b><b>Coro Interparrocchiale<\/b>.<b><\/b><\/p>\n<p>L\u2019<b>Oratorio <\/b><b>N.S. del SS. Rosario<\/b>, ospiter\u00e0 il <b>5 gennaio<\/b>, alle <b>ore 17.00<\/b>, l\u2019ultimo concerto della rassegna <b>\u201cI Concerti dei Turchini \u2013 Le musiche dell\u2019anima\u201d 2013<\/b>. Il programma della serata \u00e8 dedicato al <b>Vespro della Beata Vergine a cinque voci concertate nell&#8217;organo<\/b> con musiche di <b>Claudio Monteverdi<\/b> e altri compositori veneziani.<\/p>\n<p>La<b> musica<\/b> risuoner\u00e0 anche nel<b> Cinema Teatro Loanese<\/b>, dove il<b> 22 dicembre <\/b>si terr\u00e0 il concerto vocale e strumentale del gruppo<b> <\/b><b>\u201cU Gunbu de L\u00f6a\u201d<\/b>. La formazione folk presenter\u00e0 canzoni natalizie, brani dialettali liguri, insieme ad alcuni dei pi\u00f9 noti canti della tradizione popolare italiana. Grande attesa poi, per il <b>concerto gospel<\/b> del <b>30 dicembre<\/b>. Alle <b>ore 21.00, The Pilgrim Gospel Choir<\/b>, con la partecipazione straordinaria dei due american singers <b>Jennifer Vargas<\/b> e <b>Leslie Sackey<\/b>, eseguiranno un programma musicale che dal<b> <\/b>repertorio a cappella degli spiritual e delle work songs arriver\u00e0 al gospel.<a href=\"https:\/\/www.visitloano.it\/wp-content\/uploads\/2013\/11\/Loano-The-Pilgrims-Gospel-Choir.jpg\" rel=\"prettyPhoto[gallery-fThy]\"><img loading=\"lazy\" decoding=\"async\" class=\"size-medium wp-image-1793 alignright\" alt=\"Loano The Pilgrims Gospel Choir\" src=\"https:\/\/www.visitloano.it\/wp-content\/uploads\/2013\/11\/Loano-The-Pilgrims-Gospel-Choir-300x300.jpg\" width=\"300\" height=\"300\" \/><\/a><\/p>\n<p><b>Palazzo Doria<\/b> ospiter\u00e0 tre concerti: alle <b>ore 21.00, <\/b>il <b>28 dicembre<\/b> nella sala Consiliare suoner\u00e0 la formazione vocale <b>Free Voice<\/b>, il <b>29 dicembre, <\/b>\u00a0si terr\u00e0 il concerto\u00a0 <b>It&#8217;s Christmas Time<\/b><b> <\/b>e il<b> <\/b><b>4 gennaio<\/b> protagonista sar\u00e0 l\u2019<b>Orchestra <\/b><b>d<\/b><b>i Fiati <\/b><b>d<\/b><b>ella Riviera <\/b><b>d<\/b><b>i Ponente<\/b><b>.<\/b><\/p>\n<p><b>Musica in piazza <\/b>anche il <b>4 gennaio<\/b>, alle <b>ore 16,00<\/b><b>: i<\/b>n <b>Piazza Rocca<\/b>, si svolger\u00e0 il concerto del gruppo folk<b> <\/b><b>\u201cU Gunbu de L\u00f6a\u201d<\/b>.<\/p>\n<p><b>Musica e ballo<\/b> in <b>piazza Italia<\/b>, il <b>28 e 29 dicembre,<\/b> con <b>\u201cRacconti d\u2019Inverno\u201d<\/b>,<b> <\/b>iniziativa dedicata ai balli popolari della tradizione europea, organizzata dall\u2019<b>Associazione<\/b> <b>Compagnia dei Curiosi<\/b>. Il fine settimana, si svilupper\u00e0 tra workshop di avvicinamento alle danze, pizzica pizzica e Sevillanas, e concerti da ballo con i <b>Stygiens, Anna Cinzia Villani, Rossella Cicero <\/b>\u00a0e la <strong>Grande Orchestra Occitana<\/strong> dei <b>Lou Dalfin<\/b>.<\/p>\n<p><img loading=\"lazy\" decoding=\"async\" class=\"size-medium wp-image-1794 alignleft\" alt=\"Loano danze popolari Lou Dalfin Racconti d'inverno\" src=\"https:\/\/www.visitloano.it\/wp-content\/uploads\/2013\/11\/Loano-danze-popolari-Lou-Dalfin-Racconti-dinverno-300x300.jpg\" width=\"300\" height=\"300\" \/><b>I<\/b>l<b> 29 dicembre, <\/b>musica, shopping e animazione saranno gli ingredienti di <b>Aspettando<\/b><b> il<\/b><b> Capodanno<\/b><b>, <\/b>evento, organizzato dall\u2019<b>ASCOM.<\/b><b> <\/b>La festa nelle vie commerciali della citt\u00e0 propone un coinvolgente intrattenimento, nel segno delle pi\u00f9 riuscite notti bianche loanesi.<\/p>\n<p><b>\u00a0<\/b>I <b>mercatini di Natale<\/b> animeranno la citt\u00e0 per tutto il periodo delle feste. Al mercatino \u201c<b>Magie di Natale\u201d <\/b>si aggiungeranno <b>Artigianalmente Mestieri in Piazza<\/b>, che quest\u2019anno offre anche laboratori per i bambini, e<b> il Mercatino di Antiquariato e collezionismo, <\/b>che si svolger\u00e0, come sempre, la seconda domenica di ogni mese,<b> <\/b>sotto i portici di <b>Corso Europa.<\/b><\/p>\n<p><b>\u00a0<\/b><b>Il 28 dicembre, <\/b>dalle<b> ore 10.00, <\/b>nei<b> Bagni Nettuno, <\/b>si terr\u00e0 la<b> XXVII^ <\/b>edizione del<b> <\/b><b>Cimento Invernale di Nuoto<\/b><b>, <\/b>manifestazione che ogni anno accoglie<b> <\/b>gli sportivi pi\u00f9 coraggiosi. Nello specchio acqueo antistante i Bagni Nettuno gli appassionati cimentisti si metteranno alla prova affrontando il tradizionale \u201ctuffo in mare\u201d di fine anno. La festa in riva al mare sar\u00e0 accompagnata dalla musica e dall\u2019animazione di <b>Luca Valentini<\/b> di <b>Radio Onda<\/b><b> <\/b><b>Ligure. <\/b><\/p>\n<p><b>Loano <\/b>festegger\u00e0 il <b>primo giorno <\/b>del nuovo anno con i <b>fuochi d\u2019artificio<\/b>,<b> <\/b>che illumineranno il cielo,<b> <\/b>sulla<b> <\/b>banchina del porto a partire dalle <b>ore 18.30<\/b>. In attesa dello spettacolo pirotecnico, dalle <b>16.00<\/b> animazione musicale sempre nella <b>Marina di Loano<\/b>.<\/p>\n<p>Il calendario delle manifestazioni sar\u00e0, inoltre, arricchito dalle gite di <b>Loano non solo mare<\/b><b> <\/b>e dalla<b> <\/b><b>mostra di cartoline d\u2019epoca<\/b>,<b> <\/b>che rester\u00e0 allestita in<b> Palazzo Doria dal 14 dicembre al 17 gennaio.<\/b><\/p>\n<p>Anche lo<b> <\/b><b>sport<\/b>, infine,<b> <\/b>sar\u00e0 presente<b> <\/b>con numerosi appuntamenti: l\u2019<b>International Fight Show &#8211; Memorial Mimmo Polizzano<\/b>, in programma il <b>7 dicembre<\/b>, dalle <b>o<\/b><b>re 21<\/b>, nel <b>Palazzetto dello Sport E. Garassini,<\/b> la<b> <\/b><b>Regata Winter Contest \u2013 Classe L&#8217;equipe<\/b><b> (7\/8 dicembre)<\/b>, il <b>Memorial Maestro Elio Garassini \u2013 Categoria Under 15 Maschile<\/b><b> (8 dicembre) <\/b>che si giocher\u00e0<b> <\/b>nel<b> <\/b>Palasport Guzzetti, gli <b>Esami di cintura e l\u2019esibizione di Karate<\/b>, organizzati per il <b>22 dicembre <\/b>dall\u2019Associazione Musurakai, il <b>Torneo di calcio giovanile Citt\u00e0 di Loano &#8211; Ettore Mussi,<\/b> che si svolger\u00e0 nel <b>Palazzetto dello Sport E. Garassini,<\/b> dal <b>27 <\/b>al<b> 30 dicembre.<\/b>{:}<\/p>\n","protected":false},"excerpt":{"rendered":"<p>{:en} Loano renews the appointment with the \u201cChristmas Enchantments,\u201d a calendar of events, promoted by the Department of Tourism, Culture and Sports of the City of Loano, for the holiday season. Scheduled there...<\/p>","protected":false},"author":2,"featured_media":1795,"comment_status":"open","ping_status":"open","sticky":false,"template":"","format":"standard","meta":{"footnotes":""},"categories":[1],"tags":[],"class_list":{"0":"post-2123","1":"post","2":"type-post","3":"status-publish","4":"format-standard","5":"has-post-thumbnail","7":"category-news"},"_links":{"self":[{"href":"https:\/\/www.visitloano.it\/en\/wp-json\/wp\/v2\/posts\/2123","targetHints":{"allow":["GET"]}}],"collection":[{"href":"https:\/\/www.visitloano.it\/en\/wp-json\/wp\/v2\/posts"}],"about":[{"href":"https:\/\/www.visitloano.it\/en\/wp-json\/wp\/v2\/types\/post"}],"author":[{"embeddable":true,"href":"https:\/\/www.visitloano.it\/en\/wp-json\/wp\/v2\/users\/2"}],"replies":[{"embeddable":true,"href":"https:\/\/www.visitloano.it\/en\/wp-json\/wp\/v2\/comments?post=2123"}],"version-history":[{"count":0,"href":"https:\/\/www.visitloano.it\/en\/wp-json\/wp\/v2\/posts\/2123\/revisions"}],"wp:featuredmedia":[{"embeddable":true,"href":"https:\/\/www.visitloano.it\/en\/wp-json\/"}],"wp:attachment":[{"href":"https:\/\/www.visitloano.it\/en\/wp-json\/wp\/v2\/media?parent=2123"}],"wp:term":[{"taxonomy":"category","embeddable":true,"href":"https:\/\/www.visitloano.it\/en\/wp-json\/wp\/v2\/categories?post=2123"},{"taxonomy":"post_tag","embeddable":true,"href":"https:\/\/www.visitloano.it\/en\/wp-json\/wp\/v2\/tags?post=2123"}],"curies":[{"name":"wp","href":"https:\/\/api.w.org\/{rel}","templated":true}]}}