{"id":2063,"date":"2013-08-12T13:13:00","date_gmt":"2013-08-12T11:13:00","guid":{"rendered":"https:\/\/www.visitloano.it\/?p=1326"},"modified":"2013-08-12T13:13:00","modified_gmt":"2013-08-12T11:13:00","slug":"ferragosto-events","status":"publish","type":"post","link":"https:\/\/www.visitloano.it\/en\/2063\/news\/eventi-a-ferragosto\/","title":{"rendered":"{:en}Events in August {:}"},"content":{"rendered":"<p>{:it}<\/p>\n<p style=\"text-align: left;\"><b><a href=\"https:\/\/www.visitloano.it\/wp-content\/uploads\/2013\/08\/fuochi.jpg\" rel=\"prettyPhoto[gallery-GFla]\"><img loading=\"lazy\" decoding=\"async\" class=\"size-medium wp-image-1329 alignleft\" alt=\"fuochi\" src=\"https:\/\/www.visitloano.it\/wp-content\/uploads\/2013\/08\/fuochi-300x300.jpg\" width=\"300\" height=\"300\" \/><\/a><\/b><b>A ferragosto, Loano <\/b>offre un ricco programma di iniziative d\u2019intrattenimento, promosse dall\u2019<b>Assessorato al Turismo Cultura e Sport del Comune di Loano. <\/b><\/p>\n<p>\u00a0Il <b>14 agosto<\/b>, la <b>musica <\/b>animer\u00e0<b> <\/b>il lungomare. Dalle <b>ore 21.00, <\/b>in <b>Orto Maccagli<\/b> gli allievi della cantante e insegnante <b>Danila Satragno<\/b> si sfideranno fino all\u2019ultima nota. La serata sar\u00e0 condotta da <b>Elena Ballerini<\/b> (conduttrice RAI).<\/p>\n<p><strong>Alle <\/strong><strong>ore<\/strong><strong> <\/strong><strong>23.00<\/strong><strong>, <\/strong><strong>sul Molo Kursaal Lido,<\/strong><strong> sono annunciati i <\/strong><strong>fuochi d\u2019artificio: <\/strong><strong>l<\/strong>uce, forma, colore e ritmo comporranno uno spettacolo originale e unico.<\/p>\n<p><strong>Nel cielo davanti al litorale loanese, quadri di luce a forma di <\/strong>fontana, sfera e ad effetto pioggia si incroceranno formando un magico gioco di luci colorate e una scoppiettante scenografia che creer\u00e0 un&#8217;atmosfera avvolgente.<\/p>\n<p><a href=\"https:\/\/www.visitloano.it\/wp-content\/uploads\/2013\/08\/loanopescatoririd.jpg\" rel=\"prettyPhoto[gallery-GFla]\"><img loading=\"lazy\" decoding=\"async\" class=\"size-medium wp-image-1330 alignleft\" alt=\"loanopescatoririd\" src=\"https:\/\/www.visitloano.it\/wp-content\/uploads\/2013\/08\/loanopescatoririd-300x300.jpg\" width=\"300\" height=\"300\" \/><\/a><strong>Il 15 agosto, Loano<\/strong> festegger\u00e0 il ferragosto con <b>&#8220;10.000 luci nella notte&#8221;<\/b>, manifestazione organizzatala dalla <strong>C<\/strong><b>onfraternita <\/b><b>delle Cappe Turchine <\/b>con la collaborazione<b> <\/b>dei <b>pescatori loanesi, <\/b>dell\u2019<b>Ufficio Locale Marittimo, <\/b>de <b>La Marina di Loano<\/b>, del<b> Sindacato Bagni Marini. <\/b>Alle <b>ore 21.00,<\/b> pi\u00f9 di <b>diecimila lumini variopinti<\/b> saranno posati in mare.L\u2019iniziativa, ripropone un\u2019antica tradizione, che affonda le sue radici nella cultura marinara loanese. L\u2019illuminazione del mare e la processione delle barche illuminate nasce, agli inizi del XX secolo. I pescatori ed i marinai loanesi rendevano cos\u00ec omaggio alla <b>Madonna della Visitazione<\/b>, protettrice del mare e dei marinai.\u00a0 Sempre il <b>15 agosto alle 21.00<\/b>, sul lungomare, in <b>Orto Maccagli<\/b>, si terr\u00e0 il concerto \u201c<b>Effetto Cinema&#8221;. <\/b>Il <b>Gruppo Caronte<\/b> presenter\u00e0 un repertorio musicale tratto dalle pi\u00f9 belle colonne sonore del cinema: Colazione da Tiffany, Il Laureato, Ultimo tango a Parigi, Titanic e musiche di Rota e Morricone.<\/p>\n<p><strong>\u00a0<\/strong><strong><a href=\"https:\/\/www.visitloano.it\/wp-content\/uploads\/2013\/06\/Irene-Grandi.jpg\" rel=\"prettyPhoto[gallery-GFla]\"><img loading=\"lazy\" decoding=\"async\" class=\"size-medium wp-image-803 alignleft\" alt=\"Irene Grandi\" src=\"https:\/\/www.visitloano.it\/wp-content\/uploads\/2013\/06\/Irene-Grandi-300x300.jpg\" width=\"300\" height=\"300\" \/><\/a><\/strong><strong>L\u2019evento musicale clou della stagione sar\u00e0 il concerto di <\/strong><strong>Irene Grandi (16 agosto)<\/strong><strong> che presenter\u00e0 il suo ultimo <\/strong>progetto live <b>\u201cCome non mi hai visto mai\u201d. <\/b>L\u2019artista fiorentina si racconter\u00e0 attraverso le canzoni di quasi 20 anni del suo percorso musicale, arrangiate in una chiave rock\/blues, con venature indie, dalla stessa Irene e da un nuovo ensemble di musicisti tutti di Firenze: alla chitarra e tastiere il direttore musicale del progetto <b>Saverio Lanza<\/b>, co-autore di \u201cCome non mi hai visto mai\u201d, ultimo inedito di Irene contenuto nel disco \u201dIrene Grandi &amp; Stefano Bollani\u201d; al basso e contrabbasso <b>Pietro Spitilli<\/b>, alla batteria <b>Fabrizio Morganti<\/b> e alle tastiere <b>Tiziano Borghi<\/b>.<\/p>\n<p>Il nuovo progetto rispecchia la trasversalit\u00e0 di Irene Grandi che, pur rimanendo legata alla sua storia musicale, mantiene sempre vivo e sviluppa l\u2019interesse per il nuovo, le contaminazioni e le collaborazioni.<\/p>\n<p>Sempre il <b>16 agosto<\/b>, torner\u00e0 la rassegna <b>Finalmente Venerd\u00ec<\/b>. Alle <b>ore 21.00<\/b> sul lungomare, si svolger\u00e0 il concerto della big cover band <b>Under the Tower<\/b>, con brani storici del rock-pop arrangiati con nuove sonorit\u00e0.<\/p>\n<p style=\"text-align: left;\"><a href=\"https:\/\/www.visitloano.it\/wp-content\/uploads\/2013\/06\/The-wall.jpg\" rel=\"prettyPhoto[gallery-GFla]\"><img loading=\"lazy\" decoding=\"async\" class=\"size-medium wp-image-807 alignleft\" alt=\"The wall\" src=\"https:\/\/www.visitloano.it\/wp-content\/uploads\/2013\/06\/The-wall-300x300.jpg\" width=\"300\" height=\"300\" \/><\/a>Il <b>17 agosto, <\/b>doppio appuntamento musicale. Alle <b>ore 21.00<\/b>, sul lungomare, nello S<b>pazio Culturale Orto Maccagli<\/b>, <b>Franco Branco DJ<\/b> dar\u00e0 vita ad una ritmata serata disco, tutta da ballare al ritmo dei pi\u00f9 grandi successi della disco.<\/p>\n<p>Alle<b> ore 21.30 <\/b>nell\u2019A<b>rena estiva Giardino del Principe, <\/b>si alzer\u00e0 il sipario su<b> <\/b><b>The wall live tribute,<\/b> spettacolo con band, cantanti e coro, tratto dal concept album \u201cThe Wall\u201d dei Pink Floyd. Riproposta oggi, esattamente a trenta anni di distanza dall&#8217;uscita del film diretto da Alan Parker, l\u2019opera dei Pink Floyd ha un\u00a0 impatto straordinario.\u00a0 \u00c8 molto pi\u00f9 di un tribute show: \u00e8 un concerto spettacolo in cui musica live, luci, video e grafica 3D si fondono in una miscela originalissima e di grande effetto.<\/p>\n<p>La settimana si chiuder\u00e0 con il \u00a0<b>Tango in piazza <\/b>e la rassegna dedicata al <b>cinema d\u2019animazione<\/b> di Michel Ocelot. <b>Domenica 18 agosto, <\/b>dalle <b>20.00<\/b> gli appassionati tangueros si ritroveranno in <b>Piazza Palestro<\/b> per vivere una piacevole serata di ballo. Saranno proposte lezioni di avvicinamento, di pratica e milongas, condotte dalla maestra <b>Maura Cardone<\/b>, e ballo in piazza. Sempre domenica, alle <b>21.30<\/b>, nel Giardino del Principe sar\u00e0 proiettato il film <b>\u201cAzur e Asmar\u201d<\/b>.{:}<\/p>\n","protected":false},"excerpt":{"rendered":"<p>{:en} On August bank holiday, Loano offers a rich program of entertainment initiatives, promoted by the Department of Tourism Culture and Sports of the City of Loano.  On August 14, music will enliven the waterfront....<\/p>","protected":false},"author":2,"featured_media":1328,"comment_status":"open","ping_status":"open","sticky":false,"template":"","format":"standard","meta":{"footnotes":""},"categories":[1],"tags":[],"class_list":{"0":"post-2063","1":"post","2":"type-post","3":"status-publish","4":"format-standard","5":"has-post-thumbnail","7":"category-news"},"_links":{"self":[{"href":"https:\/\/www.visitloano.it\/en\/wp-json\/wp\/v2\/posts\/2063","targetHints":{"allow":["GET"]}}],"collection":[{"href":"https:\/\/www.visitloano.it\/en\/wp-json\/wp\/v2\/posts"}],"about":[{"href":"https:\/\/www.visitloano.it\/en\/wp-json\/wp\/v2\/types\/post"}],"author":[{"embeddable":true,"href":"https:\/\/www.visitloano.it\/en\/wp-json\/wp\/v2\/users\/2"}],"replies":[{"embeddable":true,"href":"https:\/\/www.visitloano.it\/en\/wp-json\/wp\/v2\/comments?post=2063"}],"version-history":[{"count":0,"href":"https:\/\/www.visitloano.it\/en\/wp-json\/wp\/v2\/posts\/2063\/revisions"}],"wp:featuredmedia":[{"embeddable":true,"href":"https:\/\/www.visitloano.it\/en\/wp-json\/"}],"wp:attachment":[{"href":"https:\/\/www.visitloano.it\/en\/wp-json\/wp\/v2\/media?parent=2063"}],"wp:term":[{"taxonomy":"category","embeddable":true,"href":"https:\/\/www.visitloano.it\/en\/wp-json\/wp\/v2\/categories?post=2063"},{"taxonomy":"post_tag","embeddable":true,"href":"https:\/\/www.visitloano.it\/en\/wp-json\/wp\/v2\/tags?post=2063"}],"curies":[{"name":"wp","href":"https:\/\/api.w.org\/{rel}","templated":true}]}}