{"id":20512,"date":"2023-11-16T13:00:00","date_gmt":"2023-11-16T12:00:00","guid":{"rendered":"https:\/\/www.visitloano.it\/?p=20512"},"modified":"2025-10-08T11:35:03","modified_gmt":"2025-10-08T09:35:03","slug":"the-market-the-ice-rink-new-years-eve-in-the-square-the-cimento-the-markets-the-books-and-concerts-loano-ready-to-celebrate-christmas-moments","status":"publish","type":"post","link":"https:\/\/www.visitloano.it\/en\/20512\/news\/il-mercatino-la-pista-di-pattinaggio-il-capodanno-in-piazza-il-cimento-i-mercatini-i-libri-ed-i-concerti-loano-pronta-a-festeggiare-i-christmas-moments\/","title":{"rendered":"The flea market, ice rink, New Year's Eve in the square, cimento, markets, books and concerts: Loano ready to celebrate \u201cChristmas Moments\u201d"},"content":{"rendered":"\r\n<p>La citt\u00e0 di Loano \u00e8 pronta ad immergersi nell&#8217;atmosfera natalizia con i \u201c<strong>Christmas Moments<\/strong>\u201d, il ricco calendario di eventi organizzati dall&#8217;assessorato a turismo, cultura e sport del Comune in collaborazione con le associazioni della citt\u00e0 per allietare le festivit\u00e0 di loanesi ed ospiti. Il calendario ha ricevuto da Regione Liguria un finanziamento di 100 mila euro nell&#8217;ambito del Fondo Unico Nazionale Turismo (Funt) promosso dal Ministero del Turismo.<\/p>\r\n\r\n\r\n\r\n<p><a href=\"https:\/\/www.visitloano.it\/wp-content\/uploads\/2023\/11\/NATALE-A-LOANO_2023.pdf\">Scarica qui il programma completo.<\/a><\/p>\r\n\r\n\r\n\r\n<p>\u201cAnche quest&#8217;anno \u2013 dichiarano <strong>il sindaco di Loano Luca Lettieri e l&#8217;assessore a turismo, cultura e sport Enrica Rocca<\/strong> \u2013 la nostra citt\u00e0 \u00e8 pronta ad &#8216;accendersi&#8217; con i tantissimi eventi che, come di consueto, caratterizzano il periodo natalizio. Dal &#8216;Villaggio Magie di Natale&#8217; al Capodanno in piazza alla pista di pattinaggio, passando per il tradizionale cimento di nuoto e gli eventi musicali, culturali, letterari e gli appuntamenti sportivi e solidali, l&#8217;amministrazione ha lavorato con le associazioni del territorio e le categorie per regalare ai nostri concittadini ed ospiti un&#8217;atmosfera il pi\u00f9 possibile &#8216;calda e avvolgente&#8217;, cos\u00ec come dovrebbe essere quella di Natale. Come sempre, attivit\u00e0 commerciali e negozi saranno decorati a festa con i &#8216;colori dominanti&#8217; di quest&#8217;anno, cio\u00e8 il rosso e il bianco; la &#8216;mascotte&#8217; di questa Natale sar\u00e0 il classico omino di pan di zenzero. Vogliamo ringraziare gli uffici e tutti coloro che, in un modo o nell&#8217;altro, hanno collaborato per rendere ancora una volta speciale questo periodo dell&#8217;anno. Appuntamento al 2 dicembre per l&#8217;accensione delle luminarie natalizie e poi con tutti gli altri &#8216;Christmas Moments&#8217;\u201d.<\/p>\r\n\r\n\r\n\r\n<figure class=\"wp-block-image size-large\"><a href=\"https:\/\/www.visitloano.it\/wp-content\/uploads\/2023\/11\/Piazza-Italia-02.jpg\" rel=\"prettyPhoto[gallery-wJL9]\"><img decoding=\"async\" class=\"wp-image-20513\" src=\"https:\/\/www.visitloano.it\/wp-content\/uploads\/2023\/11\/Piazza-Italia-02.jpg\" alt=\"\" \/><\/a><\/figure>\r\n\r\n\r\n\r\n<p>Loano dar\u00e0 ufficialmente il via alle festivit\u00e0 natalizie il 2 dicembre con l&#8217;accensione delle \u201c<strong>Mille luci delle Feste<\/strong>\u201d, le luminarie artistiche che per tutto il mese di dicembre 2023 ed i primi giorni di gennaio 2024 illumineranno e \u201criscalderanno\u201d le vie e le piazze cittadine. Quest&#8217;anno le tradizionali luminarie saranno arricchite da un impianto di <strong>video-mapping<\/strong>: la facciata di palazzo Doria in piazza Italia sar\u00e0 decorata con splendide immagini natalizie. Queste saranno generate da un impianto composto da sei proiettori a tecnologia led di ultima generazione (e a basso consumo) allestito in collaborazione con Enel Sole, gi\u00e0 partner del Comune di Loano nel project-financing per il restyling dell&#8217;illuminazione pubblica. L&#8217;impianto \u00e8 stato personalizzato per effettuare proiezioni sulla facciata del municipio. L&#8217;accensione delle luminarie sar\u00e0 una vera e propria festa. A partire dalle 16.30 esibizione del gruppo \u201cU Gunbu de Loa-Verzi\u201d e lo spettacolo offerto dalle \u201c<strong>Luci itineranti<\/strong>\u201d, una magica sfilata di artisti, giocolieri ed acrobati vestiti con abiti illuminati da migliaia di luci che brillano nella notte. I nove artisti dello spettacolo danzano sui trampoli, fanno volteggiare attrezzi di giocoleria luminosa, si esibiscono in acrobazie aeree su una struttura itinerante, volteggiano e danzano tra il pubblico. Una ballerina addestratrice accompagner\u00e0 con i suoi gentili gesti i grandi destrieri bianchi mentre altri due performer muoveranno a tempo di musica due maestosi cavalli bianchi luminosi. Lo spettacolo accompagner\u00e0 il pubblico verso la cerimonia di accensione dell&#8217;albero di Natale in programma alle 17.30 in piazza Italia e l&#8217;inaugurazione del mercatino \u201cVillaggio Magie di Natale\u201d, a cui parteciperanno anche gli ospiti della residenza protetta Ramella di Loano.<\/p>\r\n\r\n\r\n<a href=\"https:\/\/www.visitloano.it\/wp-content\/uploads\/2023\/11\/Luci-Itineranti-Loano-01.jpg\" rel=\"prettyPhoto[gallery-wJL9]\"><img decoding=\"async\" class=\"wp-image-20518\" src=\"https:\/\/www.visitloano.it\/wp-content\/uploads\/2023\/11\/Luci-Itineranti-Loano-01.jpg\" style=\"width:100%\" alt=\"\" \/><\/a>\r\n\r\n\r\n<p>Fulcro degli eventi natalizi di Loano sar\u00e0, come sempre, il \u201c<strong>Villaggio Magie di Natale<\/strong>\u201d, il tradizionale mercatino natalizio di sapore nord-europeo allestito all&#8217;interno dei Giardini San Josemaria Escriv\u00e0 dal Centro Culturale Polivalente. Illuminate da magiche decorazioni, le casette di legno proporranno tante idee-regalo quali articoli natalizi fatti a mano, presepi, candele, giocattoli da collezione, foto ricordo e calendari personalizzati con Babbo Natale, bijoux, oggettistica, giochi e prodotti locali. Senza dimenticare le golosit\u00e0 dello street-food con le quali accompagnare lo shopping tra le casette e che quest&#8217;anno potranno contare su tante nuovissime golosit\u00e0. Babbo Natale attender\u00e0 i bambini nella sua accogliente casetta per fare una foto con loro e per raccogliere le letterine.<\/p>\r\n\r\n\r\n\r\n<figure class=\"wp-block-image size-large\"><a href=\"https:\/\/www.visitloano.it\/wp-content\/uploads\/2023\/11\/Mercatino-di-Loano-Incanti-di-Natale-2.jpg\" rel=\"prettyPhoto[gallery-wJL9]\"><img decoding=\"async\" class=\"wp-image-20536\" src=\"https:\/\/www.visitloano.it\/wp-content\/uploads\/2023\/11\/Mercatino-di-Loano-Incanti-di-Natale-2.jpg\" alt=\"\" \/><\/a>\r\n<figcaption class=\"wp-element-caption\">default<\/figcaption>\r\n<\/figure>\r\n\r\n\r\n\r\n<p>I pomeriggi di shopping saranno accompagnati da eventi musicali e da animazioni per i pi\u00f9 piccini (sempre a partire dalle 16.30). Dal 7 al 10 dicembre si tiene il \u201cLaboratorio dell&#8217;elfo\u201d; gioved\u00ec 7 dicembre appuntamento con la baby-dance; venerd\u00ec 8 dicembre concerto de \u201cU Gumbu de Loa-Verzi\u201d; sabato 9 dicembre concerto gospel con The Soul of Gospel; sabato 16 dicembre al mercatino e nelle vie del centro animazione con musica e la presentazione del \u201cFugassa Tour\u201d a cura dell&#8217;associazione \u201cDue Zaini e un Camallo\u201d; domenica 17 dicembre spettacolo di magia itinerante \u201cBimbi in magia\u201d con Mago Alex; domenica 24 dicembre concerto di Natale; gioved\u00ec 28 dicembre nuovo appuntamento con \u201cBimbi in magia\u201d e Mago Alex; sabato 30 dicembre dalle 17 concerto de \u201cU Gumbu de Loa-Verzi\u201d; domenica 31 dicembre animazione per grandi e piccini; gioved\u00ec 4 gennaio 2024 torna \u201cBimbi in magia\u201d. Il mercatino sar\u00e0 aperto sabato 2 e domenica 3 dicembre 2023; da gioved\u00ec 7 a domenica 10 dicembre 2023; sabato 16 e domenica 17 dicembre 2023; da sabato 23 a domenica 7 gennaio (dal luned\u00ec al sabato dalle 15 alle 19; la domenica dalle 10 alle 19).<\/p>\r\n\r\n\r\n\r\n<figure class=\"wp-block-image size-large\"><a href=\"https:\/\/www.visitloano.it\/wp-content\/uploads\/2023\/11\/Pista-Pattinaggio.jpg\" rel=\"prettyPhoto[gallery-wJL9]\"><img decoding=\"async\" class=\"wp-image-20526\" src=\"https:\/\/www.visitloano.it\/wp-content\/uploads\/2023\/11\/Pista-Pattinaggio.jpg\" alt=\"\" \/><\/a><\/figure>\r\n\r\n\r\n\r\n<p>Dal 2 dicembre 2023 al 7 gennaio 2024 in piazza Italia sar\u00e0 allestita una grande <strong>pista di pattinaggio<\/strong> che consentir\u00e0 a grandi e piccini, esperti e meno esperti, di provare l&#8217;ebbrezza di scivolare sul ghiaccio. La splendida atmosfera, la vicinanza all&#8217;albero di Natale, al mercatino regaleranno a tutti l&#8217;emozione di vivere in una favola. La pista sar\u00e0 aperta tutti i giorni dalle 10 alle 19.30, sabato e domenica dalle 10 alla mezzanotte. Tutte le informazioni su treninimiletto.it.<\/p>\r\n\r\n\r\n\r\n<p>Sabato 16 dicembre in centro c&#8217;\u00e8 \u201c<strong>Aspettando Natale<\/strong>\u201d, manifestazione promossa da Fipe Confcommercio e Centro Culturale Polivalente. Dalle 10 street-food e bancarelle; dalle 16 musica itinerante con Tribal Delight e animazione itinerante con Studium Dance &amp; Movement; alle 16 in piazza Rocca concerto de \u201cU Gumbu de Loa-Verzi\u201d e in Orto Maccagli collegamento dal vivo con Radio Onda Ligure; in via Ghilini concerto gospel di The Soul of Gospel e in via Stella esibizione di Viola. Sabato 23 dicembre dalle 16 e marted\u00ec 2 gennaio dalle 16.30 doppio appuntamento con \u201c<strong>Emozioni in musica<\/strong>\u201d: la Sbanday Street Band dell&#8217;Associazione Musicale Santa Maria Immacolata attraverser\u00e0 le vie e le piazze del centro con la sua solita, trascinante energia, mentre i ragazzi di Studium Dance &amp; Movement regaleranno al pubblico un pomeriggio di entusiasmante animazione itinerante.<\/p>\r\n\r\n\r\n\r\n<figure class=\"wp-block-image size-large\"><a href=\"https:\/\/www.visitloano.it\/wp-content\/uploads\/2023\/11\/Presepe-Vivente.jpg\" rel=\"prettyPhoto[gallery-wJL9]\"><img decoding=\"async\" class=\"wp-image-20538\" src=\"https:\/\/www.visitloano.it\/wp-content\/uploads\/2023\/11\/Presepe-Vivente.jpg\" alt=\"\" \/><\/a><\/figure>\r\n\r\n\r\n\r\n<p>Domenica 24 dicembre dalle 22.30 piazza Italia e piazza Palestro si animeranno del<strong> presepe vivente <\/strong>itinerante organizzato da Vecchia Loano in collaborazione con la parrocchia di San Giovanni Battista.<\/p>\r\n\r\n\r\n\r\n<figure class=\"wp-block-image size-large\"><a href=\"https:\/\/www.visitloano.it\/wp-content\/uploads\/2021\/11\/Cimento-06-scaled.jpg\" rel=\"prettyPhoto[gallery-wJL9]\"><img decoding=\"async\" class=\"wp-image-16445\" src=\"https:\/\/www.visitloano.it\/wp-content\/uploads\/2021\/11\/Cimento-06.jpg\" alt=\"\" \/><\/a><\/figure>\r\n\r\n\r\n\r\n<p>Il 28 dicembre torna il \u201c<strong>Cimento invernale di nuoto<\/strong>\u201d. Il tradizionale tuffo si terr\u00e0 alle 10.30 presso i Bagni Murena e, come sempre, vedr\u00e0 la partecipazione di \u201cprofessionisti del cimento\u201d provenienti da tutta la Liguria e da tutto il nord Italia: gli impavidi tuffatori si metteranno alla prova affrontando il mare d&#8217;inverno per un bagno della durata di pochi secondi o, per i pi\u00f9 allenati, di una decina di minuti.<\/p>\r\n\r\n\r\n\r\n<p>Il 29 dicembre alle 17.30 in piazza Italia si terr\u00e0 l&#8217;evento conclusivo de \u201c<strong>Il mare per tutti<\/strong>\u201d, il progetto di turismo accessibile ed inclusivo finanziato da Regione Liguria e presentato da Pietra Ligure (capofila) con i Comuni di Loano, Borgio Verezzi, Finale Ligure e in collaborazione con 11 associazioni partner. Grande protagonista della giornata sar\u00e0 Annalisa Minetti, che si esibir\u00e0 accanto ai tre giovani talenti cittadini Corinna Parodi, Aurora Vicinanza e Viola Maldarizzi. Durante il pomeriggio, inoltre, verranno ricordate le attivit\u00e0 pi\u00f9 significative collegate al progetto sul territorio di Loano e verr\u00e0 presentata la prossima edizione del Triathlon Sprint Loano, manifestazione a cura di Doria Nuoto Loano che dar\u00e0 l\u2019avvio ai progetti de \u201cIl mare per tutti\u201d per il 2024 garantendo continuit\u00e0 alle attivit\u00e0 finanziate.<\/p>\r\n\r\n\r\n<a href=\"https:\/\/www.visitloano.it\/wp-content\/uploads\/2023\/11\/Annalisa-Minetti.jpg\" rel=\"prettyPhoto[gallery-wJL9]\"><img decoding=\"async\" class=\"wp-image-20523\" src=\"https:\/\/www.visitloano.it\/wp-content\/uploads\/2023\/11\/Annalisa-Minetti.jpg\" style=\"width:100%\" alt=\"\" \/><\/a>\r\n\r\n\r\n<p>Il 30 dicembre in piazza Italia si terr\u00e0 \u201c<strong>Baby Dancer<\/strong>\u201d, un pomeriggio di pura gioia e divertimento per i pi\u00f9 piccoli e le loro famiglie organizzato da Strobe. L&#8217;evento inizia alle 15 con un travolgente \u201cBaby Dance\u201d, seguito da coinvolgenti balli di gruppo e un&#8217;animazione a tema imperdibile. Canzoni e sigle dei cartoni animati pi\u00f9 amati saranno il sottofondo ideale per un pomeriggio di risate e allegria. La chiusura, alle 19.30, che lascer\u00e0 tutti con un sorriso. Alle 16.30 animazione e musica per le vie del centro con \u201c<strong>Aspettando Capodanno<\/strong>\u201d a cura di Fipe Confcommercio e Comitato Loanese. La baby-dance torner\u00e0 anche il 3 gennaio 2024 alle 16.30 in via Ghilini.<\/p>\r\n\r\n\r\n\r\n<p>Il 31 dicembre Loano saluter\u00e0 la fine del 2023 e l&#8217;inizio del 2024 con un <strong>veglione di Capodanno in piazza<\/strong> ricco di musica e divertimento organizzato in collaborazione con l\u2019Agenzia Eccoci. A partire dalle 21 in via Ghilini, in Orto Maccagli e ai mercatini di Natale musica e animazione. Alle 22.30 in piazza Italia dj-set di Enzo Dj ed esibizione della band Divina Show. Il gruppo sar\u00e0 protagonista di un concerto di tribute disco dance coinvolgente, dinamico e senza soste. Il tutto accompagnato da spettacolari costumi di scena che renderanno la serata un piacere anche per gli occhi. Conduce Marco Dottore. La pista di pattinaggio e i mercatini resteranno aperti tutta la sera: alle 21 al \u201cVillaggio Magie di Natale\u201d si terr\u00e0 un dj-set; alle 21.30 in Orto Maccagli concerto della Amarcord Band e alla stessa ora in via Ghilini esibizione di The Barnowls.<\/p>\r\n\r\n\r\n\r\n<p>Il 1^ gennaio 2024 si terr\u00e0 il tradizionale <strong>spettacolo pirotecnico di Capodanno<\/strong>. A partire dalle 18 circa dal molo Doria vicino a Palazzo Kursaal creazioni originali con forme a fontana, a sfera e a effetto pioggia si incroceranno in cielo formando un magico gioco di luci colorate e una scoppiettante scenografia che creer\u00e0 una avvolgente atmosfera. Luce, forma, colore e ritmo comporranno uno spettacolo originale e unico.<\/p>\r\n\r\n\r\n\r\n<p>Il 6 gennaio 2024 alle 15 i Re Magi arriveranno in piazza Italia per festeggiare insieme a grandi e piccini la <strong>Festa della Befana<\/strong>. Pomeriggio a cura di Vecchia Loano.<\/p>\r\n\r\n\r\n\r\n<p>La <strong>musica<\/strong> sar\u00e0 la grande protagonista del periodo natalizio in molti modi. Il 9 dicembre alle 21 nella sala consiliare di Palazzo Doria si terr\u00e0 \u201cNote per l&#8217;Immacolata\u201d, concerto vocale degli allievi dell&#8217;Associazione Musicale Loanese. Il 19 dicembre alle 21 nella chiesa di Santa Maria Immacolata concerto del Coro Polifonico Citt\u00e0 di Loano e della Corale San Nicola di Diano Castello. Il 23 dicembre alle 21 in sala consiliare si terr\u00e0 il concerto \u201cChristmas in Jazz\u201d con il Danila Satragno Quartet. Il 27 dicembre alle 18 in piazza Italia appuntamento con lo Strobe Party e le Sisters Cap. Le celebri sorelle Floriana B. e Ilenia R. Capriati, reduci dal loro tour in Australia, faranno ballare e divertire il pubblico con la loro esplosione di energia e musica. Il 28 dicembre dalle 16 in piazza Italia (o in biblioteca in caso di maltempo) concerto \u201cNote e luci di Natale\u201d a cura dei giovani artisti del campus \u201cVocal Care\u201d di Danila Satragno. A seguire, alle 18, presso l&#8217;oratorio delle Cappe Turchine, concerto con Luigi Malandra, organista titolare della basilica di Superga a Torino. Il 29 dicembre torna \u201cRacconti d&#8217;inverno\u201d, appuntamento musicale delle festivit\u00e0 natalizie organizzato dall\u2019Associazione Compagnia dei Curiosi con il contributo del Comune di Loano che mantiene elementi di continuit\u00e0 con il Premio Nazionale Citt\u00e0 di Loano per la musica tradizionale italiana. Alle 21 nella sala consiliare di Palazzo Doria concerto di Beppe Gambetta \u201cDove tia o vento \/ Where the wind blows\u201d. Il 3 gennaio 2024 alle 17.30 i \u201cRacconti d&#8217;inverno\u201d vedranno piazza Italia animarsi de \u201cLe danze occitane scendono al mare\u201d. Si rinnover\u00e0 il gemellaggio con la cultura musicale delle valli cuneesi rappresentata da Sergio Berardo, poliedrico leader di Lou Dalfin, il gruppo che pi\u00f9 di ogni altro in questi anni ha portato in giro per la penisola e l&#8217;Europa la musica occitana. La band, che quest\u2019anno festeggia quarantuno anni di carriera, si esibir\u00e0 a suon di folk rock per quello che sar\u00e0 un lungo e imperdibile pomeriggio da ballare. L\u2019evento costituisce il preludio del Premio Nazionale per la Musica Tradizionale Italiana organizzato in collaborazione con Compagnia dei Curiosi, che si svolge a luglio e che nel 2024 giunger\u00e0 alla 20^ edizione. Il 5 gennaio 2024 alle 18 presso l&#8217;oratorio delle Cappe Turchine concerto con Paola Arecco (piano), Mattia Pelosi (tenore) e Kateryna Makhnyk (soprano). Il 6 gennaio alle 21 nella chiesa di Monte Carmelo concerto del Coro Polifonico Citt\u00e0 di Loano e della Corale San Nicola di Diano Castello.<\/p>\r\n\r\n\r\n\r\n<p>Dicembre e le feste sono da sempre il tempo dei libri e perci\u00f2 torna in versione natalizia \u201c<strong>LOA Legge in Ogni Angolo<\/strong>\u201d, la manifestazione interamente dedicata alla lettura e alla letteratura promossa dall&#8217;aps #cosavuochetilegga che quest&#8217;anno ha ottenuto un contributo di 20 mila euro da parte del \u201cCentro per il Libro e la Lettura\u201d (Cepell) del Ministero della Cultura. Si comincia il 10 dicembre: alle 17.30 nella sala consiliare di Palazzo Doria Valeria Solarino legge \u201cIl sesso inutile\u201d di Oriana Fallaci. Ad accompagnarla Javier Girotto al sax, Giulio Tampalini alla chitarra. Appuntamento a cura dell&#8217;Aps #cosavuoichetilegga. Il 17 dicembre presso la biblioteca civica \u201cAntonio Arecco\u201d di Palazzo Kursaal primo appuntamento con \u201cBibliobimbi\u201d, ciclo di letture e laboratori per bambini, bambine e loro famiglie. Alle 16.30 prender\u00e0 il via \u201cQuando \u00e8 Natale\u201d, con letture e laboratori per bimbi dai 5 ai 10 anni. I lettori di #cosavuoichetilegga e la Tata Narrastorie di Casa Cultural leggeranno alcuni brani tratti da \u201cLe pi\u00f9 belle storie di Natale\u201d di Gianni Rodari; a seguire laboratorio creativo-artistico \u201cIl mio calendario dell&#8217;Avvento delle parole\u201d con Monica Maggi, alias Tata Narrastorie, e Sonia Angarano di Casa Cultural. Il 23 dicembre alle 16.30 sempre in biblioteca Oreste Castagna sar\u00e0 protagonista di \u201cAspettando il Natale con Oreste Castagna\u201d, con letture e laboratori per bimbi dai 5 ai 10 anni. Il 4 gennaio alle 21.30 nella sala consiliare di Palazzo Doria Peppe Servillo legge \u201cMarcovaldo\u201d di Italo Calvino: nei 100 anni della nascita dello scrittore, una serata dedicata alle fantasiose storie di uno dei personaggi pi\u00f9 celebri della letteratura italiana. Accompagnamento musicale di Cristiano Califano (chitarra). Altri appuntamenti con i libri (e non solo) si terranno il 5 e il 13 gennaio a cura di Strobe. Il 5 gennaio a Palazzo Doria si terr\u00e0 la presentazione del libro \u201cMille papaveri rossi\u201d di Sergio Badino, scrittore e sceneggiatore di storie Disney. Il 13 gennaio, invece, Mattia Villardita presenter\u00e0 il suo libro \u201cIo e Spider-Man\u201d.<\/p>\r\n\r\n\r\n\r\n<p>La <strong>cultura<\/strong> sar\u00e0 protagonista per tutte le festivit\u00e0 natalizie. Il 16 dicembre alle 15.30 nella sala consiliare di palazzo Doria conferenza su \u201cLa mistica dello sguardo dalle simbologie paleocristiane alle visioni contemporanee\u201d a cura di Unitre Loano. Dal 16 dicembre 2023 al 7 gennaio 2024 nella Sala del Mosaico di Palazzo Doria sar\u00e0 allestita \u201cSaluti da Loano\u201d, mostra di cartoline, manifesti turistici e carnevaleschi riguardanti la storia di Loano a cura dell&#8217;Associazione Lodanum. L&#8217;inaugurazione si terr\u00e0 il 16 dicembre alle 17 e sar\u00e0 accompagnata da una conferenza di presentazione a cura di Luca Palazzo. Il 21 dicembre in sala consiliare si terr\u00e0 \u201cUna chiacchierata con Claudia Ghiraldello\u201d, Ambasciatrice per la Cultura di Loano e autrice del libro \u201cArte profana nel caruggio di Loano\u201d.<\/p>\r\n\r\n\r\n\r\n<p>Oltre al \u201cVillaggio Magie di Natale\u201d, saranno molte le occasioni per fare una passeggiata tra le bancarelle dei <strong>mercatini<\/strong>. Come ogni seconda domenica del mese, domenica 10 dicembre dalle 9 alle 19 sotto ai portici di corso Europa e nei vicini giardini \u201cBestoso\u201d torna il Mercatino di Antichit\u00e0 e Collezionismo, la manifestazione dedicata all&#8217;antiquariato e agli oggetti da collezione organizzata dall&#8217;Associazione Culturale e Ricreativa E20 Free con il patrocinio degli assessorati al commercio e al turismo del Comune di Loano. Decine di espositori presenteranno una selezionata raccolta di mobili, argenti, quadri, tappeti e oggetti dal sapore antico e ricchi di fascino. Nel mercatino troveranno posto curiosit\u00e0 e \u201ccose della nonna\u201d, ma anche oggetti da collezione e di modernariato. Venerd\u00ec 8 e sabato 9 dicembre e poi sabato 23 e sabato 30 dicembre dalle 9 alle 17 in piazza Massena torna \u201cMestieri in piazza\u201d, il mercatino degli artigiani e degli artisti organizzato dall&#8217;associazione Artigianalmente con il patrocinio dell&#8217;assessorato al commercio del Comune di Loano. Artigiani professionisti ed artisti specializzati esporranno i frutti del loro ingegno e della loro abilit\u00e0. Sulle bancarelle si potranno trovare opere di scultura, pittura, disegno, incisione ed arti figurative oltre a ceramiche dipinte, oggetti intagliati nel legno, vetro dipinto, borse e cinture realizzate con il cuoio e bigiotteria d\u2019arte.<\/p>\r\n\r\n\r\n\r\n<p>Dall&#8217;1 al 23 dicembre le attivit\u00e0 dei \u201ccaruggetti orbi\u201d daranno vita a \u201c<strong>L&#8217;Avvento nei caruggetti orbi<\/strong>\u201d. Ogni giorno fino alla vigilia di Natale i commercianti dei \u201cvicoli\u201d loanesi lanceranno (tramite social network) una piccola sfida pubblica e doneranno un regalo a chi, per primo, la raccoglier\u00e0 e vincer\u00e0. Il 16 dicembre dalle 17 alle 19.30 evento speciale: una \u201ctombolata kitsch\u201d direttamente nei vicoli. Tutte le informazioni sono disponibili sulla pagina Facebook \u201cL&#8217;Avvento dei caruggetti orbi\u201d.<\/p>\r\n\r\n\r\n\r\n<figure class=\"wp-block-image size-large\"><a href=\"https:\/\/www.visitloano.it\/wp-content\/uploads\/2021\/11\/Avvento-dei-Caruggetti-01.jpeg\" rel=\"prettyPhoto[gallery-wJL9]\"><img decoding=\"async\" class=\"wp-image-16441\" src=\"https:\/\/www.visitloano.it\/wp-content\/uploads\/2021\/11\/Avvento-dei-Caruggetti-01.jpeg\" alt=\"\" \/><\/a><\/figure>\r\n\r\n\r\n\r\n<p>Natale \u00e8 il periodo perfetto per andare alla scoperta del territorio e dei suoi tesori. Gioved\u00ec 7, 14, 21 dicembre tornano gli appuntamenti di \u201c<strong>Loano non solo mare<\/strong>\u201d, il programma curato dalla sezione loanese del Cai con il patrocinio dell&#8217;assessorato a turismo, cultura e sport del Comune di Loano e che si propone di promuovere la pratica escursionistica come occasione di socializzazione, benessere personale, conoscenza e valorizzazione del territorio. Durante le festivit\u00e0 natalizie sar\u00e0 aperto anche il <strong>Museo del Mare<\/strong>, gestito dall&#8217;Associazione Lodanum. Il polo museale di Palazzo Kursaal sar\u00e0 aperto nei giorni dall&#8217;1 al 3 dicembre, dall&#8217;8 al 10 dicembre, dal 15 al 17 dicembre, dal 22 al 24 dicembre il venerd\u00ec e sabato dalle 15 alle 18, la domenica dalle 9.30 alle 12; altre aperture dal 27 al 31 dicembre e dal 2 al 7 gennaio 2024 dalle 15 alle 18 e la domenica sempre dalle 9.30 alle 12.<\/p>\r\n\r\n\r\n\r\n<p>Mercoled\u00ec 3 gennaio 2024 lungo la passeggiata a mare, in spiaggia e nel centro storico si terr\u00e0 la \u201c<strong>Corsa dei Babbi Natale<\/strong>\u201d promossa da Fipe Confcommercio e Centro Culturale Polivalente in collaborazione con Runners For Autism e Asd Maremontana. Partenza e arrivo in piazza Italia.<\/p>\r\n\r\n\r\n\r\n<p>Non mancheranno gli appuntamenti con lo <strong>sport<\/strong>. Il 9 dicembre al PalaGarassini si terr\u00e0 l&#8217;edizione 2023 dell&#8217;International Fight Show, prestigioso gal\u00e0 di sport da combattimento organizzato dall&#8217;Asd Team Perlungher. Dal 2 al 5 gennaio 2024 al PalaGarassini si terr\u00e0 la 8^ edizione di \u201cLoano in danza\u201d organizzata dall&#8217;Asd Promozione Danza Liguria. Sempre parlando di danza, il 3 e 15 dicembre in piazza Italia doppio appuntamento con il \u201cCerchio Aereo\u201d, spettacolo dell&#8217;Asd Etnica Danza Movimento e Armonia che nasce dalla fusione tra la danza e l&#8217;acrobatica aerea. Sabato 16 e domenica 17 dicembre nuovo appuntamento con il Campionato Invernale di Marina di Loano. Dal 28 al 30 dicembre allo stadio Ellena si tiene il Torneo di Calcio Citt\u00e0 di Loano organizzato dall&#8217;Asd San Francesco Loano per le categorie Esordienti 2012 e Misti, Pulcini 2013 e 2014 e Primi Calci 2015 e 2016 e Piccoli Amici 2017\/2018. Il 5 e 6 gennaio 2024 dalle 10 alle 18 ai Bagni Lampara due giorni dedicati all&#8217;equitazione organizzati da Fipe Confcommercio e Centro Culturale Polivalente con \u201cbattesimo della sella\u201d e passeggiate con cavalli.<\/p>\r\n\r\n\r\n\r\n<p>Durante le festivit\u00e0 natalizie non mancheranno le <strong>occasioni solidali<\/strong>. Dall&#8217;8 al 10 dicembre saranno in distribuzione a Loano le \u201cStelle di Natale\u201d che aiutano la ricerca di Ail, l&#8217;Associazione Italiana contro le Leucemie, i Linfomi e il Mieloma. Sabato 9 dicembre i volontari dell&#8217;associazione \u201cLe ali di Camilla\u201d saranno in piazza Rocca con i \u201cTorroni solidali\u201d: tutto il ricavato andr\u00e0 a sostenere i bambini affetti da epidermolisi bollosa. Come tradizione durante le festivit\u00e0 natalizie, nei pomeriggi del 30 dicembre e del 5 gennaio 2024 i membri del Gruppo Alpini di Loano saranno in piazza Rocca per la consueta distribuzione di vin brul\u00e8 e cioccolata calda a tutti i loanesi ed ospiti. Un \u201ccaldo abbraccio\u201d per celebrare al meglio la fine dell&#8217;anno vecchio e l&#8217;inizio dell&#8217;anno nuovo e per sostenere concretamente una delle pi\u00f9 importanti realt\u00e0 sanitarie della nostra regione: le offerte raccolte durante le due giornate, infatti, saranno destinate all&#8217;ospedale pediatrico Gaslini di Genova.<\/p>\r\n\r\n\r\n\r\n<p>Il 17 dicembre appuntamento con uno dei simboli dei motori italiani: alle 10 in piazza Italia \u201c<strong>Presepando<\/strong>\u201d, raduno di Fiat 500 con presepi. Nello stesso giorno, dalle 11 alle 17, spettacolo di falconeria nel ridotto del Giardino del Principe.<\/p>\r\n\r\n\r\n\r\n<figure class=\"wp-block-image size-large\"><a href=\"https:\/\/www.visitloano.it\/wp-content\/uploads\/2023\/11\/Presepe-Loano.jpg\" rel=\"prettyPhoto[gallery-wJL9]\"><img decoding=\"async\" class=\"wp-image-20539\" src=\"https:\/\/www.visitloano.it\/wp-content\/uploads\/2023\/11\/Presepe-Loano.jpg\" alt=\"\" \/><\/a><\/figure>\r\n\r\n\r\n\r\n<p>Con l&#8217;arrivo delle festivit\u00e0 natalizie presso le chiese e gli oratori di Loano sono stati allestiti numerosi <strong>presepi tradizionali<\/strong>. Ogni ricostruzione della rappresentazione della Nativit\u00e0 \u00e8 ambientata in uno scenografico paesaggio. Accanto ai protagonisti canonici del presepio ci sono figure di personaggi popolari e scene di vita quotidiana. Talvolta sono presenti scene meccaniche. Visitando le ricostruzioni della Nativit\u00e0 allestite nelle parrocchie, nelle cappelle e negli oratori della citt\u00e0 sar\u00e0 possibile tracciare un vero e proprio itinerario alla scoperta delle ricchezze architettonico-religiose di Loano. Presepi tradizionali sono stati allestiti presso l&#8217;oratorio di Nostra Signora del Santissimo Rosario o \u201cdei Turchini\u201d in piazza Italia (dall&#8217;8 dicembre 2022 al 23 gennaio 2023); nella parrocchia di San Pio X in via Bergamo (dal 24 dicembre 2022 al 2 febbraio 2023); nella parrocchia di Santa Maria Immacolata di via dei Gazzi (dal 24 dicembre 2022 al 2 febbraio 2023); nell&#8217;oratorio di San Giovanni Battista o \u201cdei Bianchi\u201d in via Boragine (dall&#8217;8 dicembre 2022 al 29 gennaio 2023); nella parrocchia di San Giovanni Battista (dal 24 dicembre 2022 al 2 febbraio 2023); presso il convento di Monte Carmelo (aperto tutto l&#8217;anno).<\/p>\r\n","protected":false},"excerpt":{"rendered":"<p>The city of Loano is ready to plunge into the Christmas atmosphere with \u201cChristmas Moments,\u201d the rich calendar of events organized by the City Council's Department of Tourism, Culture and Sports in collaboration...<\/p>","protected":false},"author":3,"featured_media":1979,"comment_status":"closed","ping_status":"closed","sticky":false,"template":"","format":"standard","meta":{"footnotes":""},"categories":[1],"tags":[],"class_list":{"0":"post-20512","1":"post","2":"type-post","3":"status-publish","4":"format-standard","5":"has-post-thumbnail","7":"category-news"},"_links":{"self":[{"href":"https:\/\/www.visitloano.it\/en\/wp-json\/wp\/v2\/posts\/20512","targetHints":{"allow":["GET"]}}],"collection":[{"href":"https:\/\/www.visitloano.it\/en\/wp-json\/wp\/v2\/posts"}],"about":[{"href":"https:\/\/www.visitloano.it\/en\/wp-json\/wp\/v2\/types\/post"}],"author":[{"embeddable":true,"href":"https:\/\/www.visitloano.it\/en\/wp-json\/wp\/v2\/users\/3"}],"replies":[{"embeddable":true,"href":"https:\/\/www.visitloano.it\/en\/wp-json\/wp\/v2\/comments?post=20512"}],"version-history":[{"count":4,"href":"https:\/\/www.visitloano.it\/en\/wp-json\/wp\/v2\/posts\/20512\/revisions"}],"predecessor-version":[{"id":24049,"href":"https:\/\/www.visitloano.it\/en\/wp-json\/wp\/v2\/posts\/20512\/revisions\/24049"}],"wp:featuredmedia":[{"embeddable":true,"href":"https:\/\/www.visitloano.it\/en\/wp-json\/wp\/v2\/media\/1979"}],"wp:attachment":[{"href":"https:\/\/www.visitloano.it\/en\/wp-json\/wp\/v2\/media?parent=20512"}],"wp:term":[{"taxonomy":"category","embeddable":true,"href":"https:\/\/www.visitloano.it\/en\/wp-json\/wp\/v2\/categories?post=20512"},{"taxonomy":"post_tag","embeddable":true,"href":"https:\/\/www.visitloano.it\/en\/wp-json\/wp\/v2\/tags?post=20512"}],"curies":[{"name":"wp","href":"https:\/\/api.w.org\/{rel}","templated":true}]}}