{"id":2034,"date":"2013-07-23T11:07:30","date_gmt":"2013-07-23T09:07:30","guid":{"rendered":"https:\/\/www.visitloano.it\/?p=1194"},"modified":"2013-07-23T11:07:30","modified_gmt":"2013-07-23T09:07:30","slug":"city-of-loano-national-award-for-traditional-italian-music-2","status":"publish","type":"post","link":"https:\/\/www.visitloano.it\/en\/2034\/news\/premio-nazionale-citta-di-loano-per-la-musica-tradizionale-italiana-2\/","title":{"rendered":"{:it}National Prize City of Loano for Italian Traditional Music{:}"},"content":{"rendered":"<p>{:it}<\/p>\n<p align=\"center\"><b>COMUNICATO STAMPA (22\/07\/2013)<\/b><b><\/b><\/p>\n<p>Prosegue, a <b>Loano,<\/b> la nona edizione del <b>Premio Nazionale Citt\u00e0 di Loano per la musica tradizionale italiana<\/b>, organizzato dall&#8217;<b>Associazione Compagnia dei Curiosi <\/b>in collaborazione con l&#8217;<b>Assessorato al Turismo e alla Cultura del Comune di Loano<\/b>, con il contributo della <b>Fondazione A. De Mari<\/b> e il patrocinio della <b>Regione Liguria<\/b>,<b> <\/b>della<b> Provincia di Savona<\/b>,<b> <\/b>dell&#8217;<b>ANCI<\/b> e del <b>MEI<\/b>.<\/p>\n<p><b>Marted\u00ec 23 luglio<\/b>, alle <b>ore 16.00<\/b>, in <b>Piazza Palestro<\/b>, prender\u00e0 il via lo <b>Stage di Danze Sarde con Lucio Atzei <\/b>organizzate in<b> <\/b>collaborazione con l\u2019 <b>Associazione &#8220;Bala in riva a u ma&#8221;. <\/b>Lo stage gratuito propone un primo approccio al repertorio di danze sarde, prendendo in considerazione prioritariamente i balli dell&#8217;area geografica nativa dell&#8217;insegnante ovvero il Campidano di Oristano e la Marmilla.<\/p>\n<p><b>Lucio Atzei <\/b>ha iniziato il suo lungo percorso all&#8217;et\u00e0 di quindici anni nel Gruppo di Danze Popolari del paese in provincia di Oristano. Nei primi anni Ottanta a Milano inizia ad insegnare le danze sarde nell&#8217;ambito di corsi, stage e seminari di studio e nell&#8217;arco di oltre trent&#8217;anni ha promosso il repertorio Sardo nella sua regione e in tutti Italia.<\/p>\n<p>Alle <b>18.30<\/b>, nei <b>Giardini Caduti\u00a0di Nassiriya<\/b> sul lungomare, si svolger\u00e0 l\u2019incontro<b> \u201cUn pugliese a Milano: omaggio a Enzo Jannacci\u201d<\/b> con <b>Paolo Jannacci<\/b>, <b>Osvaldo Ardenghi e John Vignola,<\/b><\/p>\n<p>Le storie di Enzo Jannacci, nella Milano degli anni Cinquanta e Sessanta, si sono servite anche del dialetto. Nonostante, o forse proprio grazie alle sue origini pugliesi da parte di padre, Enzo \u00e8 riuscito a descrivere con una propriet\u00e0 linguistica impressionante le zone periferiche di una metropoli ancora in cerca di un po\u2019 di redenzione, lontana anni luce da quella <i>Milano da bere<\/i> che sarebbe arrivata, con tanto fragore, a fare quasi piazza pulita, <img loading=\"lazy\" decoding=\"async\" class=\"size-medium wp-image-1114 alignleft\" alt=\"461801_358093280898146_1443422217_o\" src=\"https:\/\/www.visitloano.it\/wp-content\/uploads\/2013\/06\/461801_358093280898146_1443422217_o-300x300.jpg\" width=\"300\" height=\"300\" \/>trent\u2019anni pi\u00f9 tardi. <i>La Milano di Enzo Jannacci<\/i>, un LP che metteva in fila luoghi (Rogoredo, L\u2019idroscalo, Piazza Beccaria) e persone (la prostituta, l\u2019ingenuo, il ladro disperato) con una umanit\u00e0 irripetibile, complice anche l\u2019uso della parlata milanese. Un pezzo come <i>El purtava i scarp del tennis<\/i>, anti-inno dei diseredati di tutta una citt\u00e0.<\/p>\n<p>Il Premio Citt\u00e0 di Loano racconter\u00e0 questo aspetto dell\u2019opera di Enzo Jannacci con il figlio, <b>Paolo<\/b>, e con <b>Osvaldo Ardenghi<\/b>, suo amico e collaboratore, che si \u00e8 trovato poco tempo fa a mettere in scena un suo testo teatrale: sar\u00e0 anche un modo per ricordare un artista al di l\u00e0 di ogni genere che non sia quello, universale, della poesia.<i><\/i><\/p>\n<p><a href=\"https:\/\/www.visitloano.it\/wp-content\/uploads\/2013\/06\/Premio-Loano-Alfio-Antico-2.jpg\" rel=\"prettyPhoto[gallery-9hp7]\"><img loading=\"lazy\" decoding=\"async\" class=\"size-medium wp-image-1118 alignleft\" alt=\"Premio Loano Alfio Antico (2)\" src=\"https:\/\/www.visitloano.it\/wp-content\/uploads\/2013\/06\/Premio-Loano-Alfio-Antico-2-300x300.jpg\" width=\"300\" height=\"300\" \/><\/a>Alle <b>21.30<\/b>, nello <b>Spazio Culturale Orto Maccagli<\/b>, sul lungomare, ad aprire la serata sar\u00e0 l\u2019esibizione di <b>Alfio Antico<\/b>, che ricever\u00e0 il<b> Premio alla Carriera 2013 <\/b>per \u201cla sua rilevanza nella musica tradizionale, che ha interpretato con la passione per le radici e la consapevolezza del presente, riannodando fili tutt\u2019altro che invisibili \u2013 quelli della tammorra e della vita agreste, del richiamo della terra e del cielo <b>\u2013<\/b> e rilanciandoli nel contemporaneo.\u201d Nelle sue mani, il tamburo esprime sonorit\u00e0 impensabili, che fanno comprendere le risorse infinite di questo pur semplice strumento. Alfio vi aggiunge la sua vena poetica, espressa nella lingua che meglio conosce, il siciliano; la sua teatralit\u00e0 naturale \u00e8 dirompente.<b><\/b><\/p>\n<p><a href=\"https:\/\/www.visitloano.it\/wp-content\/uploads\/2013\/06\/Premio-Loano-Raiz-e-Radicanto.jpg\" rel=\"prettyPhoto[gallery-9hp7]\"><img loading=\"lazy\" decoding=\"async\" class=\"size-medium wp-image-1116 alignleft\" alt=\"Premio Loano Raiz e Radicanto\" src=\"https:\/\/www.visitloano.it\/wp-content\/uploads\/2013\/06\/Premio-Loano-Raiz-e-Radicanto-300x300.jpg\" width=\"300\" height=\"300\" \/><\/a>Il viaggio proseguir\u00e0 nel Mediterraneo con <b>Raiz <\/b>e il gruppo barese <b>Radicanto<\/b> che insieme intrecceranno la <b>tradizione greco-salentina<\/b> e il canto <b>sefardita<\/b>, la <b>canzone napoletana e il fado portoghese<\/b>, i <b>ritmi nordafricani e quelli mediorientali e asiatici <\/b>insieme a brani d&#8217;autore di Raiz e degli Almamegretta, riletti con ritmicit\u00e0 ed eleganza in una chiave destrutturata e riportata alla propria essenza.<b><\/b><\/p>\n<p><b>&#8220;Casa&#8221;<\/b> \u00e8 il progetto discografico nato dall\u2019incontro di <b>Raiz,<\/b> storica voce degli Almamegretta, con il gruppo barese di musica popolare <b>Radicanto<\/b>. Allo stesso tempo \u00e8 anche la metafora di un luogo di musica immaginaria mediterranea, meticcia, dove ci s&#8217;incontra per scambiarsi atmosfere e sensazioni. L&#8217;universo sonoro della voce di Raiz incontrer\u00e0 gli echi delle corde, delle pelli e dei papiri che formano gli strumenti dei Radicanto. Dall&#8217;unione magica di questi due mondi nasce il racconto di una storia che inizia ma non ha fine, perch\u00e9 continua dentro di noi, nel Mediterraneo che ci portiamo dentro.<\/p>\n<p>Sul palco accanto a<b> Raiz <\/b>suoneranno<b> Fabrizio Piepoli <\/b>(voce, basso elettrico), <b>Giuseppe De Trizio <\/b>(chitarra classica), <b>Adolfo Lavolpe<\/b> (chitarra elettrica), <b>Francesco De Palma <\/b>(batteria). <b><\/b>{:}<\/p>\n","protected":false},"excerpt":{"rendered":"<p>{:en} PRESS RELEASE (07\/22\/2013) The ninth edition of the City of Loano National Award for Traditional Italian Music, organized by the Compagnia dei Curiosi Association in collaboration with the Department...<\/p>","protected":false},"author":2,"featured_media":1118,"comment_status":"open","ping_status":"open","sticky":false,"template":"","format":"standard","meta":{"footnotes":""},"categories":[1],"tags":[],"class_list":{"0":"post-2034","1":"post","2":"type-post","3":"status-publish","4":"format-standard","5":"has-post-thumbnail","7":"category-news"},"_links":{"self":[{"href":"https:\/\/www.visitloano.it\/en\/wp-json\/wp\/v2\/posts\/2034","targetHints":{"allow":["GET"]}}],"collection":[{"href":"https:\/\/www.visitloano.it\/en\/wp-json\/wp\/v2\/posts"}],"about":[{"href":"https:\/\/www.visitloano.it\/en\/wp-json\/wp\/v2\/types\/post"}],"author":[{"embeddable":true,"href":"https:\/\/www.visitloano.it\/en\/wp-json\/wp\/v2\/users\/2"}],"replies":[{"embeddable":true,"href":"https:\/\/www.visitloano.it\/en\/wp-json\/wp\/v2\/comments?post=2034"}],"version-history":[{"count":0,"href":"https:\/\/www.visitloano.it\/en\/wp-json\/wp\/v2\/posts\/2034\/revisions"}],"wp:featuredmedia":[{"embeddable":true,"href":"https:\/\/www.visitloano.it\/en\/wp-json\/"}],"wp:attachment":[{"href":"https:\/\/www.visitloano.it\/en\/wp-json\/wp\/v2\/media?parent=2034"}],"wp:term":[{"taxonomy":"category","embeddable":true,"href":"https:\/\/www.visitloano.it\/en\/wp-json\/wp\/v2\/categories?post=2034"},{"taxonomy":"post_tag","embeddable":true,"href":"https:\/\/www.visitloano.it\/en\/wp-json\/wp\/v2\/tags?post=2034"}],"curies":[{"name":"wp","href":"https:\/\/api.w.org\/{rel}","templated":true}]}}