{"id":2030,"date":"2013-07-18T12:43:06","date_gmt":"2013-07-18T10:43:06","guid":{"rendered":"https:\/\/www.visitloano.it\/?p=1156"},"modified":"2013-07-18T12:43:06","modified_gmt":"2013-07-18T10:43:06","slug":"italian-night","status":"publish","type":"post","link":"https:\/\/www.visitloano.it\/en\/2030\/news\/notte-italiana\/","title":{"rendered":"{:it}Italian Night{:}"},"content":{"rendered":"<p>{:it}<\/p>\n<p align=\"center\"><b><a href=\"https:\/\/www.visitloano.it\/wp-content\/uploads\/2013\/07\/Loano-Finalmente-Venerd%C3%AC-Leo-Saracino.jpg\" rel=\"prettyPhoto[gallery-Y3Fm]\"><img loading=\"lazy\" decoding=\"async\" class=\"size-medium wp-image-1158 alignleft\" alt=\"Loano Finalmente Venerd\u00ec - Leo Saracino\" src=\"https:\/\/www.visitloano.it\/wp-content\/uploads\/2013\/07\/Loano-Finalmente-Venerd%C3%AC-Leo-Saracino-300x300.jpg\" width=\"300\" height=\"300\" \/><\/a><\/b><\/p>\n<p align=\"center\">\n<p align=\"center\">\n<p align=\"center\">\n<p align=\"center\">\n<p align=\"center\">\n<p align=\"center\">\n<p align=\"center\">\n<p align=\"center\">\n<p align=\"center\">\n<p align=\"center\"><b>COMUNICATO STAMPA (18\/07\/2013)<\/b><\/p>\n<p style=\"text-align: left;\" align=\"center\"><b>Venerd\u00ec 19 luglio, <\/b>a<b> Loano<\/b>, si svolger\u00e0 la <b>seconda edizione<\/b> dell\u2019iniziativa <b>\u201c<\/b><b>Notte Italiana\u201d<\/b>, promossa dall\u2019<b>Associazione Vecchia Loano <\/b>e dall\u2019<b>A.S.T.L. LiguriaWebTv<\/b> con il patrocinio dell\u2019<b>Assessorato al Turismo, Cultura e Sport del Comune di Loano.<\/b><\/p>\n<p>Al centro dell\u2019iniziativa ci saranno <b>moda, musica e prodotti della gastronomia<\/b>, tutti rigorosamente <b>\u201cmade in Italy\u201d<\/b>. Dalle <b>16.00<\/b> fino a notte tarda, la <b>Notte Italiana <\/b>offrir\u00e0 intrattenimento musicale, shopping e degustazione di prodotti tipici.<\/p>\n<p><b>Tredici <\/b>in tutto le postazioni musicali. Eventi principali della serata saranno lo special guest di <b>Cristina D\u2019Avena<\/b> atteso al <b>bar Florida <\/b>dalle<b> 20.00<\/b> e l\u2019esibizione dei <b>Cover Italiana<\/b> al <b>bar Vittorino<\/b> dalle <b>21.00.<\/b><\/p>\n<p>Previsto, inoltre, dalle <b>ore 21.00,<\/b> in <b>piazza Rocca<\/b> il tributo alle grandi voci femminili del jazz eseguito dalla band <b>Sophisticated Lady<\/b>, nell\u2019ambito della rassegna <b>Finalmente Venerd\u00ec, <\/b>promossa dall\u2019<b>Assessorato al Turismo del Comune di Loano.<\/b><\/p>\n<p>Protagonisti del concerto saranno <b>Simona Briozzo <\/b>(voce), <b>Loris Tarantino<\/b> (pianoforte), <b>Dino Cerruti<\/b> (contrabbasso), <b>Leonardo Saracino<\/b> (batteria). Il repertorio della serata spazier\u00e0 tra i pi\u00f9 noti standard.<\/p>\n<p>Il cuore della manifestazione sar\u00e0 rappresentato dagli stand allestiti sulla passeggiata e nella Marina di Loano con i prodotti enogastronomici regionali \u00a0(D.O.C. e I.g.p.). I prodotti locali d\u2019eccellenza giungeranno da <b>Piemonte, Emilia Romagna, Campania, Calabria, Puglia, Sicilia, Sardegna <\/b>e naturalmente<b> Liguria.<\/b><\/p>\n<p>Sempre sul lungomare, nei pressi della <b>Casetta dei lavoratori del mare<\/b>, si svolger\u00e0 la <b>Muscolata d\u2019estate<\/b>, organizzata dalla <b>Confraternita dei Turchini<\/b>, che proseguir\u00e0 anche<b> sabato 20 luglio<\/b>. Nel padellone d\u2019acciaio saranno cucinati tra i<b> nove <\/b>e i<b> dodici quintali di muscoli. <\/b>La ricetta \u00e8 quella tradizionale ligure ed in particolare quella dei pescatori loanesi. I muscoli saranno insaporiti da pomodorini, aglio, prezzemolo, olio extravergine e vino bianco<b> <\/b>locale.<\/p>\n<p>La passeggiata di Loano sar\u00e0 addobbata con il tricolore e saranno allestiti nel centro citt\u00e0 e nella Marina di Loano numerose aree spettacolo dedicate alla musica italiana: sonorit\u00e0 jazz all\u2019Ice Square, sul Molo Francheville con i <b>Combarin<\/b>, rock al Bar &#8216;900 con la band <b>Linea D&#8217;ombra<\/b> e il \u00a0tributo ai Liftiba, rock al Bar Passion e Bar Class con i <b>Blasco Mania<\/b> e il tributo a Vasco Rossi,\u00a0 pop al Bar Rino, Bar Gipsy e Bar Queeny\u00a0 con <b>Armo&#8217;nia Ensemble<\/b>, musica italiana al Bar Hi-Fi \u00a0con <b>Sante.<\/b><\/p>\n<p>In \u00a0<b>Piazza Massena<\/b> suoner\u00e0 la band pop <b>Run Like Hell,<\/b> in <b>Via Ghilini<\/b> si esibir\u00e0 <b>Paolo Bortolotti<\/b>, in <b>via Stella<\/b> canter\u00e0 <b>Ray Fiore<\/b>, in piazza<b> Palestro <\/b>suoner\u00e0<b> Turn Around<\/b>. Infine, al Bar centrale, in piazza Italia, ci sar\u00e0 dalle <b>18.00<\/b>, musica con il <b>dj Tino.<\/b>{:}<\/p>\n","protected":false},"excerpt":{"rendered":"<p>{:en} PRESS RELEASE (07\/18\/2013) On Friday, July 19, Loano will host the second edition of the \u201cItalian Night\u201d initiative, promoted by the Old Loano Association and A.S.T.L. LiguriaWebTv under the patronage of the Department of Tourism,...<\/p>","protected":false},"author":2,"featured_media":1158,"comment_status":"open","ping_status":"open","sticky":false,"template":"","format":"standard","meta":{"footnotes":""},"categories":[1],"tags":[],"class_list":{"0":"post-2030","1":"post","2":"type-post","3":"status-publish","4":"format-standard","5":"has-post-thumbnail","7":"category-news"},"_links":{"self":[{"href":"https:\/\/www.visitloano.it\/en\/wp-json\/wp\/v2\/posts\/2030","targetHints":{"allow":["GET"]}}],"collection":[{"href":"https:\/\/www.visitloano.it\/en\/wp-json\/wp\/v2\/posts"}],"about":[{"href":"https:\/\/www.visitloano.it\/en\/wp-json\/wp\/v2\/types\/post"}],"author":[{"embeddable":true,"href":"https:\/\/www.visitloano.it\/en\/wp-json\/wp\/v2\/users\/2"}],"replies":[{"embeddable":true,"href":"https:\/\/www.visitloano.it\/en\/wp-json\/wp\/v2\/comments?post=2030"}],"version-history":[{"count":0,"href":"https:\/\/www.visitloano.it\/en\/wp-json\/wp\/v2\/posts\/2030\/revisions"}],"wp:featuredmedia":[{"embeddable":true,"href":"https:\/\/www.visitloano.it\/en\/wp-json\/"}],"wp:attachment":[{"href":"https:\/\/www.visitloano.it\/en\/wp-json\/wp\/v2\/media?parent=2030"}],"wp:term":[{"taxonomy":"category","embeddable":true,"href":"https:\/\/www.visitloano.it\/en\/wp-json\/wp\/v2\/categories?post=2030"},{"taxonomy":"post_tag","embeddable":true,"href":"https:\/\/www.visitloano.it\/en\/wp-json\/wp\/v2\/tags?post=2030"}],"curies":[{"name":"wp","href":"https:\/\/api.w.org\/{rel}","templated":true}]}}