{"id":19345,"date":"2023-05-30T11:32:49","date_gmt":"2023-05-30T09:32:49","guid":{"rendered":"https:\/\/www.visitloano.it\/?p=19345"},"modified":"2025-10-08T11:02:13","modified_gmt":"2025-10-08T09:02:13","slug":"national-city-of-loano-award-for-traditional-italian-music-leuca-by-rachele-andrioli-wins-best-album-2022-and-youth-award","status":"publish","type":"post","link":"https:\/\/www.visitloano.it\/en\/19345\/news\/premio-nazionale-citta-di-loano-per-la-musica-tradizionale-italiana-leuca-di-rachele-andrioli-vince-il-premio-miglior-album-2022-e-il-premio-giovani\/","title":{"rendered":"City of Loano National Award for Italian Traditional Music, Rachele Andrioli's \u201cLeuca\u201d wins Best Album 2022 and Youth Award"},"content":{"rendered":"\r\n<p>\u00c8 \u201cLeuca\u201d, esordio solista della cantante salentina Rachele Andrioli, pubblicato da Finisterre, l\u2019album vincitore del Premio Nazionale Citt\u00e0 di Loano per la Musica Tradizionale Italiana, il pi\u00f9 prestigioso riconoscimento per la musica di tradizione in Italia, assegnato ogni anno alla migliore produzione musicale di ambito folk da una giuria composta da oltre cinquanta giornalisti specializzati e studiosi. Sempre \u201cLeuca\u201d si aggiudica anche il Premio Giovani, riservato a musiciste e musicisti under 35.<br \/>La diciannovesima edizione della rassegna, prevista dal 26 al 28 luglio 2023 a Loano, conferma dunque l\u2019attenzione del Premio a una nuova generazione di performer, che ha saputo far propria l\u2019eredit\u00e0 delle musiche di tradizione, in dialetto o nelle lingue minoritarie, ma che la porta avanti nel contesto delle nuove creativit\u00e0 musicali.<\/p>\r\n\r\n\r\n\r\n<p>\u201cLa &#8216;doppia&#8217; vittoria di Leuca di Rachele Andrioli non ci coglie impreparati &#8211; afferma il direttore artistico Jacopo Tomatis &#8211; Da anni con il Premio Loano sosteniamo i giovani musicisti e le giovani musiciste attraverso produzioni originali e inviti ad hoc, e fra i dischi pi\u00f9 votati dalla nostra giuria nelle ultime edizioni figurano numerosi artisti della &#8216;nuova&#8217; generazione. Si tratta \u2013 come Rachele Andrioli \u2013 di performer cresciuti nel pieno del rilancio della world music degli anni duemila, che hanno riscoperto le loro tradizioni attraverso le loro famiglie o con la mediazione dei dischi e di Internet. In ogni caso, ci raccontano di un nuovo fermento intorno a queste musiche in Italia, portato avanti con tecniche e strumenti sempre pi\u00f9 raffinati, con tanta passione e senza imporsi pi\u00f9 limiti filologici o ideologici\u201d.<\/p>\r\n\r\n\r\n\r\n<p>\u201cIl Premio Nazionale Citt\u00e0 di Loano \u2013 affermano il sindaco di Loano Luca Lettieri e l&#8217;assessore alla cultura Enrica Rocca \u2013 non si propone solo di premiare le migliori produzioni folk dell&#8217;ultimo periodo o di tributare il giusto omaggio a chi, negli anni, si \u00e8 affermato come uno dei migliori rappresentanti di questo particolare genere, ma ha anche l&#8217;obiettivo di promuovere un tipo di musica che si colloca nel solco del costume e delle tradizioni locali del nostro Paese. I ritmi, le sonorit\u00e0, i temi, persino gli strumenti utilizzati sono, nella maggior parte dei casi, espressione diretta della musica del nostro passato. Il Premio, dunque, ha un importantissimo valore storico e culturale e rappresenta una manifestazione dal significato trasversale che contribuisce a salvaguardare e tramandare pagine importantissime della storia italiana. Vogliamo ringraziare gli organizzatori e gli uffici comunali coinvolti nella pianificazione di\u00a0questo\u00a0evento\u201d.<\/p>\r\n\r\n\r\n\r\n\r\n\r\n<p>Rachele Andrioli, cantante e percussionista classe 1989, \u00e8 una delle pi\u00f9 originali interpreti della nuova musica salentina. In una carriera iniziata ancora da adolescente ha diviso il palco con musicisti pugliesi e da tutto il mondo, da Officina Zo\u00e9, Giro di Banda e Tarantavirus (con Cesare dell&#8217;Anna) a Rocco Nigro, con il quale ha pubblicato ben tre album (\u201cMal\u00ece\u201d, 2014; \u201cMaldim\u00e9\u201d, 2015; \u201cMaletiempu\u201d, 2018), da Arto Lindsay e Piers Faccini fino a Baba Sissoko.<\/p>\r\n\r\n\r\n\r\n<p>\u201cLeuca\u201d, prodotto da Erasmo Treglia per Finisterre e registrato da Valerio Durante, \u00e8 il suo esordio solista. Ha spiegato Andrioli in un\u2019intervista con Guido Festinese per il giornale della musica: \u201cLeuca \u00e8 un nome femminile. \u00c8 il nome del capo estremo di Puglia dove sono nata e vivo, significa &#8216;bianca&#8217;, ed \u00e8 un colore che non \u00e8 un colore perch\u00e9 li contiene tutti. Qualcuno dice che era il colore dell\u2019alba per le navi che si avvicinavano, qualcuno quello della spuma del mare sulle scogliere\u201d. I suoni del disco fondono il repertorio popolare pugliese con mondi diversi e nuovi, anche grazie alla collaborazione di Redi Hasa al violoncello e dell\u2019ensemble vocale Coro a Coro, fondato dalla stessa Andrioli e composto da oltre 40 donne salentine. \u201cPortare avanti una tradizione essendo qui e oggi, non nel passato &#8211; dice Andrioli &#8211; potrebbe essere paragonato a un rapporto d&#8217;amore: \u00e8 qualcosa su cui devi lavorare con costanza, nel presente, per tenere accesa la fiamma\u201d.<\/p>\r\n\r\n\r\n\r\n<figure class=\"wp-block-image size-large\"><a href=\"https:\/\/www.visitloano.it\/wp-content\/uploads\/2023\/05\/Rachele-Andrioli-4-1024x1024.jpg\" rel=\"prettyPhoto[gallery-GIlD]\"><img decoding=\"async\" class=\"aligncenter wp-image-19348\" src=\"https:\/\/www.visitloano.it\/wp-content\/uploads\/2023\/05\/Rachele-Andrioli-4.jpg\" alt=\"\" \/><\/a><\/figure>\r\n\r\n\r\n\r\n<p>Al secondo posto tra gli album pi\u00f9 votati dalla giuria del Premio c\u2019\u00e8 \u201c\u1f18\u03c1\u03b7\u03bc\u03af\u03b1\/Erem\u00eca\u201d\u00a0(AlfaMusic\/EGEA) del calabrese Ettore Castagna. Musicista, ricercatore, etnomusicologo, scrittore, antropologo, Castagna ha attraversato gli ultimi quarant\u2019anni di folk in Italia da protagonista, prima con Re Niliu e Nistanim\u00e8ra e poi con il progetto Antiche Ferrovie Calabro-Lucane, fra i molti. \u1f18\u03c1\u03b7\u03bc\u03af\u03b1\/Erem\u00eca\u00a0lo vede cantare in calabrese, in greco, in arabo, fra suoni della tradizione e innovazioni. Al terzo posto, a pari merito, \u201cCipria e caff\u00e8\u201d\u00a0(Aquadia\u00a0Enjoy All Music\/Soundfly\/Self) di Peppe Barra, monumentale summa di una delle pi\u00f9 grandi voci napoletane dell\u2019ultimo mezzo secolo, e\u00a0\u201cInghirios\u201d\u00a0(Sard&#8217;music\/EGEA) delle sarde Le Balentes.<\/p>\r\n\r\n\r\n\r\n<p>Il Premio Citt\u00e0 di Loano per la Musica Tradizionale Italiana \u00e8 nato diciannove anni fa come laboratorio permanente sulla musica folk, e promuove e valorizza la produzione contemporanea di musica tradizionale di radice italiana attraverso il coinvolgimento di artisti, etichette discografiche, giornalisti e operatori culturali. \u00c8 organizzato dall\u2019Associazione Compagnia dei Curiosi in collaborazione con l&#8217;Assessorato al Turismo e alla Cultura del Comune di Loano, e con il contributo della Fondazione A. De Mari. La direzione artistica \u00e8 a cura di Jacopo Tomatis, con la collaborazione di Ciro De Rosa, Enrico de Angelis, Lucia Campana, Annalisa Scarsellini e Davide Valfr\u00e8.<br \/>Partner del Premio Loano: Premio Andrea Parodi, Folkest.<\/p>\r\n\r\n\r\n\r\n<p><strong>La classifica del Premio al miglior Album 2022<br \/><\/strong>1\u00b0 posto<br \/>Leuca\u00a0(Finisterre) \u2013 Rachele Andrioli<br \/>2\u00b0 posto<br \/>\u1f18\u03c1\u03b7\u03bc\u03af\u03b1\/Erem\u00eca\u00a0(AlfaMusic\/EGEA) Ettore Castagna<br \/>3\u00b0 posto<br \/>Cipria e caff\u00e8\u00a0(Aquadia\u00a0Enjoy All Music\/Soundfly\/Self) Peppe Barra<br \/>Inghirios\u00a0(Sard&#8217;music\/EGEA) Le Balentes<br \/>5\u00b0 posto<br \/>Uau\u00e0 \u2013 Omaggio in musica ad Eugenio Cirese\u00a0(Squilibri) Giuseppe Moffa<br \/>6\u00b0 posto<br \/>996 \u2013 Le canzoni di G.G. Belli\u00a0(La Tempesta Dischi\/Squilibri) Ardecore<br \/>7\u00b0 posto<br \/>Alle radici del canto\u00a0(Visage Music) Radicanto<br \/>8\u00b0 posto<br \/>Polaris\u00a0(Italysona) Folkatomik<br \/>9\u00b0 posto<br \/>Maresia\u00a0(Zero Nove Nove) Fabrizio Piepoli<br \/>Meuseucca servadze\u00a0(Cromo Music) Teres Aoutes String Band feat. Tat\u00e8 Nsongan<\/p>\r\n\r\n\r\n\r\n<p><strong>La Giuria del Premio<\/strong><br \/>Maurizio Agamennone, Claudio Agostoni, Sergio Albertoni, Giovanni Alcaini, Riccardo Barone, Marco Boccitto, Raffaello Carabini, Pietro Carfi\u0300, Giordano Casiraghi, Daniele Cestellini, Gianni Ciaccio, Valerio Corzani, Giandomenico Curi, Enrico de Angelis, Flaviano De Luca, Ciro De Rosa, Paolo Del Ry, Enrico Deregibus, Salvatore Esposito, Antonio Fanelli, Gerardo Ferrara, Massimo Ferro, Guido Festinese, Simona Frasca, Jonathan Giustini, Ezio Guaitamacchi, Federico Guglielmi, Marco La Viola, Felice Liperi, Marco Lutzu, Ignazio Macchiarella, Giorgio Maimone, Maurizio Marino, Tiziano Menduto, Giorgio Meneghetti, Gaetano Menna, Marco Miconi, Gianni Montano, Anna Nacci, Giancarlo Nostrini, Rosario Pantaleo, Riccardo Piaggio, Massimo Pirotta, Massimo Poggini, Piercarlo Poggio, Ezio Riberi, Alessandro Rosa, Vincenzo Santoro, Annalisa Scarsellini, Stefano Starace, Jacopo Tomatis, Federico Vacalebre, Gianluca Veltri, John Vignola, Antonio Vivaldi, Enrico Zagnagnoli, Paolo Zara, Giorgio Zito<\/p>\r\n","protected":false},"excerpt":{"rendered":"<p>It is \u201cLeuca,\u201d the solo debut of Salento singer Rachele Andrioli, released by Finisterre, the winning album of the National City of Loano Prize for Italian Traditional Music, the most prestigious award for...<\/p>","protected":false},"author":3,"featured_media":24030,"comment_status":"closed","ping_status":"closed","sticky":false,"template":"","format":"standard","meta":{"footnotes":""},"categories":[1],"tags":[],"class_list":{"0":"post-19345","1":"post","2":"type-post","3":"status-publish","4":"format-standard","5":"has-post-thumbnail","7":"category-news"},"_links":{"self":[{"href":"https:\/\/www.visitloano.it\/en\/wp-json\/wp\/v2\/posts\/19345","targetHints":{"allow":["GET"]}}],"collection":[{"href":"https:\/\/www.visitloano.it\/en\/wp-json\/wp\/v2\/posts"}],"about":[{"href":"https:\/\/www.visitloano.it\/en\/wp-json\/wp\/v2\/types\/post"}],"author":[{"embeddable":true,"href":"https:\/\/www.visitloano.it\/en\/wp-json\/wp\/v2\/users\/3"}],"replies":[{"embeddable":true,"href":"https:\/\/www.visitloano.it\/en\/wp-json\/wp\/v2\/comments?post=19345"}],"version-history":[{"count":3,"href":"https:\/\/www.visitloano.it\/en\/wp-json\/wp\/v2\/posts\/19345\/revisions"}],"predecessor-version":[{"id":24032,"href":"https:\/\/www.visitloano.it\/en\/wp-json\/wp\/v2\/posts\/19345\/revisions\/24032"}],"wp:featuredmedia":[{"embeddable":true,"href":"https:\/\/www.visitloano.it\/en\/wp-json\/wp\/v2\/media\/24030"}],"wp:attachment":[{"href":"https:\/\/www.visitloano.it\/en\/wp-json\/wp\/v2\/media?parent=19345"}],"wp:term":[{"taxonomy":"category","embeddable":true,"href":"https:\/\/www.visitloano.it\/en\/wp-json\/wp\/v2\/categories?post=19345"},{"taxonomy":"post_tag","embeddable":true,"href":"https:\/\/www.visitloano.it\/en\/wp-json\/wp\/v2\/tags?post=19345"}],"curies":[{"name":"wp","href":"https:\/\/api.w.org\/{rel}","templated":true}]}}