{"id":19113,"date":"2023-05-12T11:42:22","date_gmt":"2023-05-12T09:42:22","guid":{"rendered":"https:\/\/www.visitloano.it\/?p=19113"},"modified":"2025-10-08T11:36:52","modified_gmt":"2025-10-08T09:36:52","slug":"blue-flag-2023-fee-awards-marina-di-loano-and-coastal-beaches","status":"publish","type":"post","link":"https:\/\/www.visitloano.it\/en\/19113\/news\/bandiera-blu-2023-la-fee-premia-marina-di-loano-e-le-spiagge-del-litorale\/","title":{"rendered":"Blue Flag 2023, Fee rewards Marina di Loano and coastal beaches"},"content":{"rendered":"\r\n<p>Saranno nuovamente due le <strong>Bandiere Blu<\/strong> che sventoleranno a Loano. Anche per il 2023, infatti, la Fee (Foundation for Environmental Education) ha deciso di assegnare il prestigioso riconoscimento sia <strong>alle spiagge del litorale che alla Marina di Loano<\/strong>.<\/p>\r\n\r\n\r\n\r\n<p>\u201cAver ottenuto la quattordecisima Bandiera Blu consecutiva \u2013 spiega <strong>il sindaco di Loano Luca Lettieri<\/strong> \u2013 \u00e8 per tutta la nostra citt\u00e0 motivo di grande orgoglio e l&#8217;ennesima conferma della bont\u00e0 delle politiche ambientali messe in campo, in tutti questi anni, dall&#8217;amministrazione comunale. Politiche che hanno potuto contare sulla preziosissima collaborazione di tutte le altre realt\u00e0 che operano nel settore marinaro (dall&#8217;Associazione Bagni Marini ai pescasportivi, giusto per citarne due) ma anche e soprattutto dei nostri concittadini e turisti. Avere un mare &#8216;da Bandiera Blu&#8217; significa un mare sano, spiagge pulite e servizi di alto livello. Questi risultati sono frutto dell&#8217;impegno di tutta la nostra comunit\u00e0, a cui va il mio personale ringraziamento. Cos\u00ec come vanno ringraziati l&#8217;ufficio tecnico, l&#8217;ufficio ambiente e gli altri uffici che hanno collaborato per l&#8217;ottimo lavoro svolto nella predisposizione della documentazione e delle domande\u201d.<\/p>\r\n\r\n\r\n<a href=\"https:\/\/www.visitloano.it\/wp-content\/uploads\/2023\/05\/Bandiera-Blu-2023-01.jpeg\" rel=\"prettyPhoto[gallery-bEsT]\"><img decoding=\"async\" src=\"https:\/\/www.visitloano.it\/wp-content\/uploads\/2023\/05\/Bandiera-Blu-2023-01.jpeg\" alt=\"\" style=\"width:100%\" class=\"wp-image-19114\"\/><\/a>\r\n\r\n\r\n<p>Dichiara l&#8217;<strong>A.D. di Marina di Loano Gianluca Mazza<\/strong>: \u201cQuesta nuova Bandiera Blu, l&#8217;ennesima della storia di Marina di Loano, conferma ancora una volta come la tutela dell&#8217;ambiente marino siano al primo posto tra le priorit\u00e0 del nostro management, del nostro personale e di tutti i nostri diportisti, sempre molto sensibili nel recepire e mettere in atto ogni tipo di pratica volta a salvaguardare il mare. Quest&#8217;anno la Bandiera Blu torna a sventolare nel nostro Marina pressoch\u00e9 in contemporanea con l&#8217;attivazione dell&#8217;impianto fotovoltaico da 1.500 metri quadri in corso di ultimazione sulla banchina di riva. La nuova struttura sar\u00e0 ultimata intorno alla met\u00e0 di giugno e ci consentir\u00e0 di produrre in modo del tutto pulito fino a 334mila KiloWatt all&#8217;anno e ridurre cos\u00ec le emissioni inquinanti\u201d.<\/p>\r\n\r\n\r\n<a href=\"https:\/\/www.visitloano.it\/wp-content\/uploads\/2023\/05\/QBI4YRqM.jpeg\" rel=\"prettyPhoto[gallery-bEsT]\"><img decoding=\"async\" src=\"https:\/\/www.visitloano.it\/wp-content\/uploads\/2023\/05\/QBI4YRqM-1024x576.jpeg\" alt=\"\" style=\"width:100%\" class=\"wp-image-19122\"\/><\/a>\r\n\r\n\r\n<p>Il progetto dell&#8217;impianto fotovoltaico si colloca nel solco della <strong>strategia climatica adottata<\/strong> lo scorso anno <strong>dal Gruppo Unipol<\/strong> e che prevede un percorso puntuale <strong>di riduzione delle emissioni climalteranti <\/strong>prodotte dal proprio patrimonio immobiliare fino ad arrivare all&#8217;<strong>azzeramento nel 2050<\/strong>. E&#8217; stato definito al 2030 il primo target di riduzione del 46,2% rispetto al 2019, utilizzando la metodologia market-based in accordo con il Greenhouse Gas Protocol.<\/p>\r\n\r\n\r\n\r\n<p>Sempre in tema di rispetto e tutela dell&#8217;ambiente, <strong>a Marina di Loano la produzione termica \u00e8 affidata<\/strong>, gi\u00e0 da oltre 10 anni, a<strong> un anello di condensazione<\/strong> che lavora sul principio dello scambio termico dell&#8217;acqua di mare, una tecnologia all&#8217;avanguardia dal punto di vista del risparmio energetico. Per gli ospiti sono inoltre disponibili soluzioni di mobilit\u00e0 elettrica e colonnine di ricarica rapida di ogni tipo di auto elettrica.<\/p>\r\n\r\n\r\n\r\n<p>La Bandiera Blu 2023 si aggiunge agli <strong>altri riconoscimenti<\/strong> che testimoniano eccellenza del Marina e dei suoi servizi: le certificazioni ISO 14.001 e OHSAS 18.001 (con TUV Rheinland), la certificazione MaRINA Excellence 24 Plus, i \u201c5 Timoni\u201d e \u201c50 Gold\u201d del RINA. L&#8217;Ente Internazionale di Certificazione, infatti, ha attestato ufficialmente la sicurezza e la qualit\u00e0 dei servizi turistici e ricettivi della struttura loanese.<\/p>\r\n\r\n\r\n\r\n<figure class=\"wp-block-image size-large\"><a href=\"https:\/\/www.visitloano.it\/wp-content\/uploads\/2023\/05\/pa-q-_B0-scaled.jpeg\" rel=\"prettyPhoto[gallery-bEsT]\"><img decoding=\"async\" src=\"https:\/\/www.visitloano.it\/wp-content\/uploads\/2023\/05\/pa-q-_B0.jpeg\" alt=\"\" class=\"wp-image-19121\"\/><\/a><\/figure>\r\n\r\n\r\n\r\n<p><strong>L&#8217;assessore all&#8217;ambiente Remo Zaccaria e l&#8217;assessore al turismo Enrica Rocca<\/strong> chiosano: \u201cMantenere le nostre spiagge ed il nostro mare puliti e il pi\u00f9 possibile incontaminati non \u00e8 solo un dovere nei confronti del nostro pianeta e delle generazioni future, ma anche un modo per tutelare quella che, ad oggi, \u00e8 la principale risorsa economica della nostra citt\u00e0. Piccole ma importanti iniziative quali il divieto di fumo in spiaggia durante la stagione estiva o le giornate di raccolta dei rifiuti sul litorale realizzate da Pro Loco Loano insieme agli studenti del Falcone o le campagne di sensibilizzazione organizzate nelle scuole (anche nell&#8217;ambito del progetto Bandiera Verde-Eco Schools) contribuiscono a raggiungere questi risultati e fare in modo che possano essere raggiunti anche in futuro. E fondamentale sono anche l&#8217;impegno ed il supporto costante che arriva dal management, dal personale e dai diportisti di Marina di Loano, che da anni ospita una realt\u00e0 importantissima come la Fondazione CIMA (che si occupa di studiare, sviluppare tecnologie e formare nel campo della mitigazione del rischio, della protezione civile e della tutela degli ecosistemi) ed \u00e8 partner preziosissimo dell&#8217;amministrazione e della Guardia Costiera in occasione della Giornata del Mare\u201d.<\/p>\r\n\r\n\r\n\r\n<p>La Bandiera Blu \u00e8 stata istituita nel 1987, anno europeo per l&#8217;ambiente. Viene <strong>assegnata <\/strong>ogni anno in 48 paesi del mondo <strong>alle realt\u00e0 che rispettano criteri relativi alla gestione sostenibile del territorio<\/strong>. La campagna \u00e8 curata nei vari paesi dalla Fee, Foundation for Environmental Education.<\/p>\r\n\r\n\r\n\r\n<p><strong>I parametri<\/strong> in base ai quali viene assegnata la Bandiera Blu <strong>per le spiagge<\/strong> sono molteplici: la qualit\u00e0 delle acque di balneazione, la depurazione delle acque reflue, la certificazione ambientale, la gestione dei rifiuti, l&#8217;accessibilit\u00e0 nelle spiagge, l&#8217;educazione e la comunicazione ambientale e le iniziative di sostenibilit\u00e0.<\/p>\r\n\r\n\r\n\r\n<p><strong>Per <\/strong>quanto riguarda <strong>gli approdi turistici<\/strong>, invece, i criteri sono i seguenti: le acque del porto e quelle prospicienti non devono essere visivamente inquinate; le fognature non devono sversare all&#8217;interno del porto; la struttura deve essere dotata di attrezzature per la raccolta di residui di olio, vernici e prodotti chimici nonch\u00e9 di salvagente e attrezzature di pronto intervento; la direzione deve fornire informazioni ambientali e relative alla campagna Bandiere Blu; \u00e8 prevista la possibilit\u00e0 di smaltire le acque di sentina e delle toilettes delle imbarcazioni; sono previsti accorgimenti per lo smaltimento dei residui di lavorazione cantieristica; le banchine forniscono luci ed acqua potabile.<\/p>\r\n","protected":false},"excerpt":{"rendered":"<p>Two Blue Flags will again be waving at Loano. In fact, also for 2023, the Fee (Foundation for Environmental Education) has decided to award the prestigious recognition to both the...<\/p>","protected":false},"author":3,"featured_media":1595,"comment_status":"closed","ping_status":"closed","sticky":false,"template":"","format":"standard","meta":{"footnotes":""},"categories":[1],"tags":[],"class_list":{"0":"post-19113","1":"post","2":"type-post","3":"status-publish","4":"format-standard","5":"has-post-thumbnail","7":"category-news"},"_links":{"self":[{"href":"https:\/\/www.visitloano.it\/en\/wp-json\/wp\/v2\/posts\/19113","targetHints":{"allow":["GET"]}}],"collection":[{"href":"https:\/\/www.visitloano.it\/en\/wp-json\/wp\/v2\/posts"}],"about":[{"href":"https:\/\/www.visitloano.it\/en\/wp-json\/wp\/v2\/types\/post"}],"author":[{"embeddable":true,"href":"https:\/\/www.visitloano.it\/en\/wp-json\/wp\/v2\/users\/3"}],"replies":[{"embeddable":true,"href":"https:\/\/www.visitloano.it\/en\/wp-json\/wp\/v2\/comments?post=19113"}],"version-history":[{"count":3,"href":"https:\/\/www.visitloano.it\/en\/wp-json\/wp\/v2\/posts\/19113\/revisions"}],"predecessor-version":[{"id":24051,"href":"https:\/\/www.visitloano.it\/en\/wp-json\/wp\/v2\/posts\/19113\/revisions\/24051"}],"wp:featuredmedia":[{"embeddable":true,"href":"https:\/\/www.visitloano.it\/en\/wp-json\/wp\/v2\/media\/1595"}],"wp:attachment":[{"href":"https:\/\/www.visitloano.it\/en\/wp-json\/wp\/v2\/media?parent=19113"}],"wp:term":[{"taxonomy":"category","embeddable":true,"href":"https:\/\/www.visitloano.it\/en\/wp-json\/wp\/v2\/categories?post=19113"},{"taxonomy":"post_tag","embeddable":true,"href":"https:\/\/www.visitloano.it\/en\/wp-json\/wp\/v2\/tags?post=19113"}],"curies":[{"name":"wp","href":"https:\/\/api.w.org\/{rel}","templated":true}]}}