{"id":18719,"date":"2023-02-19T19:32:34","date_gmt":"2023-02-19T18:32:34","guid":{"rendered":"https:\/\/www.visitloano.it\/?p=18719"},"modified":"2023-02-19T19:32:34","modified_gmt":"2023-02-19T18:32:34","slug":"carnivaloa-2023-the-float-the-childrens-carousel-wins-the-village-palio","status":"publish","type":"post","link":"https:\/\/www.visitloano.it\/en\/18719\/news\/carnevaloa-2023-il-carro-il-carosello-dei-bambini-vince-il-palio-dei-borghi\/","title":{"rendered":"CarnevaL\u00f6a 2023, \u201cThe Children's Carousel\u201d float wins the Palio dei Borghi"},"content":{"rendered":"\n<p>E&#8217; il carro \u201cIl carosello dei bambini\u201d del gruppo Gazzi Superiori No Stop il vincitore del Palio dei Borghi, la competizione carnevalesca che ha visto coinvolti i carri \u201cdi rappresentanza\u201d dei borghi di Loano nell&#8217;ambito dell&#8217;edizione 2023 del CarnevaL\u00f6a, la grande manifestazione carnevalesca organizzata dall&#8217;associazione Vecchia Loano con il contributo dell&#8217;assessorato a turismo, cultura e sport del Comune di Loano.<\/p>\n\n\n\n<p>Oggi, domenica 19 febbraio, si \u00e8 tenuta la prima delle due attesissime sfilate dei carri allegorici sul lungomare. Ad inaugurare la manifestazione \u00e8 stato il prefetto di Savona Enrico Gullotti, che ha tagliato il nastro insieme al sindaco Luca Lettieri e ai rappresentanti dell&#8217;amministrazione comunale di Loano, al consigliere regionale Angelo Vaccarezza, al presidente di Vecchia Loano Agostino Delfino e a Mariela Nunez, Miss Liguria 2022. Dopo l&#8217;inaugurazione, il prefetto ha visitato il Centro Operativo Comunale allestito presso la biblioteca civica di Palazzo Kursaal.<\/p>\n\n\n\n<p>Alle 15 ha preso il via la sfilata dei carri allegorici. I carri, realizzati dagli artigiani del carnevale e ispirati ai cartoons, ai fatti di attualit\u00e0 e alla satira, sono partiti alle 15 da piazza Mazzini, hanno percorso corso Roma e hanno raggiunto piazza Cadorna, dove hanno fatto inversione per tornare al punto di partenza.<\/p>\n\n\n\n<figure class=\"wp-block-gallery has-nested-images columns-default is-cropped wp-block-gallery-1 is-layout-flex wp-block-gallery-is-layout-flex\">\n<figure class=\"wp-block-image size-large\"><a href=\"https:\/\/www.visitloano.it\/wp-content\/uploads\/2023\/02\/Palio-Borghi-2023-Inaugurazione-00.jpeg\" rel=\"prettyPhoto[gallery-olQR]\"><img decoding=\"async\" data-id=\"18731\" src=\"https:\/\/www.visitloano.it\/wp-content\/uploads\/2023\/02\/Palio-Borghi-2023-Inaugurazione-00-1024x768.jpeg\" alt=\"\" class=\"wp-image-18731\"\/><\/a><\/figure>\n\n\n\n<figure class=\"wp-block-image size-large\"><a href=\"https:\/\/www.visitloano.it\/wp-content\/uploads\/2023\/02\/Palio-Borghi-2023-Inaugurazione-01.jpeg\" rel=\"prettyPhoto[gallery-olQR]\"><img decoding=\"async\" data-id=\"18732\" src=\"https:\/\/www.visitloano.it\/wp-content\/uploads\/2023\/02\/Palio-Borghi-2023-Inaugurazione-01-1024x768.jpeg\" alt=\"\" class=\"wp-image-18732\"\/><\/a><\/figure>\n\n\n\n<figure class=\"wp-block-image size-large\"><a href=\"https:\/\/www.visitloano.it\/wp-content\/uploads\/2023\/02\/Palio-Borghi-2023-Inaugurazione-02.jpeg\" rel=\"prettyPhoto[gallery-olQR]\"><img decoding=\"async\" data-id=\"18733\" src=\"https:\/\/www.visitloano.it\/wp-content\/uploads\/2023\/02\/Palio-Borghi-2023-Inaugurazione-02-1024x768.jpeg\" alt=\"\" class=\"wp-image-18733\"\/><\/a><\/figure>\n\n\n\n<figure class=\"wp-block-image size-large\"><a href=\"https:\/\/www.visitloano.it\/wp-content\/uploads\/2023\/02\/Visita-Prefetto-COC.jpeg\" rel=\"prettyPhoto[gallery-olQR]\"><img decoding=\"async\" data-id=\"18742\" src=\"https:\/\/www.visitloano.it\/wp-content\/uploads\/2023\/02\/Visita-Prefetto-COC-1024x768.jpeg\" alt=\"\" class=\"wp-image-18742\"\/><\/a><\/figure>\n\n\n\n<figure class=\"wp-block-image size-large\"><a href=\"https:\/\/www.visitloano.it\/wp-content\/uploads\/2023\/02\/Becciann-Car.jpeg\" rel=\"prettyPhoto[gallery-olQR]\"><img decoding=\"async\" data-id=\"18721\" src=\"https:\/\/www.visitloano.it\/wp-content\/uploads\/2023\/02\/Becciann-Car-1024x768.jpeg\" alt=\"\" class=\"wp-image-18721\"\/><\/a><\/figure>\n\n\n\n<figure class=\"wp-block-image size-large\"><a href=\"https:\/\/www.visitloano.it\/wp-content\/uploads\/2023\/02\/Torre-dellOrologio.jpeg\" rel=\"prettyPhoto[gallery-olQR]\"><img decoding=\"async\" data-id=\"18741\" src=\"https:\/\/www.visitloano.it\/wp-content\/uploads\/2023\/02\/Torre-dellOrologio-1024x768.jpeg\" alt=\"\" class=\"wp-image-18741\"\/><\/a><\/figure>\n\n\n\n<figure class=\"wp-block-image size-large\"><a href=\"https:\/\/www.visitloano.it\/wp-content\/uploads\/2023\/02\/Cars-Plans.jpeg\" rel=\"prettyPhoto[gallery-olQR]\"><img decoding=\"async\" data-id=\"18722\" src=\"https:\/\/www.visitloano.it\/wp-content\/uploads\/2023\/02\/Cars-Plans-1024x768.jpeg\" alt=\"\" class=\"wp-image-18722\"\/><\/a><\/figure>\n\n\n\n<figure class=\"wp-block-image size-large\"><a href=\"https:\/\/www.visitloano.it\/wp-content\/uploads\/2023\/02\/La-Fattoria.jpeg\" rel=\"prettyPhoto[gallery-olQR]\"><img decoding=\"async\" data-id=\"18726\" src=\"https:\/\/www.visitloano.it\/wp-content\/uploads\/2023\/02\/La-Fattoria-1024x768.jpeg\" alt=\"\" class=\"wp-image-18726\"\/><\/a><\/figure>\n\n\n\n<figure class=\"wp-block-image size-large\"><a href=\"https:\/\/www.visitloano.it\/wp-content\/uploads\/2023\/02\/Bardineto-nel-cuore.jpeg\" rel=\"prettyPhoto[gallery-olQR]\"><img decoding=\"async\" data-id=\"18720\" src=\"https:\/\/www.visitloano.it\/wp-content\/uploads\/2023\/02\/Bardineto-nel-cuore-1024x768.jpeg\" alt=\"\" class=\"wp-image-18720\"\/><\/a><\/figure>\n\n\n\n<figure class=\"wp-block-image size-large\"><a href=\"https:\/\/www.visitloano.it\/wp-content\/uploads\/2023\/02\/Lera-glaciale.jpeg\" rel=\"prettyPhoto[gallery-olQR]\"><img decoding=\"async\" data-id=\"18727\" src=\"https:\/\/www.visitloano.it\/wp-content\/uploads\/2023\/02\/Lera-glaciale-1024x768.jpeg\" alt=\"\" class=\"wp-image-18727\"\/><\/a><\/figure>\n\n\n\n<figure class=\"wp-block-image size-large\"><a href=\"https:\/\/www.visitloano.it\/wp-content\/uploads\/2023\/02\/In-questo-mondo-di-ladri.jpeg\" rel=\"prettyPhoto[gallery-olQR]\"><img decoding=\"async\" data-id=\"18725\" src=\"https:\/\/www.visitloano.it\/wp-content\/uploads\/2023\/02\/In-questo-mondo-di-ladri-1024x768.jpeg\" alt=\"\" class=\"wp-image-18725\"\/><\/a><\/figure>\n\n\n\n<figure class=\"wp-block-image size-large\"><a href=\"https:\/\/www.visitloano.it\/wp-content\/uploads\/2023\/02\/Mercoledi.jpeg\" rel=\"prettyPhoto[gallery-olQR]\"><img decoding=\"async\" data-id=\"18730\" src=\"https:\/\/www.visitloano.it\/wp-content\/uploads\/2023\/02\/Mercoledi-1024x768.jpeg\" alt=\"\" class=\"wp-image-18730\"\/><\/a><\/figure>\n\n\n\n<figure class=\"wp-block-image size-large\"><a href=\"https:\/\/www.visitloano.it\/wp-content\/uploads\/2023\/02\/Loa-Wimbledon.jpeg\" rel=\"prettyPhoto[gallery-olQR]\"><img decoding=\"async\" data-id=\"18729\" src=\"https:\/\/www.visitloano.it\/wp-content\/uploads\/2023\/02\/Loa-Wimbledon-1024x768.jpeg\" alt=\"\" class=\"wp-image-18729\"\/><\/a><\/figure>\n\n\n\n<figure class=\"wp-block-image size-large\"><a href=\"https:\/\/www.visitloano.it\/wp-content\/uploads\/2023\/02\/Il-giramondo.jpeg\" rel=\"prettyPhoto[gallery-olQR]\"><img decoding=\"async\" data-id=\"18724\" src=\"https:\/\/www.visitloano.it\/wp-content\/uploads\/2023\/02\/Il-giramondo-1024x768.jpeg\" alt=\"\" class=\"wp-image-18724\"\/><\/a><\/figure>\n\n\n\n<figure class=\"wp-block-image size-large\"><a href=\"https:\/\/www.visitloano.it\/wp-content\/uploads\/2023\/02\/Il-carosello-dei-bambini.jpeg\" rel=\"prettyPhoto[gallery-olQR]\"><img decoding=\"async\" data-id=\"18723\" src=\"https:\/\/www.visitloano.it\/wp-content\/uploads\/2023\/02\/Il-carosello-dei-bambini-1024x768.jpeg\" alt=\"\" class=\"wp-image-18723\"\/><\/a><\/figure>\n\n\n\n<figure class=\"wp-block-image size-large\"><a href=\"https:\/\/www.visitloano.it\/wp-content\/uploads\/2023\/02\/Lisola-che-non-ce.jpeg\" rel=\"prettyPhoto[gallery-olQR]\"><img decoding=\"async\" data-id=\"18728\" src=\"https:\/\/www.visitloano.it\/wp-content\/uploads\/2023\/02\/Lisola-che-non-ce-1024x768.jpeg\" alt=\"\" class=\"wp-image-18728\"\/><\/a><\/figure>\n\n\n\n<figure class=\"wp-block-image size-large\"><a href=\"https:\/\/www.visitloano.it\/wp-content\/uploads\/2023\/02\/Premiazione-Il-carosello-dei-bambini-03.jpeg\" rel=\"prettyPhoto[gallery-olQR]\"><img decoding=\"async\" data-id=\"18737\" src=\"https:\/\/www.visitloano.it\/wp-content\/uploads\/2023\/02\/Premiazione-Il-carosello-dei-bambini-03-1024x768.jpeg\" alt=\"\" class=\"wp-image-18737\"\/><\/a><\/figure>\n\n\n\n<figure class=\"wp-block-image size-large\"><a href=\"https:\/\/www.visitloano.it\/wp-content\/uploads\/2023\/02\/Premiazione-Il-carosello-dei-bambini-02.jpeg\" rel=\"prettyPhoto[gallery-olQR]\"><img decoding=\"async\" data-id=\"18736\" src=\"https:\/\/www.visitloano.it\/wp-content\/uploads\/2023\/02\/Premiazione-Il-carosello-dei-bambini-02-1024x768.jpeg\" alt=\"\" class=\"wp-image-18736\"\/><\/a><\/figure>\n\n\n\n<figure class=\"wp-block-image size-large\"><a href=\"https:\/\/www.visitloano.it\/wp-content\/uploads\/2023\/02\/Premiazione-Il-carosello-dei-bambini-01.jpeg\" rel=\"prettyPhoto[gallery-olQR]\"><img decoding=\"async\" data-id=\"18735\" src=\"https:\/\/www.visitloano.it\/wp-content\/uploads\/2023\/02\/Premiazione-Il-carosello-dei-bambini-01-1024x768.jpeg\" alt=\"\" class=\"wp-image-18735\"\/><\/a><\/figure>\n\n\n\n<figure class=\"wp-block-image size-large\"><a href=\"https:\/\/www.visitloano.it\/wp-content\/uploads\/2023\/02\/Premiazione-Lisola-che-non-ce.jpeg\" rel=\"prettyPhoto[gallery-olQR]\"><img decoding=\"async\" data-id=\"18738\" src=\"https:\/\/www.visitloano.it\/wp-content\/uploads\/2023\/02\/Premiazione-Lisola-che-non-ce-1024x768.jpeg\" alt=\"\" class=\"wp-image-18738\"\/><\/a><\/figure>\n\n\n\n<figure class=\"wp-block-image size-large\"><a href=\"https:\/\/www.visitloano.it\/wp-content\/uploads\/2023\/02\/Premiazione-Giramondo.jpeg\" rel=\"prettyPhoto[gallery-olQR]\"><img decoding=\"async\" data-id=\"18734\" src=\"https:\/\/www.visitloano.it\/wp-content\/uploads\/2023\/02\/Premiazione-Giramondo-1024x768.jpeg\" alt=\"\" class=\"wp-image-18734\"\/><\/a><\/figure>\n\n\n\n<figure class=\"wp-block-image size-large\"><a href=\"https:\/\/www.visitloano.it\/wp-content\/uploads\/2023\/02\/Premiazione-Loa-Wimbledon-01.jpeg\" rel=\"prettyPhoto[gallery-olQR]\"><img decoding=\"async\" data-id=\"18739\" src=\"https:\/\/www.visitloano.it\/wp-content\/uploads\/2023\/02\/Premiazione-Loa-Wimbledon-01-1024x723.jpeg\" alt=\"\" class=\"wp-image-18739\"\/><\/a><\/figure>\n\n\n\n<figure class=\"wp-block-image size-large\"><a href=\"https:\/\/www.visitloano.it\/wp-content\/uploads\/2023\/02\/Premiazione-Loa-Wimbledon-02.jpeg\" rel=\"prettyPhoto[gallery-olQR]\"><img decoding=\"async\" data-id=\"18740\" src=\"https:\/\/www.visitloano.it\/wp-content\/uploads\/2023\/02\/Premiazione-Loa-Wimbledon-02-1024x768.jpeg\" alt=\"\" class=\"wp-image-18740\"\/><\/a><\/figure>\n<\/figure>\n\n\n\n<p>Ad aprire il corteo sono stati il carro della Torre dell&#8217;Orologio e di Palazzo Doria con le maschere loanesi (U Beciancin, Capitan Fracassa, Pu\u00e8 Pepin e la Principessa Doria del Castello) e la \u201cBeccian Car\u201d, la macchina a \u201crigadera\u201d ossia a forma di annaffiatoio, cio\u00e8 il simbolo di Beciancin (entrambi i carri sono a cura dell&#8217;associazione Vecchia Loano). A seguire i carri ospiti, fuori concorso: Cars &amp; Plans (della Pista Drift Kart di Albenga), La fattoria (Conad di Toirano), Le Case Parlanti (A Maina de Loa-Fondocasa).<\/p>\n\n\n\n<p>A sfilare sul lungomare loanese sono stati anche i carri realizzati dai maestri cartapestai dei comuni vicini: Bardineto nel Cuore (Bardineto), L&#8217;Era Glaciale (Varazze), In questo mondo di ladri (Borghetto Santo Spirito).<\/p>\n\n\n\n<p>E&#8217; stata poi la volta dei carri di rappresentanza dei borghi di Loano: Mercoled\u00ec (di via Dante e Roba da Matti Group), Loa Wimbredon (Meceti), Il giramondo (Borgo di Dentro), Il carosello dei Bambini (Gazzi Superiori No Stop), L&#8217;Isola che non c&#8217;\u00e8 (Matetti Burdeluzi dei Mazzocchi).<\/p>\n\n\n\n<p>Il primo premio, come detto, \u00e8 andato al carro dei Gazzi Superiori No Stop. Al secondo posto L&#8217;Isola che non c&#8217;\u00e8 (Matetti Burdeluzi dei Mazzocchi) e al terzo Il giramondo (Borgo di Dentro); a Mercoled\u00ec (di via Dante e Roba da Matti Group) \u00e8 andato il Premio Originalit\u00e0; Loa Wimbredon (Meceti) \u00e8 stato eletto \u201ccarro dell&#8217;allegria\u201d e ha ricevuto il premio in memoria di Franco Giubellini.<\/p>\n\n\n\n<p>A premiare i vincitori sono stati il sindaco Luca Lettieri, l&#8217;assesore al turismo Enrica Rocca, il presidente di Vecchia Loano Agostino Delfino e il Console Generale della Repubblica Dominicana a Genova Nelson Calera Luna insieme a Mariela Nunez.<\/p>\n","protected":false},"excerpt":{"rendered":"<p>All the winners of the first parade of floats<\/p>","protected":false},"author":3,"featured_media":18723,"comment_status":"closed","ping_status":"closed","sticky":false,"template":"","format":"standard","meta":{"footnotes":""},"categories":[1],"tags":[48],"class_list":{"0":"post-18719","1":"post","2":"type-post","3":"status-publish","4":"format-standard","5":"has-post-thumbnail","7":"category-news","8":"tag-associazione-vecchia-loano"},"_links":{"self":[{"href":"https:\/\/www.visitloano.it\/en\/wp-json\/wp\/v2\/posts\/18719","targetHints":{"allow":["GET"]}}],"collection":[{"href":"https:\/\/www.visitloano.it\/en\/wp-json\/wp\/v2\/posts"}],"about":[{"href":"https:\/\/www.visitloano.it\/en\/wp-json\/wp\/v2\/types\/post"}],"author":[{"embeddable":true,"href":"https:\/\/www.visitloano.it\/en\/wp-json\/wp\/v2\/users\/3"}],"replies":[{"embeddable":true,"href":"https:\/\/www.visitloano.it\/en\/wp-json\/wp\/v2\/comments?post=18719"}],"version-history":[{"count":0,"href":"https:\/\/www.visitloano.it\/en\/wp-json\/wp\/v2\/posts\/18719\/revisions"}],"wp:featuredmedia":[{"embeddable":true,"href":"https:\/\/www.visitloano.it\/en\/wp-json\/"}],"wp:attachment":[{"href":"https:\/\/www.visitloano.it\/en\/wp-json\/wp\/v2\/media?parent=18719"}],"wp:term":[{"taxonomy":"category","embeddable":true,"href":"https:\/\/www.visitloano.it\/en\/wp-json\/wp\/v2\/categories?post=18719"},{"taxonomy":"post_tag","embeddable":true,"href":"https:\/\/www.visitloano.it\/en\/wp-json\/wp\/v2\/tags?post=18719"}],"curies":[{"name":"wp","href":"https:\/\/api.w.org\/{rel}","templated":true}]}}