{"id":18629,"date":"2023-01-18T12:30:29","date_gmt":"2023-01-18T11:30:29","guid":{"rendered":"https:\/\/www.visitloano.it\/?p=18629"},"modified":"2023-01-18T12:30:29","modified_gmt":"2023-01-18T11:30:29","slug":"all-set-for-the-2023-edition-of-the-carnivala","status":"publish","type":"post","link":"https:\/\/www.visitloano.it\/en\/18629\/news\/tutto-pronto-per-ledizione-2023-del-carnevaloa\/","title":{"rendered":"All set for the 2023 edition of CarnevaL\u00f6a"},"content":{"rendered":"\n<p>Dopo due anni di stop dovuti alla pandemia, Loano \u00e8 pronta per l&#8217;edizione 2023 del CarnevaL\u00f6a, la grande manifestazione carnevalesca organizzata dall&#8217;associazione Vecchia Loano con il contributo dell&#8217;assessorato a turismo, cultura e sport del Comune di Loano.<\/p>\n\n\n\n<p>\u201cFinalmente \u2013 dichiarano il sindaco Luca Lettieri e l&#8217;assessore a turismo, cultura e sport Enrica Rocca \u2013 torna nella sua versione invernale quello che \u00e8 il pi\u00f9 grande carnevale della Liguria ed uno degli eventi pi\u00f9 conosciuti e apprezzati del genere a livello nazionale. CarnevaL\u00f6a non \u00e8 solo una manifestazione che attira a Loano tantissimi ospiti da ogni parte d&#8217;Italia e dall&#8217;estero e che ha contribuito a far conoscere il nome di Loano in tutto il Paese, ma anche un modo per tramandare la storia delle comunit\u00e0. Le maschere, infatti, attingono a piene mani dalla tradizione culturale delle localit\u00e0 da cui provengono ed i carri allegorici rappresentano vere e proprie opere d&#8217;arte realizzate a mano dai &#8216;maestri cartapestai&#8217;, i quali tramandano di generazione in generazione i segreti di un mestiere difficile e piuttosto antico. Come amministrazione, vogliamo ringraziare i volontari di Vecchia Loano e di tutte le altre associazioni che partecipano al CarnevaL\u00f6a per l&#8217;impegno profuso ogni anno nella buona riuscita di questo attesissimo appuntamento\u201d.<\/p>\n\n\n\n<figure class=\"wp-block-image size-large\"><a href=\"https:\/\/www.visitloano.it\/wp-content\/uploads\/2023\/01\/Panoramica-01.jpg\" rel=\"prettyPhoto[gallery-xHEh]\"><img decoding=\"async\" src=\"https:\/\/www.visitloano.it\/wp-content\/uploads\/2023\/01\/Panoramica-01-1024x576.jpg\" alt=\"\" class=\"wp-image-18641\"\/><\/a><\/figure>\n\n\n\n<p>L&#8217;apertura della manifestazione si terr\u00e0 domenica 29 gennaio alle 14.45 in piazza Italia con la consueta <strong>cerimonia della \u201cconsegna delle chiavi\u201d della citt\u00e0<\/strong> da parte del sindaco di Loano Luca Lettieri al Beciancin (maschera ufficiale del Carnevaloa) e alle altre maschere Capitan Fracassa (maschera ligure della Commedia dell&#8217;Arte), Pu\u00e8 Pepin (il Re del Carnevale) e la Principessa Doria del Castello. Alla cerimonia partecipano numerose maschere provenienti, oltre che dalla Liguria, anche da Piemonte, Lombardia ed Emilia.<\/p>\n\n\n\n<figure class=\"wp-block-image size-large\"><a href=\"https:\/\/www.visitloano.it\/wp-content\/uploads\/2023\/01\/Cerimonia-Consegna-Chiavi-scaled.jpg\" rel=\"prettyPhoto[gallery-xHEh]\"><img decoding=\"async\" src=\"https:\/\/www.visitloano.it\/wp-content\/uploads\/2023\/01\/Cerimonia-Consegna-Chiavi-1024x407.jpg\" alt=\"\" class=\"wp-image-18635\"\/><\/a><\/figure>\n\n\n\n<p>Due assaggi del CarnevaL\u00f6a si avranno domenica 5 febbraio e domenica 12 febbraio con i consueti appuntamenti del \u201c<strong>Carnevale dei Bambini<\/strong>\u201d che si terranno rispettivamente in piazza Massena ed in piazza Italia. I due divertenti pomeriggi in maschera dedicati ai pi\u00f9 piccini inizieranno alle 15 con giochi, balli, animazione a cura dei \u201cMatti da Legare\u201d e, in chiusura, una dolce merenda per tutti. E domenica 12 febbraio i bambini potranno cimentarsi nel gioco della pentolaccia.<\/p>\n\n\n\n<figure class=\"wp-block-image size-full\"><a href=\"https:\/\/www.visitloano.it\/wp-content\/uploads\/2023\/01\/Canevale-Bambini-Piazza-Massena.jpg\" rel=\"prettyPhoto[gallery-xHEh]\"><img decoding=\"async\" src=\"https:\/\/www.visitloano.it\/wp-content\/uploads\/2023\/01\/Canevale-Bambini-Piazza-Massena.jpg\" alt=\"\" class=\"wp-image-18631\"\/><\/a><\/figure>\n\n\n\n<p>Il <strong>Gruppo Giovani Loano 2.0<\/strong> ha organizzato per sabato 18 febbraio al convento di Monte Carmelo un pomeriggio di \u201c<strong>Carnevale e frittelle<\/strong>\u201d. A partire dalle 15 giochi e frittelle; dalle 16 pentolaccia per tutti i bambini.<\/p>\n\n\n\n<p>Domenica 19 febbraio si terr\u00e0 l&#8217;attesissima<strong> sfilata dei carri allegorici sul lungomare<\/strong>. I carri, realizzati dagli artigiani del carnevale e ispirati ai cartoons, ai fatti di attualit\u00e0 e alla satira, partiranno alle 15 da piazza Mazzini, percorreranno corso Roma e raggiungeranno piazza Cadorna, dove faranno inversione per tornare al punto di partenza. Nel corso della sfilata si svolger\u00e0 il <strong>Palio dei Borghi<\/strong>, competizione carnevalesca che vedr\u00e0 coinvolti i carri \u201cdi rappresentanza\u201d dei borghi di Loano ed alcuni carri ospiti, fuori concorso. Per i borghi di Loano, a contendersi la vittoria saranno: Le Case Parlanti (A Maina de Loa-Fondocasa), Peter Pan (Matetti Burdeluzi dei Mazzocchi), I campioni di tennis (Meceti), Mimo al Luna Park (Gazzi Superiori Non Stop), Mercoled\u00ec (Trenini Miletto), Il Giramondo (Borgo di Dentro). A sfilare sul lungomare loanese saranno anche i carri realizzati dai maestri cartapestai dei comuni vicini: La fattoria (Conad di Toirano), Lupin (Borghetto Santo Spirito), Balla coi Cinghiali (Bardineto), L&#8217;Era Glaciale (Varazze), Cars (della Pista Drift Kart di Albenga). Sfileranno, inoltre, il carro della Torre dell&#8217;Orologio e di Palazzo Doria con le maschere loanesi (a cura dell&#8217;associazione Vecchia Loano) e la \u201cBeccian Car\u201d, la macchina a \u201crigadera\u201d ossia a forma di annaffiatoio, cio\u00e8 il simbolo di Beciancin. Parteciper\u00e0 la banda musicale di Pompeiana. La sfilata si potr\u00e0 seguire in diretta su Facebook (@carnevaloa). Presso la Casetta dei Lavoratori del Mare si potranno gustare le deliziose \u201cbugie\u201d preparate dalla confraternita delle Cappe Bianche.<\/p>\n\n\n\n<figure class=\"wp-block-image size-large\"><a href=\"https:\/\/www.visitloano.it\/wp-content\/uploads\/2023\/01\/Torre-dellOrologio-01.jpg\" rel=\"prettyPhoto[gallery-xHEh]\"><img decoding=\"async\" src=\"https:\/\/www.visitloano.it\/wp-content\/uploads\/2023\/01\/Torre-dellOrologio-01-1024x576.jpg\" alt=\"\" class=\"wp-image-18642\"\/><\/a><\/figure>\n\n\n\n<p>La kermesse carnevalesca si concluder\u00e0 domenica 26 febbraio con il <strong>Palio dei Comuni<\/strong>, a cui prenderanno parte i carri dei Comuni rivieraschi e dell&#8217;entroterra che hanno aderito alla manifestazione e il vincitore del Palio dei Borghi di Loano (fuori concorso). La sfilata prender\u00e0 il via alle 15. Parteciper\u00e0 la banda musicale della Citt\u00e0 di Ventimiglia. Presso la Casetta dei Lavoratori del Mare torneranno anche le \u201cbugie\u201d. <\/p>\n\n\n\n<figure class=\"wp-block-image size-large\"><a href=\"https:\/\/www.visitloano.it\/wp-content\/uploads\/2023\/01\/Il-circo-della-vita.jpg\" rel=\"prettyPhoto[gallery-xHEh]\"><img decoding=\"async\" src=\"https:\/\/www.visitloano.it\/wp-content\/uploads\/2023\/01\/Il-circo-della-vita-1024x576.jpg\" alt=\"\" class=\"wp-image-18638\"\/><\/a><\/figure>\n\n\n\n<p>Loano, insieme a Parma, Torino, Vercelli, Castelnuovo Don Bosco (Asti), Busca (Cuneo), Verona, Aosta, Acerra (Napoli), Catanzaro, Polignano a Mare (Bari), Sciacca (Agrigento) \u00e8 cofondatrice del \u201cCentro Nazionale di Coordinamento delle maschere Italiane\u201d. Le tre maschere Beciancin, Pu\u00e8 Pepin, Capitan Fracassa e la Principessa Doria del Castello sono inserite nel \u201cRegistro delle maschere italiane\u201d, nel quale sono inserite tutte le maschere della commedia dell&#8217;arte italiana e i personaggi folkloristici delle varie realt\u00e0 regionali. Obiettivo dell&#8217;iniziativa \u00e8 valorizzare il carnevale non solo come occasione di divertimento ma anche come risorsa storica, tradizionale, culturale e turistica.<\/p>\n\n\n\n<p>Il carnevale di Loano ha pi\u00f9 di 100 anni di storia e nel corso del tempo diverse associazioni si sono avvicendate portando avanti questa tradizione: la \u201cUnione sportiva loanese\u201d, il \u201cCerchio Rosso\u201d, la \u201cFetaia\u201d, la \u201cStella Alpina\u201d, il gruppo \u201cOriental Bluman Carovan\u201d, l&#8217;associazione \u201cPu\u00e8 Pepin\u201d , la \u201cAzienda Autonoma di Turismo e Soggiorno\u201d e dal 1992 tocca all&#8217;associazione \u201cVecchia Loano\u201d con il sostegno dell&#8217;assessorato a turismo, cultura e sport del Comune di Loano.<\/p>\n\n\n\n<p>Nel corso degli ultimi anni il carnevale di Loano \u00e8 arrivato ad essere riconosciuto dalla Regione come il \u201cpi\u00f9 grande carnevale della Liguria\u201d come numero di carri, e da qualche anno annovera una maschera della commedia dell&#8217;arte italiana, Capitan Fracassa, che insieme a Pu\u00e8 Pepin, Re del Carnevale loanese fin dal 1950 e U Beciancin, personaggio goliardico dei primi del \u2018900, maschera ufficiale, costituiscono un trio carnascialesco conosciuto ormai in tutta Italia.<\/p>\n\n\n\n<p>Nel 2017 CarnevaL\u00f6a ha ottenuto dal ministero dei beni e delle attivit\u00e0 culturali e del territorio il riconoscimento di \u201ccarnevale storico\u201d per l&#8217;importante ruolo di promozione turistica del territorio che svolge da ormai cento anni.<\/p>\n\n\n\n<p>Nel 2019 \u00e8 stata inaugurata ufficialmente la \u201cScuola della cartapesta e dell&#8217;arte carnevalesca\u201d di Vecchia Loano. Alcuni ragazzi dell&#8217;istituto superiore \u201cGiordano Bruno\u201d di Albenga hanno preso parte ad uno stage presso il capannone in cui i volontari dell&#8217;associazione realizzano i carri allegorici.<\/p>\n\n\n\n<p>Sempre nel 2019 Vecchia Loano, il Forum Culturale di Borghetto Santo Spirito e la Pro Loco di Toirano hanno fondato il \u201cComitato Personaggi Storici e Folkloristici Liguri\u201d il cui scopo primario \u00e8 riunire sotto uno stesso \u201cbrand\u201d tutte le maschere liguri e coordinare il lavoro delle associazioni del territorio attive nell&#8217;organizzazione e nella promozione dei carnevali della nostra regione. Il Comitato nasce come riferimento a livello regionale, ma lavora gomito a gomito con il Coordinamento Maschere Italiane. Si tratta di uno strumento fondamentale per poter organizzare al meglio l&#8217;attivit\u00e0 delle varie realt\u00e0 associative dislocate in Liguria e delle maschere a loro legate, maschere che non rappresentano pi\u00f9 solo dei \u2018personaggi&#8217; ma sono portatrici di contenuti legati a storie, tradizioni e costumi locali. Il Comitato si occupa di approfondire gli aspetti storici e culturali delle maschere gi\u00e0 esistenti e porter\u00e0 avanti anche un&#8217;attivit\u00e0 di recupero di quelle ormai dimenticate e che tuttavia meritano di essere riportate alla luce ed inserite nel novero delle maschere della tradizione ligure.<\/p>\n","protected":false},"excerpt":{"rendered":"<p>The big carnival event organized by the Old Loano Association with the contribution of the municipality is back<\/p>","protected":false},"author":3,"featured_media":18637,"comment_status":"closed","ping_status":"closed","sticky":false,"template":"","format":"standard","meta":{"footnotes":""},"categories":[1],"tags":[47,107],"class_list":{"0":"post-18629","1":"post","2":"type-post","3":"status-publish","4":"format-standard","5":"has-post-thumbnail","7":"category-news","8":"tag-carnevaloa","9":"tag-veccha-loano"},"_links":{"self":[{"href":"https:\/\/www.visitloano.it\/en\/wp-json\/wp\/v2\/posts\/18629","targetHints":{"allow":["GET"]}}],"collection":[{"href":"https:\/\/www.visitloano.it\/en\/wp-json\/wp\/v2\/posts"}],"about":[{"href":"https:\/\/www.visitloano.it\/en\/wp-json\/wp\/v2\/types\/post"}],"author":[{"embeddable":true,"href":"https:\/\/www.visitloano.it\/en\/wp-json\/wp\/v2\/users\/3"}],"replies":[{"embeddable":true,"href":"https:\/\/www.visitloano.it\/en\/wp-json\/wp\/v2\/comments?post=18629"}],"version-history":[{"count":0,"href":"https:\/\/www.visitloano.it\/en\/wp-json\/wp\/v2\/posts\/18629\/revisions"}],"wp:featuredmedia":[{"embeddable":true,"href":"https:\/\/www.visitloano.it\/en\/wp-json\/"}],"wp:attachment":[{"href":"https:\/\/www.visitloano.it\/en\/wp-json\/wp\/v2\/media?parent=18629"}],"wp:term":[{"taxonomy":"category","embeddable":true,"href":"https:\/\/www.visitloano.it\/en\/wp-json\/wp\/v2\/categories?post=18629"},{"taxonomy":"post_tag","embeddable":true,"href":"https:\/\/www.visitloano.it\/en\/wp-json\/wp\/v2\/tags?post=18629"}],"curies":[{"name":"wp","href":"https:\/\/api.w.org\/{rel}","templated":true}]}}