{"id":18285,"date":"2022-11-23T13:30:00","date_gmt":"2022-11-23T12:30:00","guid":{"rendered":"https:\/\/www.visitloano.it\/?p=18285"},"modified":"2022-11-23T13:30:00","modified_gmt":"2022-11-23T12:30:00","slug":"the-village-the-new-year-in-the-square-the-ice-rink-the-cimento-the-markets-the-books-and-concerts-in-loano-the-enchantments-of-christmas-return","status":"publish","type":"post","link":"https:\/\/www.visitloano.it\/en\/18285\/news\/il-villaggio-il-capodanno-in-piazza-la-pista-di-pattinaggio-il-cimento-i-mercatini-i-libri-ed-i-concerti-a-loano-tornano-gli-incanti-di-natale\/","title":{"rendered":"The Village, New Year's Eve in the Square, skating rink, cimento, markets, books and concerts: the \u201cChristmas Enchantments\u201d return to Loano\u201d"},"content":{"rendered":"\n<p>Loano \u00e8 pronta ad immergersi nell&#8217;atmosfera natalizia con gli \u201c<a href=\"https:\/\/www.visitloano.it\/wp-content\/uploads\/2022\/11\/NATALE-A-LOANO-7.pdf\"><strong>Incanti di Natale<\/strong><\/a>\u201d, il ricco calendario di eventi organizzati dall&#8217;assessorato a turismo, cultura e sport del Comune in collaborazione con le associazioni della citt\u00e0 per allietare le festivit\u00e0 di loanesi ed ospiti.<\/p>\n\n\n\n<p>\u201cDopo due anni in sordina \u2013 dichiarano <strong>il sindaco di Loano Luca Lettieri<\/strong> e l&#8217;<strong>assessore a turismo, cultura e sport Enrica Rocca<\/strong> \u2013 la nostra citt\u00e0 torna a celebrare il Natale in grande stile, con tutti gli appuntamenti e le attrazioni che, da sempre, ci contraddistinguono: dal &#8216;Villaggio Magie di Natale&#8217; al Capodanno in piazza alla pista di pattinaggio (gi\u00e0 entrata nel cuore di loanesi e turisti dopo solo un anno di attivit\u00e0). In questo periodo di celebra l&#8217;armonia e la fratellanza ed \u00e8 proprio con questo spirito che hanno lavorato l&#8217;amministrazione, gli uffici comunali e le tante associazioni che hanno organizzato eventi e manifestazioni pi\u00f9 o meno grandi. Elencarle tutte sarebbe complicato, ma una menzione particolare merita certamente il Comitato Loanese, che quest&#8217;anno ha predisposto un&#8217;edizione di &#8216;<strong>Loano Christmas<\/strong>&#8216; davvero molto, molto ricca e variegata ma sempre orientata ad offrire ai nostri concittadini ed ospiti di tutte le et\u00e0 occasioni di divertimento e gioia per tutti i gusti. Appuntamento dunque al 3 dicembre per la cerimonia di accensione delle luminarie natalizie e poi con tutti gli altri &#8216;Incanti di Natale&#8217;\u201d.<\/p>\n\n\n\n<p>Il 3 dicembre Loano dar\u00e0 ufficialmente il via alle festivit\u00e0 natalizie con l&#8217;accensione delle \u201c<strong>Mille luci delle Feste<\/strong>\u201d, le luminarie artistiche che per tutto il mese di dicembre 2022 ed i primi giorni di gennaio 2023 illumineranno e \u201criscalderanno\u201d le vie e le piazze cittadine. L&#8217;accensione delle luminarie sar\u00e0 una vera e propria festa. Alle 15 le ragazze dell&#8217;Asd Etnica Danza daranno vita al \u201cCerchio aereo\u201d, spettacolo che nasce dalla fusione tra la danza e l&#8217;acrobatica aerea. Alle 16 esibizione del gruppo \u201cU Gunbu de Loa-Verzi\u201d, delle atlete di Gymnica Loano e, a seguire, allo spettacolo offerto dalle \u201cLuci itineranti\u201d, una magica sfilata di artisti, giocolieri ed acrobati vestiti con abiti illuminati da migliaia di luci che brillano nella notte. I sette artisti dello spettacolo \u201c<strong>Luci itineranti<\/strong>\u201d danzano sui trampoli, volteggiano attrezzi di giocoleria luminosa, si esibiscono in eleganti acrobazie aeree su di una magica luna itinerante. Lo spettacolo animer\u00e0 il centro storico cittadino e accompagner\u00e0 il pubblico verso la cerimonia di accensione dell&#8217;albero di Natale in programma alle 17.15 in piazza Italia.<\/p>\n\n\n\n<figure class=\"wp-block-image aligncenter size-large\"><a href=\"https:\/\/www.visitloano.it\/wp-content\/uploads\/2018\/12\/Villaggio-Natale-01.jpg\" rel=\"prettyPhoto[gallery-WMQ0]\"><img decoding=\"async\" src=\"https:\/\/www.visitloano.it\/wp-content\/uploads\/2018\/12\/Villaggio-Natale-01-1024x576.jpg\" alt=\"\" class=\"wp-image-12719\"\/><\/a><\/figure>\n\n\n\n<p>Sempre il 3 dicembre inaugurer\u00e0 anche il \u201c<strong>Villaggio Magie di Natale<\/strong>\u201d, il tradizionale mercatino natalizio di sapore nord-europeo allestito all&#8217;interno dei Giardini San Josemaria Escriv\u00e0 che quest&#8217;anno torna con una configurazione pi\u00f9 ampia e completamente rinnovata. Illuminate dalle magiche decorazioni realizzate a mano dai volontari del Centro Culturale Polivalente, le casette di legno proporranno tante idee-regalo quali articoli natalizi fatti a mano, presepi, candele, giocattoli da collezione, foto ricordo e calendari personalizzati con Babbo Natale, bijoux, oggettistica, giochi e prodotti locali. Senza dimenticare le golosit\u00e0 dello street-food con le quali accompagnare lo shopping tra le casette e che quest&#8217;anno potranno contare su tante nuovissime golosit\u00e0. Babbo Natale attender\u00e0 i bambini nella sua accogliente casetta per fare una foto con loro e per raccogliere le letterine. I pomeriggi di shopping saranno accompagnati da <strong>eventi musicali e da animazioni per i pi\u00f9 piccini<\/strong> (sempre a partire dalle 16). Il 9 e 28 dicembre e poi ancora il 5 gennaio 2023 si svolger\u00e0 un laboratorio archeologico sperimentale con gli esperti delle Grotte di Toirano; il 17 dicembre pomeriggio di baby-dance; il 18 e 30 dicembre e poi ancora il 4 e il 7 gennaio 2023 laboratori artigiani a cura dei maestri dell&#8217;associazione Artigianalmente; il 18 dicembre spettacolo con gli sbandieratori ed i musici di Borgo San Martino di Saluzzo; il 23 e 27 dicembre e poi ancora il 2 gennaio spettacolo di Magia con il Mago Alex; il 24 dicembre concerto natalizio per sax, pianoforte e voce con il tenore Mattia Pelosi. Il mercatino sar\u00e0 aperto sabato 3 e domenica 4 dicembre; da mercoled\u00ec 7 a domenica 11 dicembre; sabato 17 e domenica 18 dicembre; da venerd\u00ec 23 dicembre a domenica 8 gennaio 2023 (dal luned\u00ec al sabato dalle 15 alle 19; la domenica dalle 10 alle 19).<\/p>\n\n\n\n<figure class=\"wp-block-image aligncenter size-large\"><a href=\"https:\/\/www.visitloano.it\/wp-content\/uploads\/2021\/11\/Loano-Pista-Pattinaggio.jpg\" rel=\"prettyPhoto[gallery-WMQ0]\"><img decoding=\"async\" src=\"https:\/\/www.visitloano.it\/wp-content\/uploads\/2021\/11\/Loano-Pista-Pattinaggio-1024x768.jpg\" alt=\"\" class=\"wp-image-16480\"\/><\/a><\/figure>\n\n\n\n<p>Dal 3 dicembre 2022 all&#8217;8 gennaio 2023 in piazza Italia sar\u00e0 allestita una grande <strong>pista di pattinaggio<\/strong> che consentir\u00e0 a grandi e piccini, esperti e meno esperti, di provare l&#8217;ebbrezza di scivolare sul ghiaccio. La splendida atmosfera, la vicinanza all&#8217;albero di Natale, al mercatino regaleranno a tutti l&#8217;emozione di vivere in una favola. La pista sar\u00e0 aperta tutti i giorni dalle 10 alle 12.30, dalle 14.30 alle 19.30 e dalle 21 alle 23. Tutte le informazioni su treninimiletto.it.<\/p>\n\n\n\n<p>Sabato 24 dicembre a partire dalle 21 piazza Italia e le vie del centro si animeranno del <strong>presepe vivente itinerante<\/strong> organizzato dall&#8217;associazione Vecchia Loano in collaborazione con la parrocchia di San Giovanni Battista, il Ctg e le confraternite.<\/p>\n\n\n\n<figure class=\"wp-block-image aligncenter size-large\"><a href=\"https:\/\/www.visitloano.it\/wp-content\/uploads\/2021\/11\/Cimento-06-scaled.jpg\" rel=\"prettyPhoto[gallery-WMQ0]\"><img decoding=\"async\" src=\"https:\/\/www.visitloano.it\/wp-content\/uploads\/2021\/11\/Cimento-06-1024x362.jpg\" alt=\"\" class=\"wp-image-16445\"\/><\/a><\/figure>\n\n\n\n<p>Il 28 dicembre torna il \u201c<strong>Cimento invernale di nuoto<\/strong>\u201d. Il tradizionale tuffo si terr\u00e0 alle 10.30 presso i Bagni Medusa e, come sempre, vedr\u00e0 la partecipazione di \u201cprofessionisti del cimento\u201d provenienti da tutta la Liguria e da tutto il Nord Italia: gli impavidi tuffatori si metteranno alla prova affrontando il mare d&#8217;inverno per un bagno della durata di pochi secondi o, per i pi\u00f9 allenati, di una decina di minuti.<\/p>\n\n\n\n<p>Il 31 dicembre Loano saluter\u00e0 la fine del 2022 e l&#8217;inizio del 2023 con un veglione di <strong>Capodanno<\/strong> ricco di musica e divertimento. A partire dalle 21 in piazza Italia musica, dj-set e concerto con Roberta Bonanno, gi\u00e0 concorrente di \u201cAmici\u201d e nota al grande pubblico per il suo grande successo \u201cA Natale puoi\u201d. Alle 22 in Orto Maccagli sul lungomare concerto con i \u201cPiano B\u201d a cura del Comitato Loanese. La pista di pattinaggio e i mercatini resteranno eccezionalmente aperti tutta la sera.<\/p>\n\n\n\n<p>Il 1^ gennaio 2023 si terr\u00e0 il tradizionale <strong>spettacolo pirotecnico di Capodanno<\/strong>. A partire dalle 18.30 circa dal molo Doria vicino a Palazzo Kursaal creazioni originali con forme a fontana, a sfera e a effetto pioggia si incroceranno nel cielo formando un magico gioco di luci colorate, una scoppiettante scenografia creer\u00e0 una avvolgente atmosfera. Luce, forma, colore e ritmo comporranno uno spettacolo originale e unico.<\/p>\n\n\n\n<p>Il 6 gennaio a partire dalle 16 la festa della <strong>Befana <\/strong>verr\u00e0 celebrata con un pomeriggio ricco di iniziative: a partire dalle 16 in centro sfilata delle Befane (con corsa goliardica per le vie della citt\u00e0) ed elezione di Miss Befana Loano 2023; il tutto arricchito con le vetrine a tema predisposte dai commercianti. A cura di Vecchia Loano e del Comitato Loanese.<\/p>\n\n\n\n<p>L&#8217;8 gennaio alle 16 in piazza Italia si terr\u00e0 la <strong>festa di chiusura di \u201cLoano Christmas\u201d<\/strong> con musica ed intrattenimento a cura degli sbandieratori e musici di Borgo San Martino di Saluzzo e di Gymnica Loano; in chiusura verranno lanciati i grandi eventi della primavera\/estate 2023.<\/p>\n\n\n\n<figure class=\"wp-block-image aligncenter size-large\"><a href=\"https:\/\/www.visitloano.it\/wp-content\/uploads\/2019\/11\/20191130_180827.jpg\" rel=\"prettyPhoto[gallery-WMQ0]\"><img decoding=\"async\" src=\"https:\/\/www.visitloano.it\/wp-content\/uploads\/2019\/11\/20191130_180827-1024x576.jpg\" alt=\"\" class=\"wp-image-14280\"\/><\/a><figcaption class=\"wp-element-caption\">Villaggio Natale<\/figcaption><\/figure>\n\n\n\n<p>La <strong>musica<\/strong> sar\u00e0 la grande protagonista del periodo natalizio in molti modi. Il 2 dicembre alle 21 nella biblioteca civica \u201cAntonio Arecco\u201d di Palazzo Kursaal esibizione dei soliti del Coro Polifonico Citt\u00e0 di Loano. L&#8217;8 dicembre si terr\u00e0 l&#8217;iniziativa \u201cMerende e musica con Babbo Natale\u201d del Comitato Loanese: in piazza Rocca concerto di \u201cU Gunbu de Loa-Verzi\u201d e in piazza Massena esibizione dei Dirty Blonde; nelle vie del centro storico, invece, spettacolo itinerante di \u201cTribal Delight\u201d. Il 9 dicembre dalle 21 in piazza Italia dj-set a cura di Trenini Miletto. Il 10 dicembre alle 16 in piazza Italia esibizione del gruppo folk \u201cBail\u00e0 in riva a u ma\u201d e del gruppo folk Ferrero di Alba. Il 17 e 18 dicembre il centro storico sar\u00e0 animato da una festosa marching-band. Il 22 dicembre alle 21 nella chiesa di Santa Maria Immacolata concerto del Coro Polifonico Citt\u00e0 di Loano e del Coro San Nicola di Bari di Diano Castello; i due gruppi torneranno ad esibirsi il 5 gennaio 2023 alle 21 al convento di Monte Carmelo. La Sbanday Street Band dell&#8217;Associazione Musicale Santa Maria Immacolata attraverser\u00e0 le vie e le piazze cittadine a partire dalle 16 del 23 dicembre; il gruppo torner\u00e0 ad esibirsi col nuovo anno, il 3 gennaio 2023. Il 26 dicembre alle 21 in piazza Italia concerto gospel a cura dei Trenini Miletto. Il 27 dicembre alle 18 nell&#8217;oratorio delle Cappe Turchine concerto con il trio composto da Paola Arecco, Silvia Schiaffino e Mattia Pelosi. Il 29 dicembre dalle 16 il centro storico sar\u00e0 animato da \u201cAspettando Capodanno\u201d, pomeriggio di musica promosso dal Comitato Loanese con concerto del gruppo \u201cU Gunbu de Loa-Verzi\u201d (in piazza Rocca) e dei \u201cDirty Blonde\u201d (in piazza Massena); il pomeriggio sar\u00e0 arricchito dall&#8217;esibizione di Gimnyca Loano e dallo spettacolo itinerante di \u201cTribal Delight\u201d. Il 30 dicembre in piazza Italia concerto della marching-band e premiazione del contest fotografico \u201cIl Natale a Loano\u201d organizzato dal Comitato Loanese in collaborazione con Foto Pieffe.<\/p>\n\n\n\n<p>E ancora: il 2 gennaio alle 16 in piazza Italia esibizione degli allievi dell&#8217;Asd Modern Jazz Dance e di Unitre. Il 3 gennaio 2023 alle 21 in biblioteca torna \u201cRacconti d&#8217;inverno\u201d, appuntamento musicale delle festivit\u00e0 natalizie organizzato dall\u2019Associazione Compagnia dei Curiosi con il contributo del Comune di Loano nell&#8217;ambito del \u201cPremio Nazionale Citt\u00e0 di Loano per la musica tradizionale italiana\u201d. In continuit\u00e0 con il passato, \u201cRacconti d&#8217;inverno\u201d ospita anche quest&#8217;anno la selezione territoriale del Premio Alberto Cesa, organizzato dallo storico festival friulano Folkest. Il 4 gennaio alle 17.30 in piazza Italia spettacolo musicale con il quartetto di violiniste \u201cEffe String Quartet\u201d, il solo in Italia a proporre una versione moderna e innovativa del quartetto d\u2019archi. L\u2019impatto scenico e\u0300 moderno e accattivante. La sonorita\u0300 e\u0300 morbida e fascinosa o brillante ed energica grazie all\u2019aggiunta di una ritmica al suono degli strumenti ad arco. Senza leggii e spartiti l\u2019interazione col pubblico crea uno spettacolo unico e coinvolgente, attraverso le piu\u0300 belle colonne sonore fino alla musica pop e rock. Il 5 gennaio alle 18.30 nell&#8217;oratorio delle Cappe Turchine concerto di organo con il maestro Bartolomeo Gallizio. Sabato 7 gennaio alle 17.30 i \u201cRacconti d&#8217;inverno\u201d vedranno piazza Italia animarsi de \u201cLe danze occitane scendono al mare\u201d con Lou Dalfin. L&#8217;8 gennaio alle 16 in piazza Italia esibizione degli sbandieratori e musici di Borgo San Martino di Saluzzo ed esibizione di Gimnyca Loano a cura del Comitato Loanese.<\/p>\n\n\n\n<p>Dicembre e le festivit\u00e0 natalizie sono da sempre il tempo dei \u201c<strong>Libri sotto l&#8217;albero<\/strong>\u201d, la rassegna cultural-letteraria di letture e laboratori per i bimbi e le loro famiglie ospitata presso la biblioteca civica \u201cAntonio Arecco\u201d di Palazzo Kursaal e nella sala consiliare di Palazzo Doria. L&#8217;undicesima edizione della rassegna inizier\u00e0 il 2 dicembre alle 17.15 con la presentazione, a cura di Pro Loco Loano, del volume \u201cFormare alla relazione\u201d di Angelo Lombardo e Giovanni Mori. Il 4 dicembre alle 16.30 appuntamento con Bibliobimbi, un pomeriggio dedicato alle letture ad alta voce ed il laboratorio a tema natalizio \u201cIl mio piccolo albero di Natale\u201d a cura dell&#8217;Aps #cosavuoichetilegga. Il 9 dicembre alle 21 nuovo appuntamento con il Club del Libro a cura di #cosavuoichetilegga. Il 10 dicembre alle 21 Franco Faggiani presenter\u00e0 il suo libro \u201cLe meraviglie delle Alpi. Natura, cultura, cammini e racconti\u201d: l&#8217;incontro con l&#8217;autore \u00e8 a cura di Cai Loano. L&#8217;11 dicembre alle 16.30 nuovo appuntamento con Bibliobimbi: le letture ad alta voce saranno accompagnate dal laboratorio \u201cBabbo Natale uno di noi\u201d a cura di #cosavuoichetilegga. Sempre il 16 dicembre alle 18 \u00e8 in programma la presentazione di \u201cRegione Gazzi, ovvero un loanese alla prima crociata\u201d di Giorgio Genta: a cura di #cosavuoicheetilegga. Il 18 dicembre alle 16.60 nuovo appuntamento (a cura di #cosavuoichetilegga) con il bardo nonna Piera Alba Merlo, che intratterr\u00e0 i pi\u00f9 piccini con \u201cFiabe e leggende del Natale\u201d. Sempre il 18 dicembre alle 16 nella Sala Azzurra di Marina di Loano Giuseppe Carfagno presenta il suo libro \u201cIl delitto della torre\u201d; seguir\u00e0 la consueta \u201cFesta degli Auguri\u201d di Pro Loco Loano, che ha organizzato anche l&#8217;incontro con l&#8217;autore. Il 30 dicembre alle 21 Zibba racconta con parole e musica \u201cL&#8217;altalena\u201d, la biografia di Marco Masini; a cura di #cosavuoichetilegga. Il 5 gennaio 2023 alle 17 nella sala consiliare di Palazzo Doria Stefano Carrara Sutour presenta il suo libro \u201cDe taera e de ma. Gusti e profumi. Omaggio al dialetto ligure\u201d; a cura di #cosavuoichetilegga. Il 6 gennaio alle 18 in biblioteca si terr\u00e0 la presentazione del nuovo numero della rivista \u201cDue zaini e un camallo\u201d. Il 13 gennaio alle 18 Guido Marangoni presenta \u201cUniversi di-versi\u201d. Il 14 gennaio alle 21 nella sala consiliare del municipio Gio Evan presenta il suo libro \u201cVivere a squarciagola. Un viaggio in India\u201d. A cura di #cosavuoichetilegga. Infine, il 27 gennaio nuovo appuntamento con il Club del Libro.<\/p>\n\n\n\n<p>Oltre al \u201cVillaggio Magie di Natale\u201d, saranno molte le occasioni per fare una passeggiata tra le bancarelle dei <strong>mercatini<\/strong>. Il 7 dicembre in piazza Italia mercatino delle scuole loanesi con animazione a cura di\u2026 Babbo Natale e lo spettacolo \u201cBallando sotto l&#8217;albero\u201d della Scuola Civica \u201cAttimo Danza\u201d di Lorella Brondo. L&#8217;11 dicembre doppio appuntamento con i mercatini. Come ogni seconda domenica del mese, dalle 9 alle 19 sotto ai portici di corso Europa e nei vicini giardini \u201cBestoso\u201d torna il Mercatino di Antichit\u00e0 e Collezionismo, la manifestazione dedicata all&#8217;antiquariato e agli oggetti da collezione organizzata dall&#8217;Associazione Culturale e Ricreativa E20 Free con il patrocinio degli assessorati al commercio e al turismo del Comune di Loano. Decine di espositori presenteranno una selezionata raccolta di mobili, argenti, quadri, tappeti e oggetti dal sapore antico e ricchi di fascino. Nel mercatino troveranno posto curiosit\u00e0 e \u201ccose della nonna\u201d, ma anche oggetti da collezione e di modernariato. Il mercatino torner\u00e0 anche domenica 8 gennaio 2023. Sempre l&#8217;11 dicembre dalle 9 alle 17 in piazza Massena torna \u201cMestieri in piazza\u201d, il mercatino degli artigiani e degli artisti organizzato dall&#8217;associazione Artigianalmente con il patrocinio dell&#8217;assessorato al commercio del Comune di Loano. Artigiani professionisti ed artisti specializzati esporranno i frutti del loro ingegno e della loro abilit\u00e0. Sulle bancarelle si potranno trovare opere di scultura, pittura, disegno, incisione ed arti figurative oltre a ceramiche dipinte, oggetti intagliati nel legno, vetro dipinto, borse e cinture realizzate con il cuoio e bigiotteria d\u2019arte. Il mercatino artigiano torner\u00e0 il 5 gennaio 2023 dalle 10 alle 19 sempre in piazza Massena. Gli appuntamenti con lo shopping non finiscono qui. Domenica 27 novembre dalle 8 alle 19 in corso Roma e piazza Mazzini torna la tradizionale Fiera di Sant&#8217;Andrea. Invece, domenica 15 gennaio 2023 sempre dalle 8 alle 19 in corso Roma e piazza Mazzini torna la Fiera di San Sebastiano. Durante tutte e due le giornate decine di banchi proporranno i migliori capi di abbigliamento per uomo e donna, intimo, calzature, pelletteria, biancheria per la casa, oggettistica, giocattoli, prodotti enogastronomici e molto altro.<\/p>\n\n\n\n<figure class=\"wp-block-image aligncenter size-full\"><a href=\"https:\/\/www.visitloano.it\/wp-content\/uploads\/2019\/05\/Mercatino-Artigiano.jpg\" rel=\"prettyPhoto[gallery-WMQ0]\"><img decoding=\"async\" src=\"https:\/\/www.visitloano.it\/wp-content\/uploads\/2019\/05\/Mercatino-Artigiano.jpg\" alt=\"\" class=\"wp-image-13408\"\/><\/a><\/figure>\n\n\n\n<p>Dall&#8217;1 al 24 dicembre le attivit\u00e0 dei \u201ccaruggetti orbi\u201d daranno vita a \u201c<strong>L&#8217;Avvento nei caruggetti orbi<\/strong>\u201d. Ogni giorno fino alla vigilia di Natale i commercianti dei \u201cvicoli\u201d loanesi lanceranno (tramite social network) una piccola sfida pubblica e doneranno un regalo a chi, per primo, la raccoglier\u00e0 e vincer\u00e0. Tutte le informazioni sono disponibili sulla pagina Facebook \u201cL&#8217;Avvento dei caruggetti orbi\u201d. La manifestazione potrebbe avere (a sorpresa) un prolungamento fino al 6 gennaio 2023.<\/p>\n\n\n\n<p><strong>Natale \u00e8 il periodo perfetto per andare alla scoperta del territorio e dei suoi tesori<\/strong>. Gioved\u00ec 1, 8, 15 e 22 dicembre tornano gli appuntamenti di \u201cLoano non solo mare\u201d, il programma curato dalla sezione loanese del Cai con il patrocinio dell&#8217;assessorato a turismo, cultura e sport del Comune di Loano e che si propone di promuovere la pratica escursionistica come occasione di socializzazione, benessere personale, conoscenza e valorizzazione del territorio. Durante le festivit\u00e0 natalizie sar\u00e0 aperto anche il Museo del Mare, gestito dall&#8217;Associazione Lodanum. Infine, tutte le penultime e ultime domeniche di dicembre e gennaio, i Templari Cattolici renderanno possibile l&#8217;apertura della chiesa di Sant&#8217;Agostino.<\/p>\n\n\n\n<p>Anche quest&#8217;anno il Comune di Loano ha deciso di aderire all&#8217;iniziativa \u201c<strong>Nipoti di Babbo Natale<\/strong>\u201d, il progetto dell&#8217;associazione onlus \u201cUn sorriso in pi\u00f9\u201d che consente di trasformarsi in Santa Klaus ed esaudire il desiderio degli anziani ospiti delle residenze protette di tutta Italia. Ne saranno protagonisti i \u201cnonni\u201d del Ramella. L&#8217;iniziativa \u00e8 molto semplice, ma di grande impatto: gli anziani del Ramella sono stati intervistati dallo staff della residenza protetta e hanno espresso un piccolo desiderio; la loro \u201cletterina natalizia\u201d \u00e8 stata poi pubblicata sul sito dei \u201cNipoti di Babbo Natale\u201d. Collegandosi al portale www.nipotidibabbonatale.it chiunque potr\u00e0 realizzare il sogno di un ospite, diventando \u201cNipote di Babbo Natale\u201d per un giorno e regalando cos\u00ec un sorriso ad un nonnino.<\/p>\n\n\n\n<p>Il 3 dicembre dalle 8.30 alle 13.30 nella sala consiliare di Palazzo Doria si terr\u00e0 un <strong>convegno formativo su dissesto idrogeologico e calamit\u00e0 naturali<\/strong> promosso dall&#8217;Ordine degli Ingegneri di Savona e rivolto proprio ad ingegneri e geologi.<\/p>\n\n\n\n<p>Dall&#8217;8 all&#8217;11 dicembre saranno in distribuzione a Loano le \u201c<strong>Stelle di Natale<\/strong>\u201d e le \u201c<strong>Stelle di cioccolato<\/strong>\u201d che aiutano la ricerca di Ail, l&#8217;Associazione Italiana contro le Leucemie, i Linfomi e il Mieloma.<\/p>\n\n\n\n<p>Il 10 dicembre a partire dalle 10 sulla passeggiata a mare si terr\u00e0 la \u201c<strong>Corsa dei Babbi Natale<\/strong>\u201d promossa dall&#8217;Asd Maremontana, Runners Loano e Run for Autism.<\/p>\n\n\n\n<p>Dal 12 al 30 dicembre nella Sala del Mosaico di Palazzo Doria <strong>mostra di disegni e manufatti degli alunni<\/strong> delle scuole di Loano e di Francheville organizzata dal Comitato per il Gemellaggio.<\/p>\n\n\n\n<p>Il 18 dicembre dalle 9 alle 19 il PalaGarassini ospiter\u00e0 \u201c<strong>Pinocchio<\/strong>\u201d, saggio di fine anno dell&#8217;Asd Arteginnastica. Dal 2 al 5 gennaio 2023, invece, sempre al PalaGarassini dalle 8.30 alle 20 si terr\u00e0 la 6^ edizione di \u201cLoano in danza\u201d organizzata dall&#8217;Asd Promozione Danza Liguria.<\/p>\n\n\n\n<p>Il 2 e 3 gennaio alle 10 su litorale <strong>due giorni dedicati all&#8217;equitazione<\/strong> organizzati dal Comitato Loanese con l&#8217;Asd Equestre Gaviano Beach di Calizzano ed i Bagni Marini di Loano: con \u201cbattesimo della sella\u201d e passeggiate con cavalli.<\/p>\n\n\n\n<figure class=\"wp-block-image aligncenter size-large\"><a href=\"https:\/\/www.visitloano.it\/wp-content\/uploads\/2017\/11\/2-vin-brul%C3%A8.jpg\" rel=\"prettyPhoto[gallery-WMQ0]\"><img decoding=\"async\" src=\"https:\/\/www.visitloano.it\/wp-content\/uploads\/2017\/11\/2-vin-brul%C3%A8-1024x766.jpg\" alt=\"\" class=\"wp-image-11243\"\/><\/a><\/figure>\n\n\n\n<p>Come tradizione durante le festivit\u00e0 natalizie, nei pomeriggi il 30 dicembre e il 5 gennaio 2023 i membri del <strong>Gruppo Alpini<\/strong> di Loano saranno in piazza Rocca per la consueta distribuzione di <strong>vin brul\u00e8 e cioccolata calda<\/strong> a tutti i loanesi ed ospiti. Un \u201ccaldo abbraccio\u201d per celebrare al meglio la fine dell&#8217;anno vecchio e l&#8217;inizio dell&#8217;anno nuovo e per sostenere concretamente una delle pi\u00f9 importanti realt\u00e0 sanitarie della nostra regione: le offerte raccolte durante le due giornate, infatti, saranno destinate all&#8217;ospedale pediatrico Gaslini di Genova.<\/p>\n\n\n\n<p>Il 17 e 18 dicembre doppio appuntamento con due simboli dei \u201cmotori italiani\u201d: il 17 dicembre alle 10 sul lungomare <strong>raduno delle Fiat 500<\/strong> a cura del Club 500 di Garlenda, mentre alle 14 in piazza Rocca <strong>raduno di Vespa<\/strong> a cura del Vespa Club di Pietra Ligure. Il giorno dopo, il 18 dicembre, Loano far\u00e0 da sfondo al <strong>motoraduno <\/strong>promosso dal Moto Club Domina (alle 10 in piazza Rocca) e al <strong>raduno di auto sportive<\/strong> che si terr\u00e0 sul lungomare, in via Manzoni e a Marina di Loano.<\/p>\n\n\n\n<p>Il 18 dicembre dalle 16 nella Sala Azzurra di Marina di Loano si terr\u00e0 la \u201c<strong>Festa degli Auguri<\/strong>\u201d di Pro Loco Loano, con la presentazione del libro \u201cIl delitto della torre\u201d di Giuseppe Carfagno.<\/p>\n\n\n\n<p>Dal 28 al 30 dicembre al PalaGarassini tornano i <strong>tornei di calcio di Natale<\/strong> per le categorie \u201cPiccoli amici\u201d 2016 e \u201cPrimi calci\u201d 2014 e 2015 organizzati dall&#8217;Asd San Francesco Loano.<\/p>\n\n\n\n<figure class=\"wp-block-image aligncenter size-full\"><a href=\"https:\/\/www.visitloano.it\/wp-content\/uploads\/2020\/12\/Presepe-Vecchia-Loano-01.jpg\" rel=\"prettyPhoto[gallery-WMQ0]\"><img decoding=\"async\" src=\"https:\/\/www.visitloano.it\/wp-content\/uploads\/2020\/12\/Presepe-Vecchia-Loano-01.jpg\" alt=\"\" class=\"wp-image-15839\"\/><\/a><\/figure>\n\n\n\n<p>Con l&#8217;arrivo delle festivit\u00e0 natalizie presso le chiese e gli oratori di Loano sono stati allestiti numerosi <strong>presepi tradizionali<\/strong>. Ogni ricostruzione della rappresentazione della Nativit\u00e0 \u00e8 ambientata in uno scenografico paesaggio. Accanto ai protagonisti canonici del presepio ci sono figure di personaggi popolari e scene di vita quotidiana. Talvolta sono presenti scene meccaniche. Visitando le ricostruzioni della Nativit\u00e0 allestite nelle parrocchie, nelle cappelle e negli oratori della citt\u00e0 sar\u00e0 possibile tracciare un vero e proprio itinerario alla scoperta delle ricchezze architettonico-religiose di Loano. Presepi tradizionali sono stati allestiti presso l&#8217;oratorio di Nostra Signora del Santissimo Rosario o \u201cdei Turchini\u201d in piazza Italia (dall&#8217;8 dicembre 2022 al 29 gennaio 2023); nella parrocchia di San Pio X in via Bergamo (dal 24 dicembre 2022 al 2 febbraio 2023); nella parrocchia di Santa Maria Immacolata di via dei Gazzi (dal 24 dicembre 2022 al 2 febbraio 2023); nell&#8217;oratorio di San Giovanni Battista o \u201cdei Bianchi\u201d in via Boragine (dall&#8217;8 dicembre 2022 al 29 gennaio 2023); nella parrocchia di San Giovanni Battista (dal 24 dicembre 2022 al 2 febbraio 2023); presso il convento di Monte Carmelo in via Costino di Monte Carmelo (aperto tutto l&#8217;anno).<\/p>\n","protected":false},"excerpt":{"rendered":"<p>Loano is ready to plunge into the Christmas atmosphere with the \u201cChristmas Enchantments,\u201d the rich calendar of events organized by the City Council's Department of Tourism, Culture and Sports in collaboration with the...<\/p>","protected":false},"author":3,"featured_media":16479,"comment_status":"closed","ping_status":"closed","sticky":false,"template":"","format":"standard","meta":{"footnotes":""},"categories":[1],"tags":[],"class_list":{"0":"post-18285","1":"post","2":"type-post","3":"status-publish","4":"format-standard","5":"has-post-thumbnail","7":"category-news"},"_links":{"self":[{"href":"https:\/\/www.visitloano.it\/en\/wp-json\/wp\/v2\/posts\/18285","targetHints":{"allow":["GET"]}}],"collection":[{"href":"https:\/\/www.visitloano.it\/en\/wp-json\/wp\/v2\/posts"}],"about":[{"href":"https:\/\/www.visitloano.it\/en\/wp-json\/wp\/v2\/types\/post"}],"author":[{"embeddable":true,"href":"https:\/\/www.visitloano.it\/en\/wp-json\/wp\/v2\/users\/3"}],"replies":[{"embeddable":true,"href":"https:\/\/www.visitloano.it\/en\/wp-json\/wp\/v2\/comments?post=18285"}],"version-history":[{"count":0,"href":"https:\/\/www.visitloano.it\/en\/wp-json\/wp\/v2\/posts\/18285\/revisions"}],"wp:featuredmedia":[{"embeddable":true,"href":"https:\/\/www.visitloano.it\/en\/wp-json\/"}],"wp:attachment":[{"href":"https:\/\/www.visitloano.it\/en\/wp-json\/wp\/v2\/media?parent=18285"}],"wp:term":[{"taxonomy":"category","embeddable":true,"href":"https:\/\/www.visitloano.it\/en\/wp-json\/wp\/v2\/categories?post=18285"},{"taxonomy":"post_tag","embeddable":true,"href":"https:\/\/www.visitloano.it\/en\/wp-json\/wp\/v2\/tags?post=18285"}],"curies":[{"name":"wp","href":"https:\/\/api.w.org\/{rel}","templated":true}]}}