{"id":17231,"date":"2022-06-15T12:00:00","date_gmt":"2022-06-15T10:00:00","guid":{"rendered":"https:\/\/www.visitloano.it\/?p=17231"},"modified":"2022-06-15T12:00:00","modified_gmt":"2022-06-15T10:00:00","slug":"renaissance-festival-white-night-basue-carnivaloa-and-mahmoods-concert-loano-prepares-for-an-unforgettable-summer","status":"publish","type":"post","link":"https:\/\/www.visitloano.it\/en\/17231\/news\/festa-rinascimentale-notte-bianca-basue-carnevaloa-e-il-concerto-di-mahmood-loano-si-prepara-per-unestate-indimenticabile\/","title":{"rendered":"Renaissance festival, white night, Bas\u00fce, Carneval\u00f6a and Mahmood's concert: Loano prepares for an unforgettable summer"},"content":{"rendered":"\n<p>La festa rinascimentale che celebra \u201cIl ritorno dei Doria\u201d, la \u201cNotte in Bianco\u201d, il PreMeeting, le Bas\u00fce, il Carneval\u00f6a, la rassegna CUBO. Ma anche tanti eventi letterari, mostre, concerti, serate di cabaret, concorsi di bellezza, appuntamenti golosi, manifestazioni sportive. Per culminare con l&#8217;attesissimo concerto di Mahmood in piazza Italia a fine agosto. Sar\u00e0 davvero senza eguali la \u201cEstate a Loano\u201d, l&#8217;ampio calendario di eventi che animer\u00e0 l&#8217;estate 2022 di Loano. Qui il <a href=\"https:\/\/www.visitloano.it\/wp-content\/uploads\/2022\/06\/op_15x21_loano_GiuSet-def_220614_115410.pdf\">calendario completo<\/a>.<\/p>\n\n\n\n<p>\u201cDopo due stagioni piuttosto complicate \u2013 spiegano Lettieri e Rocca \u2013 mai come quest&#8217;anno c&#8217;\u00e8 tanta voglia di riprendere le normali &#8216;abitudini&#8217; e ricominciare a godere appieno delle occasioni di relax e divertimento che, specie a Loano, caratterizzano l&#8217;estate. E proprio per cercare di andare incontro a questa esigenza, l&#8217;amministrazione, gli uffici comunali e le realt\u00e0 del territorio hanno predisposto un calendario di eventi davvero ricco e variegato. Senza timore di smentita, ci sentiamo di affermare che poche altre localit\u00e0 in Liguria possono vantare una proposta di questo genere. Accanto ad appuntamenti classici della nostra citt\u00e0 come la &#8216;Notte in Bianco&#8217;, la festa delle streghe, il carnevale, il Premio Nazionale Citt\u00e0 di Loano, il PreMeeting, abbiamo voluto promuovere alcune interessanti novit\u00e0. Come la versione ampliata e arricchita della festa rinascimentale che celebra la proclamazione di Loano quale libera contea, la fiera del vintage sul lungomare o il cinema in spiaggia. L&#8217;evento clou di questa estate sar\u00e0 senza dubbio il concerto di Mahmood in piazza Italia. Un evento che, a poche ore dall&#8217;annuncio, ha gi\u00e0 creato una grande attesa. Mai come quest&#8217;anno \u00e8 stato fondamentale il contributo delle associazioni e delle attivit\u00e0 della citt\u00e0, che non solo hanno confermato l&#8217;impegno degli anni precedenti, ma hanno anche promosso nuovi ed interessanti progetti utilissimi per diversificare ulteriormente l&#8217;offerta. A loro va il nostro pi\u00f9 sincero ringraziamento. Se questa sar\u00e0 davvero, come speriamo ed auspichiamo, l&#8217;estate della vera ripartenza, sar\u00e0 anche e soprattutto merito loro\u201d.<\/p>\n\n\n\n<figure class=\"wp-block-image size-large\"><a href=\"https:\/\/www.visitloano.it\/wp-content\/uploads\/2022\/05\/Festa-Doria-Loano-03.jpg\" rel=\"prettyPhoto[gallery-qNg6]\"><img decoding=\"async\" src=\"https:\/\/www.visitloano.it\/wp-content\/uploads\/2022\/05\/Festa-Doria-Loano-03-1024x576.jpg\" alt=\"\" class=\"wp-image-17081\"\/><\/a><\/figure>\n\n\n\n<p>Si comincia sabato 18 giugno con \u201c<strong>Il ritorno dei Doria<\/strong>\u201d, la grande festa rinascimentale che rievocher\u00e0 la proclamazione della libera contea di Loano avvenuta nel 1575 durante la signoria dei conti Zenobia Del Carretto e Gianandrea Doria. La manifestazione \u00e8 stata promossa dall&#8217;assessorato a turismo, cultura e sport del Comune di Loano ed organizzata dal Comitato Loanese e da Vecchia Loano. Oltre ad essere una rievocazione storica che vuole ricostruire con coerenza e sulla base di documenti originali quello che accade il 2 luglio 1575, data di insediamento dei principi Doria e del giuramento della comunit\u00e0 loanese, l&#8217;evento sar\u00e0 l&#8217;occasione per animare il centro storico e il lungomare con momenti di spettacolo a tema storico che coinvolgeranno turisti e residenti in un vero e proprio viaggio attraverso i secoli.<\/p>\n\n\n\n<figure class=\"wp-block-image size-large\"><a href=\"https:\/\/www.visitloano.it\/wp-content\/uploads\/2022\/05\/Donatella-Rettore-01-scaled.jpg\" rel=\"prettyPhoto[gallery-qNg6]\"><img decoding=\"async\" src=\"https:\/\/www.visitloano.it\/wp-content\/uploads\/2022\/05\/Donatella-Rettore-01-1024x875.jpg\" alt=\"\" class=\"wp-image-17012\"\/><\/a><\/figure>\n\n\n\n<p>La settimana successiva, cio\u00e8 sabato 25 giugno, torner\u00e0 la \u201c<strong>Notte in Bianco<\/strong>\u201d, la lunga maratona di divertimento promossa dal Comune di Loano in collaborazione con Comitato Loanese e Fipe-Confcommercio. Come sempre, l&#8217;elemento portante della manifestazione saranno gli esercizi commerciali ed i locali, che resteranno aperti fino a tarda sera ed offriranno originali punti di degustazione e, dalle 17, tante occasioni di shopping grazie al \u201cdesbarassu\u201d. Sempre a partire dalle 17 sulla passeggiata a mare troveranno spazio gli stand degli artigiani e degli artisti dell&#8217;associazione Artigianalmente, che fino a sera esporranno i frutti del loro ingegno e della loro abilit\u00e0. Sulle bancarelle si potranno trovare opere di scultura, pittura, disegno, incisione ed arti figurative oltre a ceramiche dipinte, oggetti intagliati nel legno, vetro dipinto, borse e cinture realizzate con il cuoio e bigiotteria d&#8217;arte. Grande protagonista sar\u00e0 la musica, con pi\u00f9 di una dozzina concerti ed esibizioni di gruppi rock, cover band, gruppi jazz in diversi punti della citt\u00e0. Alle 21.30 prender\u00e0 il via il grande concerto gratuito che costituisce il momento clou della Notte Bianca: quest&#8217;anno sul palcoscenico allestito in piazza Italia salir\u00e0 Donatella Rettore con il suo \u201cTour Estivo 2022\u201d.<\/p>\n\n\n\n<figure class=\"wp-block-image size-full\"><a href=\"https:\/\/www.visitloano.it\/wp-content\/uploads\/2022\/06\/MAHMOOD600x600.jpg\" rel=\"prettyPhoto[gallery-qNg6]\"><img decoding=\"async\" src=\"https:\/\/www.visitloano.it\/wp-content\/uploads\/2022\/06\/MAHMOOD600x600.jpg\" alt=\"\" class=\"wp-image-17240\"\/><\/a><\/figure>\n\n\n\n<p>E sempre in piazza Italia si terr\u00e0, il 27 agosto, l&#8217;atteso concerto di <strong>Mahmood <\/strong>organizzato dal Comune di Loano insieme a Strobe srl. A meno di due mesi dalla sua seconda partecipazione all\u2019Eurovision Song Contest (Torino, 10-14 maggio 2022) e reduce dal successo al 72^ Festival di Sanremo, dove ha vinto con \u201cBrividi\u201d con Blanco, il brano pi\u00f9 ascoltato di sempre in un giorno su Spotify Italia con 3.384.192 stream in sole 24 ore dall\u2019uscita e certificato triplo disco di platino, Mahmood inaugurer\u00e0 il tour estivo il 7 luglio alla Cavea Parco Della Musica di Roma. Quindi toccher\u00e0 praticamente tutta Italia per arrivare a Loano per un concerto che regaler\u00e0 forti emozioni. Tra le canzoni con cui Mahmood si esibir\u00e0 sul palco, non solo i fortunatissimi inediti del suo ultimo album \u201cGhettolimpo\u201d e la sanremese \u201cBrividi\u201d, ma anche alcuni tra i successi pi\u00f9 amati dei suoi progetti discografici meno recenti, come \u201cGiovent\u00f9 Bruciata\u201d e il singolo \u201cDorado\u201d, con Sfera Ebbasta e Feid. Ecco la possibile scaletta del concerto di Mahmood basata anche alle sue recenti esibizioni per il Ghettolimpo Tour 2022 nei club di Italia ed Europa: \u201cDei\u201d, \u201cGhettolimpo\u201d, \u201cBaci dalla Tunisia\u201d, \u201cInuyasha\u201d, \u201cIl Nilo nel Naviglio\u201d, \u201cEternantena\u201d, \u201cDorado\u201d, \u201cRemo\u201d, \u201cGiovent\u00f9 bruciata\u201d, \u201cIcaro \u00e8 libero\u201d, \u201cKobra\u201d, \u201cRubini\u201d, \u201cKarma\u201d, \u201cT\u2019amo\u201d, \u201cBarrio\u201d, \u201cTalata\u201d, \u201cRapide\u201d, \u201cBrividi\u201d e \u201cSoldi\u201d.<\/p>\n\n\n\n<figure class=\"wp-block-image size-large\"><a href=\"https:\/\/www.visitloano.it\/wp-content\/uploads\/2022\/06\/Pre-Meeting-2021.jpg\" rel=\"prettyPhoto[gallery-qNg6]\"><img decoding=\"async\" src=\"https:\/\/www.visitloano.it\/wp-content\/uploads\/2022\/06\/Pre-Meeting-2021-1024x768.jpg\" alt=\"\" class=\"wp-image-17232\"\/><\/a><\/figure>\n\n\n\n<p>Dal 6 al 10 luglio torna il <strong>PreMeeting di Loano<\/strong>, la manifestazione che anticipa i temi del Meeting di Rimini, kermesse che la Fondazione Amicizia fra i Popoli organizza ad agosto di ogni anno a Rimini. L&#8217;iniziativa, in programma a Marina di Loano, \u00e8 promossa e realizzata dall&#8217;associazione culturale Cara Belt\u00e0 e dal Banco di Solidariet\u00e0 San Francesco Maria da Camporosso \u201cPadre Santo\u201d di Loano con il contributo del Comune di Loano, della Marina di Loano, di Regione Liguria.<\/p>\n\n\n\n<p>Dal 12 al 14 luglio a Loano far\u00e0 tappa \u201c<strong>CUBO LIVE &#8211; luoghi, idee, voci, eventi<\/strong>\u201d, la rassegna itinerante di spettacoli dal vivo promossa da CUBO, il museo d\u2019impresa del Gruppo Unipol, che si svolgera\u0300 in cinque luoghi particolarmente suggestivi a Bologna, Milano, Torino, in Liguria e in Versilia. Artisti pop e rock, concerti jazz, musica classica e teatro allietano le serate estive con proposte stimolanti e performance all\u2019altezza dello stile di CUBO. Per quanto riguarda Loano, il 12 luglio in piazza Italia si terr\u00e0 il concerto dei Marlene Kuntz, mentre il 13 e 14 luglio la splendida cornice dello Yacht Club di Marina di Loano ospiter\u00e0 le performance rispettivamente di Marina Rei e dell&#8217;Alfredo Rodriguez Trio.<\/p>\n\n\n\n<p>Il 10 agosto in piazza Italia \u201c<strong>festa della musica<\/strong>\u201d con dj-set a cura di Strobe srl.<\/p>\n\n\n\n<figure class=\"wp-block-image size-large\"><a href=\"https:\/\/www.visitloano.it\/wp-content\/uploads\/2022\/05\/Alessandro-d-Alessandro-Premio-Loano_.jpg\" rel=\"prettyPhoto[gallery-qNg6]\"><img decoding=\"async\" src=\"https:\/\/www.visitloano.it\/wp-content\/uploads\/2022\/05\/Alessandro-d-Alessandro-Premio-Loano_-1024x682.jpg\" alt=\"\" class=\"wp-image-17021\"\/><\/a><\/figure>\n\n\n\n<p>Dal 28 al 30 luglio tornano gli appuntamenti legati al <strong>Premio Nazionale Citt\u00e0 di Loano per la Musica Tradizionale Italiana<\/strong>, il pi\u00f9 prestigioso riconoscimento per la musica di tradizione in Italia. Concerti, incontri con gli autori e approfondimenti con i pi\u00f9 importanti esponenti del genere caratterizzeranno, come sempre, la manifestazione organizzata dalla Compagnia dei Curiosi.<\/p>\n\n\n\n<figure class=\"wp-block-image size-large\"><a href=\"https:\/\/www.visitloano.it\/wp-content\/uploads\/2022\/06\/Carnevaloa-Summe-Edition.jpg\" rel=\"prettyPhoto[gallery-qNg6]\"><img decoding=\"async\" src=\"https:\/\/www.visitloano.it\/wp-content\/uploads\/2022\/06\/Carnevaloa-Summe-Edition-1024x576.jpg\" alt=\"\" class=\"wp-image-17233\"\/><\/a><\/figure>\n\n\n\n<p>Dopo i due anni di stop dovuti alla pandemia, sabato 23 luglio torna il \u201c<strong>Carneval\u00f6a Summer Edition<\/strong>\u201d. A partire dalle 21 su corso Roma torneranno a sfilare i carri allegorici realizzati dai volontari di Vecchia Loano e non solo. La sfilata sar\u00e0 accompagnata da musica, balli, coriandoli e gruppi in maschera. Ed \u00e8 sempre Vecchia Loano ad organizzare la \u201c<strong>Festa delle Bas\u00fce<\/strong>\u201d. Sabato 13 agosto centinaia di figuranti faranno rivivere l&#8217;epoca della caccia alle streghe che per alcuni secoli ha imperversato in Europa, con la persecuzione di donne sospettate di compiere atti di magia quali sortilegi, malefici, fatture e legamenti. Seguir\u00e0 il tradizionale spettacolo pirotecnico. Maschere ancora protagoniste il 10 settembre con la <strong>sfilata di maschere<\/strong> nazionali e regionali in programma nel centro storico e sul lungomare, sempre a cura di Vecchia Loano.<\/p>\n\n\n\n<figure class=\"wp-block-image size-large\"><a href=\"https:\/\/www.visitloano.it\/wp-content\/uploads\/2022\/06\/Basure-02.jpg\" rel=\"prettyPhoto[gallery-qNg6]\"><img decoding=\"async\" src=\"https:\/\/www.visitloano.it\/wp-content\/uploads\/2022\/06\/Basure-02-1024x683.jpg\" alt=\"\" class=\"wp-image-17234\"\/><\/a><\/figure>\n\n\n\n<p>Novit\u00e0 di quest&#8217;anno sar\u00e0 il <strong>cinema in spiaggia<\/strong>: ogni mercoled\u00ec di luglio e agosto presso i Bagni Lampara verranno proiettati i migliori film per bambini e famiglie. Con ingresso libero fino ad esaurimento dei posti a disposizione.<\/p>\n\n\n\n<p>Mai come quest&#8217;anno piazza Italia sar\u00e0 il vero \u201ccuore spettacolare\u201d di Loano. Marted\u00ec 5 luglio si svolger\u00e0 <strong>\u201cImprovvisamente tu\u2026<\/strong>\u201d, spettacolo di danza, canto e recitazione a cura dell&#8217;Asd Modern Jazz Dance, della scuola civica Attimo Danza e dell&#8217;Officina delle Piccole Arti. Infine, venerd\u00ec 19 agosto andr\u00e0 in scena \u201c<strong>Maria Rosa Raimondi, chi \u00e8 costei? Di Giuseppe Garibaldi madre \u00e8 lei<\/strong>\u201d, il musical realizzato dall&#8217;associazione marinara Lodanum che ricostruisce la vita della madre dell&#8217;Eroe dei Due Mondi, nata proprio a Loano. Ad agosto triplo appuntamento con il cabaret. Sabato 4 agosto il \u201c<strong>Crai Summer Tour 2022<\/strong>\u201d porter\u00e0 a Loano lo show di Gianluca Impastato. Venerd\u00ec 5 sempre \u201c<strong>cabaret night<\/strong>\u201d a cura di Pro Loco. Infine, il 20 agosto sempre in piazza Italia <strong>notte di cabaret<\/strong> con Renzo Sinacori.<\/p>\n\n\n\n<p>Sabato 6 agosto torner\u00e0 \u201c<strong>Universo in Rosa<\/strong>\u201d, la manifestazione a favore dello sportello d&#8217;ascolto \u201cArtemisia Gentileschi\u201d di Loano contro la violenza sulle donne. La giornata comincer\u00e0 alle 6 del mattino sul Molo Kursaal con un concerto di musica classica con Paola Arecco e Gianni Collo. Alle 18 al Beefly di Marina di Loano dimostrazione di tecniche di autodifesa con l&#8217;Asd Krav Maga Parabellum. Alle 21 in piazza Italia concerto con \u201cI Divina\u201d. La serata sar\u00e0 condotta da Elena Ballerini.<\/p>\n\n\n\n<p>Domenica 14 agosto sulle terrazze del Marina Center di Marina di Loano si terr\u00e0 la decima edizione di <strong>Miss Pro Loco Loano<\/strong>, che comporter\u00e0 anche l&#8217;elezione di \u201c<strong>Venere d&#8217;Italia per la Liguria<\/strong>\u201d. Domenica 28 agosto in piazza Italia si svolger\u00e0 la finale regionale di <strong>Miss Italia e Miss Riviera delle Palme<\/strong> promossa da Vecchia Loano.<\/p>\n\n\n\n<figure class=\"wp-block-image size-large\"><a href=\"https:\/\/www.visitloano.it\/wp-content\/uploads\/2018\/08\/LOA.jpg\" rel=\"prettyPhoto[gallery-qNg6]\"><img decoding=\"async\" src=\"https:\/\/www.visitloano.it\/wp-content\/uploads\/2018\/08\/LOA-1024x342.jpg\" alt=\"\" class=\"wp-image-12435\"\/><\/a><figcaption>LOA Legge in Ogni Angolo<\/figcaption><\/figure>\n\n\n\n<p>Nell&#8217;estate di Loano non mancheranno gli appuntamenti letterari di \u201c<strong>LOA Legge in Ogni Angolo Estate<\/strong>\u201d promosso da Atuttotondo di Monica Maggi in collaborazione con l&#8217;Aps #cosavuoichetilegga e il Mondadori Bookstore di Loano. Ogni settimana, il Parco Don Leone Grossi sar\u00e0 la location delle \u201c<strong>Fiabe e leggende al parco<\/strong>\u201d con nonna Piera. Piera Alba Merlo, bardo celtico e narratrice, e la sua aiutante Monica Maggi intratterranno i piccoli partecipanti con letture tratte dai libri di fiabe e leggende di nonna Piera. Le letture sono rivolte a bambini e bambine dai 5 anni in su. E a luglio ci sar\u00e0 spazio anche per i \u201c<strong>Libri Bambini sotto il tiglio<\/strong>\u201d, con letture ad alta voce, autori e laboratori per bambini e le loro famiglie che hanno la finalit\u00e0 di attivare il piacere della lettura attraverso l\u2019ascolto delle parole, che da scritte si animano tramite l\u2019incontro con chi le ha pensate e tradotte in libro. Tra gli ospiti della rassegna Sergio Olivotti, Elena Lunardi, Giorgio Scaramuzzino e Vania Pucci. Letteratura e musica saranno le protagoniste delle \u201c<strong>Letture all&#8217;alba<\/strong>\u201d con accompagnamento musicale che si terranno il 21 agosto nelle prime ore del giorno sul Molo Kursaal. Sabato 3 settembre a Borgo Castello torner\u00e0 ad essere \u201c<strong>Il borgo dei poeti<\/strong>\u201d, con una serata di reading di poeti e appassionati di poesia a cura di #cosavuoichetilegga che cercheranno di rispondere alla domanda \u201cLa poesia salver\u00e0 il mondo?\u201d. Il 6 settembre, infine, la presentazione de \u201cIl manuale del giovane camallo\u201d, l&#8217;ultimo progetto editoriale dell&#8217;associazione \u201cDue Zaini e un Camallo\u201d realizzato con la collaborazione del fumettista Pietro Celestino Marengo e rivolto ai pi\u00f9 piccini, per sensibilizzarli al rispetto della natura e dell&#8217;ambiente. A luglio e agosto torneranno anche gli <strong>incontri con gli autori<\/strong> promossi dall&#8217;Associazione Centofiori Eventi in collaborazione con la Libreria del Conte e quelli della rassegna dei \u201cMarted\u00ec della Cultura\u201d organizzata dall&#8217;Aps #cosavuoichetilegga in collaborazione con il Mondadori Bookstore. Presenteranno i loro libri a Loano: Andrea Vitali, Massimo Calandri, Veronica Pivetti, Luca Bianchini, Gianluigi Nuzzi, Nadia Terranova.<\/p>\n\n\n\n<p>Non mancheranno le occasioni di shopping. Il 3 settembre dalle 8 alle 19 sul lungomare si terr\u00e0 la prima edizione della fiera dedicata a \u201c<strong>Vintage, modernariato e dintorni<\/strong>\u201d organizzata dall&#8217;Associazione Culturale e Ricreativa E20 Free. Ogni seconda domenica del mese sotto i portici di corso Europa e nei vicini giardini \u201cBestoso\u201d torner\u00e0 il <strong>Mercatino di Antichit\u00e0 e Collezionismo<\/strong> organizzato da E20 Free. Decine di espositori presenteranno una selezionata raccolta di mobili, argenti, quadri, tappeti e oggetti dal sapore antico e ricchi di fascino. Ogni marted\u00ec e venerd\u00ec di luglio e agosto, in piazza Rocca e piazza Massena dalle 18 alla mezzanotte saranno allestite le bancarelle di \u201c<strong>Mestieri in piazza<\/strong>\u201d, il mercatino degli artigiani e degli artisti organizzato dall&#8217;associazione Artigianalmente. Artigiani professionisti ed artisti specializzati esporranno i frutti del loro ingegno e della loro abilit\u00e0.<\/p>\n\n\n\n<figure class=\"wp-block-image size-large\"><a href=\"https:\/\/www.visitloano.it\/wp-content\/uploads\/2019\/05\/NSM-01.jpg\" rel=\"prettyPhoto[gallery-qNg6]\"><img decoding=\"async\" src=\"https:\/\/www.visitloano.it\/wp-content\/uploads\/2019\/05\/NSM-01-1024x768.jpg\" alt=\"\" class=\"wp-image-13459\"\/><\/a><\/figure>\n\n\n\n<p>Per gli amanti della vita all&#8217;aria aperta, anche d&#8217;estate proseguiranno gli appuntamenti \u201c<strong>Loano non solo mare<\/strong>\u201d, il programma curato dalla sezione loanese del Cai. Le escursioni sono gratuite e praticabili da quanti abbiano un discreto allenamento alle camminate in montagna. L&#8217;obiettivo \u00e8 promuovere la pratica escursionistica come occasione di socializzazione, benessere personale, conoscenza e valorizzazione del territorio. Sempre per gli appassionati di camminate, domenica 10 luglio si terr\u00e0 un&#8217;escursione a San Damiano organizzata da Pro Loco Loano nell&#8217;ambito della \u201c<strong>Festa Nazionale delle Pro Loco<\/strong>\u201d.<\/p>\n\n\n\n<p>Per tutta l&#8217;estate, il <strong>circolo del tennis<\/strong> di Loano ospiter\u00e0 una serie di tornei rivolti ad atleti di tutte le et\u00e0. Tra i pi\u00f9 rilevanti c&#8217;\u00e8 sicuramente l&#8217;European Summer Cup under 14 femminile, evento giovanile a cui partecipano le migliori 8 nazionali europee di tennis. E una serie di tornei e trofei animer\u00e0, ad agosto e settembre, anche il <strong>bocciodromo <\/strong>di via Alba. Tra gli appuntamenti di maggiore interesse, il Trofeo Palma d&#8217;Oro del 6 e 7 agosto e la finale nazionale di Coppa Italia a squadre di sabato 10 e domenica 11 settembre. Sabato 20 agosto si terr\u00e0 la decima edizione della gara podistica \u201c<strong>Marina Classic<\/strong>\u201d promossa dall&#8217;Asd RunRivieraRun. Dal 29 agosto al 4 settembre, infine, al PalaGarassini si terr\u00e0 la quinta edizione di \u201c<strong>Loano in danza<\/strong>\u201d, la manifestazione dell&#8217;Asd Promozione Danza Liguria che nasce per offrire agli stagisti partecipanti e agli allievi del comprensorio la possibilit\u00e0 di seguire un percorso di studio della danza con docenti dai curricula comprovati. Tra i docenti dell&#8217;edizione di quest&#8217;anno anche Kledi Kadiu.<\/p>\n\n\n\n<p>Non mancheranno neppure appuntamenti appositamente studiati per gli amanti della musica. Come le serate di \u201c<strong>Guida all&#8217;ascolto<\/strong>\u201d organizzate dall&#8217;Associazione Musicale Loanese-Coro Polifonico Citt\u00e0 di Loano, che accompagneranno i partecipanti alla scoperta delle pi\u00f9 note e conosciute arie della musica classica e non solo; o i <strong>concerti <\/strong>che si terranno nell&#8217;oratorio di Nostra Signora del Rosario e organizzati dalla confraternita delle Cappe Turchine; o gli altri appuntamenti in programma in piazza Italia, cuore del centro storico loanese, promossi dall&#8217;Associazione Musicale Santa Maria Immacolata.<\/p>\n\n\n\n<p>Per i pi\u00f9 golosi, non mancheranno gli <strong>appuntamenti enogastronomici<\/strong>. Come la sagra \u201cAntichi Sapori sulla Via del Sale\u201d il 25 e 26 giugno, la \u201cSagra di San Francesco\u201d l&#8217;8 e 9 luglio, la tradizionale \u201cMuscolata d&#8217;estate\u201d dal 15 al 17 luglio, la \u201cSagra del Crostolo\u201d dal 22 al 24 luglio, la \u201cSagra della Trenetta\u201d dal 3 al 5 agosto, la \u201cSagra di San Pio X\u201d e relativa gara podistica dal 16 al 19 agosto, la sagra \u201cQuellu cu passa u cunventu\u201d il 26 e 27 agosto, la \u201cSagra dell&#8217;Otto\u201d dall&#8217;8 al 10 settembre e la \u201cSagra di Santa Libera\u201d dal 15 al 17 settembre.<\/p>\n","protected":false},"excerpt":{"rendered":"<p>It will be truly unparalleled \u201cSummer at Loano,\u201d the extensive calendar of events that will enliven Loano's summer 2022<\/p>","protected":false},"author":3,"featured_media":17237,"comment_status":"closed","ping_status":"closed","sticky":false,"template":"","format":"standard","meta":{"footnotes":""},"categories":[1],"tags":[],"class_list":{"0":"post-17231","1":"post","2":"type-post","3":"status-publish","4":"format-standard","5":"has-post-thumbnail","7":"category-news"},"_links":{"self":[{"href":"https:\/\/www.visitloano.it\/en\/wp-json\/wp\/v2\/posts\/17231","targetHints":{"allow":["GET"]}}],"collection":[{"href":"https:\/\/www.visitloano.it\/en\/wp-json\/wp\/v2\/posts"}],"about":[{"href":"https:\/\/www.visitloano.it\/en\/wp-json\/wp\/v2\/types\/post"}],"author":[{"embeddable":true,"href":"https:\/\/www.visitloano.it\/en\/wp-json\/wp\/v2\/users\/3"}],"replies":[{"embeddable":true,"href":"https:\/\/www.visitloano.it\/en\/wp-json\/wp\/v2\/comments?post=17231"}],"version-history":[{"count":0,"href":"https:\/\/www.visitloano.it\/en\/wp-json\/wp\/v2\/posts\/17231\/revisions"}],"wp:featuredmedia":[{"embeddable":true,"href":"https:\/\/www.visitloano.it\/en\/wp-json\/"}],"wp:attachment":[{"href":"https:\/\/www.visitloano.it\/en\/wp-json\/wp\/v2\/media?parent=17231"}],"wp:term":[{"taxonomy":"category","embeddable":true,"href":"https:\/\/www.visitloano.it\/en\/wp-json\/wp\/v2\/categories?post=17231"},{"taxonomy":"post_tag","embeddable":true,"href":"https:\/\/www.visitloano.it\/en\/wp-json\/wp\/v2\/tags?post=17231"}],"curies":[{"name":"wp","href":"https:\/\/api.w.org\/{rel}","templated":true}]}}