{"id":17011,"date":"2022-05-13T14:48:08","date_gmt":"2022-05-13T12:48:08","guid":{"rendered":"https:\/\/www.visitloano.it\/?p=17011"},"modified":"2022-05-13T14:48:08","modified_gmt":"2022-05-13T12:48:08","slug":"loano-greets-the-arrival-of-summer-with-the-night-in-white-and-the-great-concert-of-donatella-rettore","status":"publish","type":"post","link":"https:\/\/www.visitloano.it\/en\/17011\/news\/loano-saluta-larrivo-dellestate-con-la-notte-in-bianco-e-il-grande-concerto-di-donatella-rettore\/","title":{"rendered":"Loano greets the arrival of summer with \u201cWhite Night\u201d and Donatella Rettore's big concert"},"content":{"rendered":"\n<p>Dopo due anni di interruzione a causa della pandemia, sabato 25 giugno torna la \u201c<strong>Notte in Bianco<\/strong>\u201d, la lunga maratona di divertimento promossa dall&#8217;assessorato a turismo, cultura e sport del Comune di Loano in collaborazione con Comitato Loanese e Fipe-Confcommercio.<\/p>\n\n\n\n<p>Come sempre, l&#8217;elemento portante della manifestazione saranno gli esercizi commerciali ed i locali, che resteranno aperti fino a tarda sera ed offriranno <strong>originali punti di degustazione<\/strong> e, dalle 17, tante occasioni di shopping grazie al \u201c<strong>desbarassu<\/strong>\u201d.<\/p>\n\n\n\n<p>Sempre a partire dalle 17 sulla passeggiata a mare troveranno spazio gli stand degli artigiani e degli artisti dell&#8217;associazione <strong>Artigianalmente<\/strong>, che fino a sera esporranno i frutti del loro ingegno e della loro abilit\u00e0. Sulle bancarelle si potranno trovare opere di scultura, pittura, disegno, incisione ed arti figurative oltre a ceramiche dipinte, oggetti intagliati nel legno, vetro dipinto, borse e cinture realizzate con il cuoio e bigiotteria d&#8217;arte.<\/p>\n\n\n\n<p>Grande protagonista sar\u00e0 la <strong>musica<\/strong>, con <strong>pi\u00f9 di una dozzina concerti ed esibizioni di gruppi rock, cover band, gruppi jazz in diversi punti della citt\u00e0.<\/strong> A partire dalle 21 esibiranno: Emozioni in canzoni, Tribal Delight, Vespu Surdu, 4 WD, Premiato Cotonificio, Piano B, Studio 54, Simona Briozzo &amp; Marco Cravero Acoustic Duet, Micky and the Red Rockets, She Rocks (nei pressi del Class Caf\u00e8), Floyd Accademy (nei pressi del Vittorino), 4 Real (nei pressi dell&#8217;Olivier&#8217;s Pub), Slot Machine (nei pressi del Bar Rino).<\/p>\n\n\n\n<p>\u201cDopo due anni di interruzione a causa dell&#8217;emergenza sanitaria \u2013 spiega il sindaco di Loano <strong>Luca Lettieri <\/strong>\u2013 torna a Loano la &#8216;Notte in Bianco&#8217;, la festa totale con cui la nostra citt\u00e0 saluta l&#8217;arrivo della stagione estiva, una stagione che quest&#8217;anno pi\u00f9 che mai speriamo possa essere quella della definitiva ripartenza per tutti. La &#8216;Notte in Bianco&#8217; \u00e8 uno degli appuntamenti pi\u00f9 attesi del nostro calendario e attira sempre ospiti dall&#8217;intera Liguria e non solo. Piaccia o non piaccia, grazie a questa manifestazione ogni anno la citt\u00e0 accoglie decine di migliaia di ospiti, con ovvie positive ripercussioni su tutto il tessuto commerciale ed economico. Questo successo non sarebbe possibile senza l&#8217;importante sforzo messo in campo dal Comune in sinergia con il Comitato Loanese e Fipe-Confcommercio e, soprattutto, la collaborazione dei commercianti, delle associazioni, delle forze dell&#8217;ordine e dei tantissimi volontari che per tutta la giornata garantiranno la sicurezza del pubblico\u201d.<\/p>\n\n\n\n<p>L&#8217;assessore a turismo e cultura <strong>Enrica Rocca<\/strong> aggiunge: \u201cGastronomia, shopping, musica sono da sempre gli ingredienti della &#8216;Notte in Bianco&#8217; di Loano. Una manifestazione di grande successo che rappresenta da anni uno dei punti fermi dell&#8217;offerta turistica della nostra citt\u00e0 e dell&#8217;intera provincia di Savona. I concerti, le degustazioni enogastronomiche ed il &#8216;desbarassu&#8217; per le vie del centro storico rendono questa serata (anzi, nottata) una festa in grado di accontentare ogni fascia di et\u00e0 ed ogni tipo di pubblico, ragazzi e famiglie, bambini e adulti. Non c&#8217;\u00e8 modo migliore per dare il via alla stagione estiva\u201d.<\/p>\n\n\n\n<p><strong>Daniela Leali<\/strong>, presidente del Comitato Loanese e di Fipe-Confcommercio, osserva: \u201cDopo due anni di interruzione, le attivit\u00e0 e gli esercizi commerciali della citt\u00e0 hanno aderito con piacere al consueto invito arrivato dal Comune e dalla nostra associazione e si sono resi disponibili a partecipare alla &#8216;Notte in Bianco&#8217; organizzando il &#8216;desbarassu&#8217;, stand di degustazione o contribuendo all&#8217;organizzazione dei concerti musicali. Il tutto per offrire a loanesi ed ospiti una serata ricca di divertimento. Questo spirito di cooperazione \u00e8 certamente il segreto del successo di questa manifestazione e una delle chiavi per ripartire nel migliore dei modi dopo un periodo a dir poco complicato\u201d.<\/p>\n\n\n\n<p>Alle 21.30 prender\u00e0 il via il <strong>grande concerto gratuito<\/strong> che costituisce il momento clou della Notte Bianca: quest&#8217;anno sul palcoscenico allestito in piazza Italia salir\u00e0 <strong>Donatella Rettore<\/strong> con il suo \u201cTour Estivo 2022\u201d.<\/p>\n\n\n\n<figure class=\"wp-block-image size-large\"><a href=\"https:\/\/www.visitloano.it\/wp-content\/uploads\/2022\/05\/Donatella-Rettore-02.jpg\" rel=\"prettyPhoto[gallery-mNLl]\"><img decoding=\"async\" src=\"https:\/\/www.visitloano.it\/wp-content\/uploads\/2022\/05\/Donatella-Rettore-02-1024x1004.jpg\" alt=\"\" class=\"wp-image-17013\"\/><\/a><\/figure>\n\n\n\n<p>In deroga al Regolamento di Polizia Urbana, dalle 19 di sabato 25 giugno alle 3 di domenica 26 giugno sar\u00e0 possibile consumare bevande alcoliche anche al di fuori dei luoghi di somministrazione di alimenti e bevande. Resta invece in vigore il divieto di vendita di bevande ed alimenti in contenitori di vetro, lattine o altro materiale che non sia plastica, cartone o tetrapak; come disposto dalla normativa vigente, \u00e8 anche vietata, da parte degli esercizi di vicinato al dettaglio (negozi, medie strutture di vendita ed attivit\u00e0 artigianali alimentari), la vendita di bevande alcooliche in contenitori di qualunque tipo dalle 24 del 25 giugno alle 6 del 26 giugno; \u00e8 vietato il consumo in luogo pubblico e sulla pubblica via di qualsiasi bevanda ed alimento contenuti in bottiglie di vetro, lattina o altro materiale che non siano plastica, cartone o tetrapak.<\/p>\n\n\n\n<p><strong>IL CONCERTO<\/strong><\/p>\n\n\n\n<p>Reduce dal grande successo dell&#8217;ultima edizione del Festival di Sanremo in coppia con Ditonellapiaga con la canzone \u201cChimica\u201d, che di recente ha conquistato anche il Disco di Platino nella Classifica FIMI, e dal tour teatrale, Rettore riproporr\u00e0 i suoi grandi successi. Sar\u00e0 anche l&#8217;occasione per festeggiare i 40 anni di \u201cLamette\u201d e \u201cKamikaze rock&#8217;n&#8217;roll suicide\u201d.<\/p>\n\n\n\n<p>Un messaggio di speranza e di ripartenza dopo un periodo buio per tutta la musica live, rivolto con particolare attenzione alle giovani generazioni, proprio come afferma Rettore: \u201cVoglio regalare attimi di leggerezza aiutando i pi\u00f9 giovani a vivere questa fase importante della loro vita, sfogandosi con la musica e lo stare insieme e non con la violenza\u201d. Aggiunge: \u201cDopo un periodo cos\u00ec difficile, in cui tutti abbiamo sofferto, dobbiamo ripartire. Chi fa musica si merita di sentire la gente sotto il palco che stona, sbaglia le parole, ma c&#8217;\u00e8\u2026 ed \u00e8 viva, non dietro a uno schermo\u201d. Ai tanti che definiscono Rettore un&#8217;icona, con l&#8217;umorismo che la contraddistingue risponde: \u201cLe icone stanno sul computer; piuttosto mi chiamassero leggenda\u201d. Ama definirsi \u201cPoetessa psichedelica\u201d.<\/p>\n\n\n\n<p>Lo spettacolo si propone di diventare una vera e propria festa della musica: non mancher\u00e0 occasione per il pubblico di interagire con Rettore, cantando, ballando e accompagnandola con il ritmo delle mani (e non solo). Dichiara: \u201cL&#8217;amore e la musica mettono d&#8217;accordo tutti. Dovremmo fermarci per cercare la musica vera, quella che ci allontana dalle brutte notizie che ci propinano quotidianamente dalla televisione\u201d.<\/p>\n\n\n\n<p>Rettore \u00e8 accompagnata dalla sua fedelissima band: Beatrice Rigillo a sax e voci, Emanuele Carulli al basso, Ettore Mirabilia alle tastiere, Massimo Fumanti alla chitarra, Valerio Pompei alle percussioni e Claudio Rego alla batteria. L&#8217;immagine \u00e8 curata dallo stylist Silvio Luciani. Il tour \u00e8 prodotto da Joe&amp;Joe.<\/p>\n\n\n\n<p><strong>\u201cFACCIO DA ME\u201d, IL NUOVO SINGOLO DI RETTORE E TANCREDI<\/strong><\/p>\n\n\n\n<p>Lo scorso 10 giugno \u00e8 uscito \u201cFaccio da me\u201d, il nuovo singolo di Rettore, icona indiscussa che ha firmato (e segnato) un pezzo di storia della musica italiana, e Tancredi, cantautore, 20 anni, capace di trasmettere nelle sue canzoni verit\u00e0 ed emozioni forti ma con attenzione ad un sound anni 80\/90, ex concorrente di Amici 20. Due generazioni a confronto unite dal tema e dal sound del brano. Il brano, con il carattere della disco music, reinterpretato ai giorni nostri, \u00e8 prodotto da Luca Chiaravalli e Giordano Colombo ed \u00e8 un inno all\u2019emancipazione, alla libert\u00e0 di vivere la sessualit\u00e0 come meglio si crede senza tab\u00f9, espresso con divertimento e senza malizia<\/p>\n\n\n\n<p>Curiosa, irrequieta, ironica, spregiudicata, ribelle, provocante, provocatoria, in grado di unire pop, rock, sonorit\u00e0 disco e persino ska, Donatella Rettore o pi\u00f9 semplicemente Rettore, \u00e8 una cantante, cantautrice e attrice italiana. Uno spirito libero che ha pubblicato negli oltre 40 anni di carriera 19 album e venduto oltre 27 milioni di dischi nel mondo. Quest\u2019anno ha partecipato in gara al Festival di Sanremo, insieme alla cantautrice Ditonellapiaga con \u201cChimica\u201d ( Disco di Platino). Artista all\u2019avanguardia dall\u2019attitudine punk, prima vera rocker italiana, le sue performance sul palcoscenico sono dei veri e propri spettacoli totali, i suoi look hanno anticipato le mode e sono stati fonte di ispirazione per intere generazioni. Icona assoluta della pop culture, \u00e8 sempre stata capace di reinventarsi e trasformarsi, diventando a tutti gli effetti un modello per le donne alla ricerca di indipendenza grazie anche ai testi delle sue canzoni, un condensato di doppi sensi, allusioni, provocazioni, giochi di parole e sperimentazioni. Rispetto ai temi trattati \u00e8 sempre avanti rispetto ai tempi.<\/p>\n\n\n\n<p>Tancredi, 21 anni, vive a Milano e ha frequentato il liceo classico, ma sin dai tempi della scuola la sua pi\u00f9 grande passione \u00e8 stata la musica, \u00e8 infatti in questo periodo che inizia a scrivere i suoi primi brani. All\u2019inizio si divertiva nel comporre in rima, con il tempo ha preso sempre pi\u00f9 dimestichezza con la scrittura sino ad arrivare alla sua piena identit\u00e0. Ha partecipato alla scorsa edizione di Amici20 e ha pubblicato l\u2019EP \u201cIRIDE\u201d a maggio 2021 (oltre 46 milioni di streaming) che contiene il singolo \u201cLas Vegas\u201d, certificato Doppio Platino con oltre 40 milioni di streaming. Il suo ultimo album \u00e8 \u201cGolde Hour\u201d e il suo singolo \u201cIsole\u201d \u00e8 la colonna sonora della nuova serie tv Netflix \u201cDi4ri\u201d.<\/p>\n","protected":false},"excerpt":{"rendered":"<p>Saturday, June 25, the long fun marathon promoted by the Tourism, Culture and Sports Department of the City of Loano in collaboration with Comitato Loanese and Fipe-Confcommercio returns<\/p>","protected":false},"author":3,"featured_media":17012,"comment_status":"closed","ping_status":"closed","sticky":false,"template":"","format":"standard","meta":{"footnotes":""},"categories":[1],"tags":[67],"class_list":{"0":"post-17011","1":"post","2":"type-post","3":"status-publish","4":"format-standard","5":"has-post-thumbnail","7":"category-news","8":"tag-notte-in-bianco"},"_links":{"self":[{"href":"https:\/\/www.visitloano.it\/en\/wp-json\/wp\/v2\/posts\/17011","targetHints":{"allow":["GET"]}}],"collection":[{"href":"https:\/\/www.visitloano.it\/en\/wp-json\/wp\/v2\/posts"}],"about":[{"href":"https:\/\/www.visitloano.it\/en\/wp-json\/wp\/v2\/types\/post"}],"author":[{"embeddable":true,"href":"https:\/\/www.visitloano.it\/en\/wp-json\/wp\/v2\/users\/3"}],"replies":[{"embeddable":true,"href":"https:\/\/www.visitloano.it\/en\/wp-json\/wp\/v2\/comments?post=17011"}],"version-history":[{"count":0,"href":"https:\/\/www.visitloano.it\/en\/wp-json\/wp\/v2\/posts\/17011\/revisions"}],"wp:featuredmedia":[{"embeddable":true,"href":"https:\/\/www.visitloano.it\/en\/wp-json\/"}],"wp:attachment":[{"href":"https:\/\/www.visitloano.it\/en\/wp-json\/wp\/v2\/media?parent=17011"}],"wp:term":[{"taxonomy":"category","embeddable":true,"href":"https:\/\/www.visitloano.it\/en\/wp-json\/wp\/v2\/categories?post=17011"},{"taxonomy":"post_tag","embeddable":true,"href":"https:\/\/www.visitloano.it\/en\/wp-json\/wp\/v2\/tags?post=17011"}],"curies":[{"name":"wp","href":"https:\/\/api.w.org\/{rel}","templated":true}]}}