{"id":16444,"date":"2021-11-24T12:00:00","date_gmt":"2021-11-24T11:00:00","guid":{"rendered":"https:\/\/www.visitloano.it\/?p=16444"},"modified":"2021-11-24T12:00:00","modified_gmt":"2021-11-24T11:00:00","slug":"the-market-the-ice-rink-the-cimento-the-nativity-scenes-in-loano-all-ready-for-the-enchantments-of-christmas","status":"publish","type":"post","link":"https:\/\/www.visitloano.it\/en\/16444\/news\/il-mercatino-la-pista-di-pattinaggio-il-cimento-i-presepi-a-loano-tutto-pronto-per-gli-incanti-di-natale\/","title":{"rendered":"The market, skating rink, cimento, nativity scenes: at Loano everything is ready for the \u201cChristmas Enchantments\u201d"},"content":{"rendered":"\n<p>Loano si prepara a vivere un natale magico e ricco di atmosfera e divertimento con gli \u201c<strong>Incanti di Natale<\/strong>\u201d, il ricchissimo calendario di eventi organizzati dall&#8217;assessorato a turismo, cultura e sport del Comune per allietare le festivit\u00e0 di loanesi ed ospiti.<\/p>\n\n\n\n<p>\u201cDopo un anno di &#8216;pausa&#8217; a causa dell&#8217;emergenza sanitaria \u2013 afferma <strong>il sindaco Luca Lettieri<\/strong> \u2013 Loano \u00e8 pronta a rituffarsi nell&#8217;atmosfera natalizia con un calendario di eventi ricco e per tutti i gusti. Oltre ad appuntamenti che fanno ormai parte della tradizione della nostra citt\u00e0 come il mercatino &#8216;Villaggio Magie di Natale&#8217; ed il cimento invernale, quest&#8217;anno abbiamo deciso di proporre anche una interessante novit\u00e0: una grande pista di pattinaggio che verr\u00e0 allestita direttamente in piazza Italia. I nostri concittadini ed ospiti, dunque, potranno provare l&#8217;emozione di scivolare sul ghiaccio sullo sfondo dell&#8217;albero di Natale di luci a led alto 18 metri e a pochi passi da un mercatino che non ha nulla da invidiare a quelli nord-europei. A nome dell&#8217;amministrazione comunale desidero ringraziare gli uffici, le associazioni e tutte le altre realt\u00e0 che hanno contribuito ad organizzare questo ricco calendario di eventi\u201d.<\/p>\n\n\n\n<p>L&#8217;<strong>assessore a turismo, cultura e sport Enrica Rocca<\/strong> aggiunge: \u201cIl calendario degli &#8216;Incanti di Natale&#8217; \u00e8 frutto del lavoro svolto in sinergia con le associazioni e le realt\u00e0 del nostro territorio. Dopo un Natale in tono minore, abbiamo lavorato tutti insieme per offrire a loanesi e turisti un ricco calendario di eventi, in grado (come sempre) di accontentare i gusti di famiglie e ragazzi. Purtroppo per ragioni facilmente intuibili abbiamo ritenuto di non organizzare il consueto Capodanno in piazza; tuttavia, siamo certi di aver elaborato una delle migliori rassegne del nostro territorio. Come sempre, ci saranno tanti buoni motivi per trascorrere le festivit\u00e0 natalizie qui a Loano\u201d.<\/p>\n\n\n\n<p>Il programma completo \u00e8 disponibile <a href=\"https:\/\/issuu.com\/castigamatti\/docs\/comune_loano_natale_dep_1121_5_ante_ult_mont_copia\" target=\"_blank\" rel=\"noopener\">qui<\/a>.<\/p>\n\n\n\n<p>Sabato 4 dicembre alle 17.30 Loano dar\u00e0 ufficialmente il via alle festivit\u00e0 natalizie con l&#8217;accensione delle \u201c<strong>Mille luci delle Feste<\/strong>\u201d, le luminarie artistiche che per tutto il mese di dicembre 2021 ed i primi giorni di gennaio 2022 illumineranno e \u201criscalderanno\u201d le vie e le piazze cittadine. L&#8217;accensione delle luminarie sar\u00e0 una vera e propria festa grazie alla performance di teatro, danza e visual degli artisti di Alfaspettacoli: a partire dalle 16.30 due cavalieri coi loro giganteschi unicorni luminosi animeranno il centro storico ed accompagneranno il pubblico verso la cerimonia di accensione dell&#8217;albero di Natale in programma alle 17.15 in piazza Italia.<\/p>\n\n\n\n<figure class=\"wp-block-image size-large\"><a href=\"https:\/\/www.visitloano.it\/wp-content\/uploads\/2019\/11\/20191130_180827.jpg\" rel=\"prettyPhoto[gallery-Rvjn]\"><img decoding=\"async\" src=\"https:\/\/www.visitloano.it\/wp-content\/uploads\/2019\/11\/20191130_180827-1024x576.jpg\" alt=\"\" class=\"wp-image-14280\"\/><\/a><\/figure>\n\n\n\n<p>Il 4 dicembre inaugurer\u00e0 anche il \u201c<strong>Villaggio Magie di Natale<\/strong>\u201d, il tradizionale mercatino natalizio di sapore nord-europeo allestito all&#8217;interno dei Giardini San Josemaria Escriv\u00e0. Illuminate dalle magiche decorazioni realizzate a mano dai volontari del Centro Culturale Polivalente, le casette di legno proporranno tante idee-regalo quali articoli natalizi fatti a mano, presepi, candele, giocattoli da collezione, foto ricordo e calendari personalizzati con Babbo Natale, bijoux, oggettistica, giochi e prodotti locali. Senza dimenticare le golosit\u00e0 dello street-food con le quali accompagnare lo shopping tra le casette e che quest&#8217;anno potranno contare su tante nuovissime golosit\u00e0. Babbo Natale attender\u00e0 i bambini nella sua accogliente casetta per fare una foto con loro e per raccogliere le letterine. Al centro della vasca della fontana una scintillante slitta di Babbo Natale sar\u00e0 a disposizione di chiunque desideri farsi un \u201cselfie\u201d grazie alla postazione gratuita appositamente allestita. Il mercatino sar\u00e0 aperto dal 4 al 12 dicembre, sabato 18 e domenica 19 dicembre e poi tutti i giorni dal 23 dicembre al 6 gennaio 2022 (nei giorni feriali e sabato dalle 15 alle 19, la domenica dalle 10 alle 19). Domenica 5 dicembre, invece, in centro storico sfiler\u00e0 la slitta di Babbo Natale. Santa Klaus far\u00e0 tappa alle 15 in piazza Massena, dove saluter\u00e0 i bambini presenti. Scortato dai bimbi e dalle sue fedeli renne (che saranno \u201cinterpretate\u201d dai volontari dell&#8217;associazione Vecchia Loano) si sposter\u00e0 poi al Mercatino Villaggio Magie di Natale.<\/p>\n\n\n\n<figure class=\"wp-block-image size-large\"><a href=\"https:\/\/www.visitloano.it\/wp-content\/uploads\/2021\/11\/Loano-Pista-Pattinaggio.jpg\" rel=\"prettyPhoto[gallery-Rvjn]\"><img decoding=\"async\" src=\"https:\/\/www.visitloano.it\/wp-content\/uploads\/2021\/11\/Loano-Pista-Pattinaggio-1024x768.jpg\" alt=\"\" class=\"wp-image-16480\"\/><\/a><\/figure>\n\n\n\n<p>Dal 4 dicembre 2021 al 9 gennaio 2022 in piazza Italia sar\u00e0 allestita una grande <strong>pista di pattinaggio<\/strong> che consentir\u00e0 a grandi e piccini, esperti e meno esperti, di provare l&#8217;ebbrezza di scivolare sul ghiaccio. La splendida atmosfera, la vicinanza all&#8217;albero di Natale, al mercatino regaleranno a tutti l&#8217;emozione di vivere in una favola. La pista sar\u00e0 aperta tutti i giorni dalle 10 alle 23. Il biglietto di ingresso ha un costo di 7 euro, ai quali vanno aggiunti 3 euro per l&#8217;eventuale noleggio dei pattini. Tutte le informazioni su treninimiletto.it.<\/p>\n\n\n\n<p>Il 1^ gennaio 2022 si terr\u00e0 il tradizionale <strong>spettacolo pirotecnico di Capodanno<\/strong>. A partire dalle 18 circa dal molo Doria vicino a Palazzo Kursaal creazioni originali con forme a fontana, a sfera e a effetto pioggia si incroceranno nel cielo formando un magico gioco di luci colorate, una scoppiettante scenografia creer\u00e0 una avvolgente atmosfera. Luce, forma, colore e ritmo comporranno uno spettacolo originale e unico.<\/p>\n\n\n\n<figure class=\"wp-block-image size-large\"><a href=\"https:\/\/www.visitloano.it\/wp-content\/uploads\/2021\/11\/Cimento-06-scaled.jpg\" rel=\"prettyPhoto[gallery-Rvjn]\"><img decoding=\"async\" src=\"https:\/\/www.visitloano.it\/wp-content\/uploads\/2021\/11\/Cimento-06-1024x362.jpg\" alt=\"\" class=\"wp-image-16445\"\/><\/a><\/figure>\n\n\n\n<p>E&#8217; spostato al 4 gennaio 2022 il \u201c<strong>Cimento invernale di nuoto<\/strong>\u201d. Il tradizionale tuffo si terr\u00e0 alle 10 presso i Bagni Medusa e, come sempre, vedr\u00e0 la partecipazione di \u201cprofessionisti del cimento\u201d provenienti da tutta la Liguria e da tutto il Nord Italia: gli impavidi tuffatori si metteranno alla prova affrontando il mare d&#8217;inverno per un bagno della durata di pochi secondi o, per i pi\u00f9 allenati, di una decina di minuti.<\/p>\n\n\n\n<p>La <strong>musica <\/strong>allieter\u00e0 il periodo natalizio in molti modi. Mercoled\u00ec 8 dicembre alle 18 presso la parrocchia di Santa Maria Immacolata \u00e8 in programma il concerto a cura della banda dell&#8217;Associazione Musicale Santa Maria Immacolata. Il 24 dicembre 2021 e poi ancora il 6 gennaio sempre a partire dalle 16.30 le vie e le piazze cittadine saranno allietate dalle note della marching-band dell&#8217;Associazione. Tra dicembre e gennaio tornano anche i tradizionali appuntamenti musicali presso l&#8217;oratorio delle Cappe Bianche (il 19 dicembre alle 21) e presso l&#8217;oratorio delle Cappe Turchine (il 5 gennaio 2022 alle 18). Mercoled\u00ec 29 dicembre alle 21 presso il convento di Monte Carmelo concerto a cura del Coro Polifonico-Associazione Musicale Loanese. Il 4 gennaio 2022 alle 21 nella sala consiliare di Palazzo Doria concerto gospel con Sherita Duran a cura di Eccoci Eventi. Dopo la pausa forzata del 2020, il 5 gennaio 2022 torna \u201cRacconti d&#8217;inverno\u201d, appuntamento musicale delle festivit\u00e0 natalizie organizzato dall\u2019Associazione Compagnia dei Curiosi con il contributo del Comune di Loano nell&#8217;ambito del \u201cPremio Nazionale Citt\u00e0 di Loano per la musica tradizionale italiana\u201d. In continuit\u00e0 con il passato, \u201c<strong>Racconti d&#8217;inverno<\/strong>\u201d ospita anche quest&#8217;anno la selezione territoriale del <strong>Premio Alberto Cesa<\/strong>, organizzato dallo storico festival friulano Folkest. Mercoled\u00ec 5 gennaio alle 21 nella sala consiliare di Palazzo Doria tre formazioni affronteranno la competizione musicale. Sul palco suoneranno i passAmontagne duo (folk), gli Shook Roots (Electroacoustic tribal dance) e i Glad Tree (World Progressive). Attraverso le selezioni territoriali saranno scelti gli artisti che riceveranno in premio il diritto di esibirsi durante le serate finali di Folkest 2022, L&#8217;ingresso \u00e8 libero fino ad esaurimento posti. Ingresso libero con obbligo di Green Pass e mascherina.<\/p>\n\n\n\n<p>Il 12 dicembre doppio appuntamento con i <strong>mercatini<\/strong>. Come ogni seconda domenica del mese, dalle 9 alle 19 sotto ai portici di corso Europa e nei vicini giardini \u201cBestoso\u201d torna il <strong>Mercatino di Antichit\u00e0 e Collezionismo<\/strong>, la manifestazione dedicata all&#8217;antiquariato e agli oggetti da collezione organizzata dall&#8217;Associazione Culturale e Ricreativa E20 Free con il patrocinio degli assessorati al commercio e al turismo del Comune di Loano. Decine di espositori presenteranno una selezionata raccolta di mobili, argenti, quadri, tappeti e oggetti dal sapore antico e ricchi di fascino. Nel mercatino troveranno posto curiosit\u00e0 e \u201ccose della nonna\u201d, ma anche oggetti da collezione e di modernariato. Il mercatino torner\u00e0 anche domenica 9 gennaio. Sempre il 12 dicembre dalle 10.30 alle 19 in piazza Italia torna \u201c<strong>Mestieri in piazza<\/strong>\u201d, il mercatino degli artigiani e degli artisti organizzato dall&#8217;associazione Artigianalmente con il patrocinio dell&#8217;assessorato al commercio del Comune di Loano. Artigiani professionisti ed artisti specializzati esporranno i frutti del loro ingegno e della loro abilit\u00e0. Sulle bancarelle si potranno trovare opere di scultura, pittura, disegno, incisione ed arti figurative oltre a ceramiche dipinte, oggetti intagliati nel legno, vetro dipinto, borse e cinture realizzate con il cuoio e bigiotteria d\u2019arte. Il mercatino artigiano torner\u00e0 il 6 gennaio 2022. Gli appuntamenti con lo shopping non finiscono qui. Domenica 28 novembre dalle 8 alle 19 in corso Roma e piazza Mazzini torna la tradizionale <strong>Fiera di Sant&#8217;Andrea<\/strong>. Invece, domenica 16 gennaio sempre dalle 8 alle 19 in corso Roma e piazza Mazzini torna la <strong>Fiera di San Sebastiano<\/strong>. Durante tutte e due le giornate decine di banchi proporranno i migliori capi di abbigliamento per uomo e donna, intimo, calzature, pelletteria, biancheria per la casa, oggettistica, giocattoli, prodotti enogastronomici e molto altro.<\/p>\n\n\n\n<figure class=\"wp-block-image size-large\"><a href=\"https:\/\/www.visitloano.it\/wp-content\/uploads\/2021\/11\/Avvento-dei-Caruggetti-01.jpeg\" rel=\"prettyPhoto[gallery-Rvjn]\"><img decoding=\"async\" src=\"https:\/\/www.visitloano.it\/wp-content\/uploads\/2021\/11\/Avvento-dei-Caruggetti-01-1024x768.jpeg\" alt=\"\" class=\"wp-image-16441\"\/><\/a><\/figure>\n\n\n\n<p>Dall&#8217;1 al 24 dicembre le attivit\u00e0 dei \u201ccaruggetti orbi\u201d daranno vita a \u201c<strong>L&#8217;Avvento nei caruggetti orbi<\/strong>\u201d. Ogni giorno fino alla vigilia di Natale i commercianti dei \u201cvicoli\u201d loanesi lanceranno (tramite social network) una piccola sfida pubblica e doneranno un regalo a chi, per primo, la raccoglier\u00e0 e vincer\u00e0. Tutte le informazioni sono disponibili sulla pagina Facebook \u201cL&#8217;Avvento dei caruggetti orbi\u201d.<\/p>\n\n\n\n<figure class=\"wp-block-image size-full\"><a href=\"https:\/\/www.visitloano.it\/wp-content\/uploads\/2021\/11\/Monica-Maggi.jpg\" rel=\"prettyPhoto[gallery-Rvjn]\"><img decoding=\"async\" src=\"https:\/\/www.visitloano.it\/wp-content\/uploads\/2021\/11\/Monica-Maggi.jpg\" alt=\"\" class=\"wp-image-16420\"\/><\/a><\/figure>\n\n\n\n<p>Dicembre e le festivit\u00e0 natalizie sono da sempre il tempo dei \u201c<strong>Libri sotto l&#8217;albero<\/strong>\u201d, la rassegna cultural-letteraria di letture e laboratori per i bimbi e le loro famiglie promossa dall&#8217;associazione #cosavuoichetilegga in collaborazione con Casa Culturale e il Mondadori Bookstore di Loano con il patrocinio dell&#8217;assessorato a turismo, cultura e sport del Comune di Loano. Si comincia il 5 dicembre presso la biblioteca civica \u201cAntonio Arecco\u201d di Palazzo Kursaal con il primo appuntamento di \u201c<strong>Bibliobimbi<\/strong>\u201d, letture e laboratori per bambini, bambine e loro famiglie. Alle 16.30 si terr\u00e0 la presentazione di \u201cEnzo il vagabondo\u201d e \u201cDue cuori e una botte\u201d. I partecipanti incontreranno Elisabetta Saturno, bibliotecaria e scrittrice di libri gioco per bambini, e l\u2019illustratrice Lucrezia Giarratana. Seguiranno letture e laboratorio di costruzione libro pop up. Per bimbi dai 5 anni in su. Domenica 12 dicembre alle 16.30 sempre in biblioteca nonna Piera Alba Merlo, bardo celtico e narratrice, intratterr\u00e0 i bambini con le fiabe e le leggende che colorano il Natale e la sua attesa. Un pomeriggio allegro in compagnia di tradizioni che non tramontano mai narrate dalla voce sapiente di nonna Piera e tante sorprese. Per bimbi dai 5 anni in su. Domenica 19 dicembre, sempre alle 16.30 e sempre in biblioteca, si terr\u00e0 un pomeriggio di letture con il Teatrino Kamishibai, a cui seguir\u00e0 laboratorio. Durante il pomeriggio verr\u00e0 letta la storia \u201cLa mia mano\u201d di Fuad Aziz (edizioni Artebambini). Con la mia mano posso accarezzare, riservare a qualcuno un gesto gentile, giocare, colorare, creare opere inimmaginabili\u2026 Le mani sono strumento di pace. Che cosa pu\u00f2 fare di speciale la tua mano oggi? Dopo la lettura i bimbi con le loro mani costruiranno un \u201cdono\u201d di natale per un amico o amica. Letture ad alta voce di Monica Maggi, di Casa Cultural e socia di AKI Associazione Kamishibai Italia. Per bimbi dai 5 anni in su.<\/p>\n\n\n\n<p>Il 29 dicembre 2021 e il 2 gennaio 2022 alle 21 in biblioteca <strong>doppio incontro speciale con gli autori<\/strong>. Due appuntamenti speciali, per poter dialogare con chi della scrittura ha fatto il proprio mestiere e scoprire i segreti nascosti nei libri. Si comincia 29 dicembre alle 21 con la presentazione di \u201cTutto il cielo che serve\u201d di <strong>Franco Faggiani<\/strong> (Fazi Editore). La presentazione si tiene in collaborazione con Cai Loano. Letture ad alta voce di Susy Minutoli di #cosavuoichetilegga. Il 2 gennaio 2022 alle 21 sar\u00e0 la volta di \u201cNel tempo sbagliato. Bacci Pagano e l&#8217;irresistibile arte della fuga\u201d di <strong>Bruno Morchio<\/strong> (Garzanti). Il Conduce Graziella Frasca Gallo. Sempre nell&#8217;ambito di \u201cLibri sotto l&#8217;albero\u201d, sabato 8 gennaio 2022 alle 21.30 in sala consiliare di Palazzo Doria torna \u201c<strong>Parole Note Live<\/strong>\u201d, dialogo fra poesia, musica, immagini. Alle 21.30 prender\u00e0 il via \u201cQuello che siamo\u201d, selezione di letture impreziosite da musica ed immagini a cura di Maurizio Rossato (Radio Deejay) con la partecipazione di Giancarlo Cattaneo (Radio Montecarlo). \u201c<strong>Quello che siamo<\/strong>\u201d esplora le stagioni della vita attraverso un&#8217;intensa selezione di letture impreziosite da musica e immagini. Pensieri, poesie, lettere, discorsi; le pagine pi\u00f9 belle di ogni tempo sono rese ancora pi\u00f9 coinvolgenti dalla singolare interpretazione. \u201cParole Note Live\u201d \u00e8 uno spettacolo innovativo e sorprendente, che regala forti emozioni. L&#8217;ingresso \u00e8 libero con obbligo di Green Pass. E&#8217; possibile prenotare un posto contattando il numero 347.5031329 dalle 16.30 alle 18 oppure presso recandosi presso la biblioteca civica negli orari di apertura al pubblico.<\/p>\n\n\n\n<figure class=\"wp-block-image size-full\"><a href=\"https:\/\/www.visitloano.it\/wp-content\/uploads\/2021\/11\/Giancarlo-Cattaneo.jpg\" rel=\"prettyPhoto[gallery-Rvjn]\"><img decoding=\"async\" src=\"https:\/\/www.visitloano.it\/wp-content\/uploads\/2021\/11\/Giancarlo-Cattaneo.jpg\" alt=\"\" class=\"wp-image-16425\"\/><\/a><\/figure>\n\n\n\n<p><strong>Natale \u00e8 il periodo perfetto per andare alla scoperta del territorio e dei suoi tesori<\/strong>. Sabato 27 novembre dalle 14.30 alle 17 \u00e8 in programma un&#8217;escursione naturalistica nell&#8217;entroterra a cura di Serinus. Partenza dal santuario di Monte Carmelo. Una nuova escursione, con partenza dalla chiesa di Santa Maria delle Grazie a Verzi, si terr\u00e0 luned\u00ec 27 dicembre dalle 9 alle 13. Durante le festivit\u00e0 natalizie sar\u00e0 aperto anche il Museo del Mare, gestito dall&#8217;Associazione Lodanum. Oltre alle visite all&#8217;interno del polo museale di Palazzo Kursaal, Lodanum organizza anche visite guidate alla Loano monumentale e ai monumenti religiosi. Il 3 gennaio 2022 alle 18 nella sala consiliare \u00e8 in programma la presentazione di \u201cLoano, not conventional experiences\u201d, rivista-guida a cura dell&#8217;associazione \u201cDue Zaini e un camallo\u201d. Infine, tutte le penultime e ultime domeniche di dicembre e gennaio, i Templari Cattolici renderanno possibile l&#8217;apertura della chiesa di Sant&#8217;Agostino.<\/p>\n\n\n\n<p>A Loano la \u201c<strong>Giornata internazionale contro la violenza sulle donne<\/strong>\u201d che ricorre il 25 novembre sar\u00e0 celebrata con una settimana di iniziative a cui partecipano anche gli studenti dell&#8217;istituto Falcone. Gioved\u00ec 25 novembre alle 9 \u00e8 in programma la \u201cinaugurazione\u201d di una nuova \u201cPanchina Rossa\u201d contro la violenza sulle donne donata da Conad e collocata nei pressi della Fontana Giovanna, accanto al municipio di Palazzo Doria. La nuova panchina \u00e8 stata donata in ricordo di Jessica Novaro, 30enne dipendente della catena di supermercati che lo scorso mese di dicembre \u00e8 stata uccisa dal compagno della madre. Il palazzo del municipio sar\u00e0 a sua volta \u201cilluminato\u201d di rosso, colore da sempre simbolo delle campagne contro la violenza di genere. A seguire, i rappresentanti dell&#8217;amministrazione comunale si recheranno presso l&#8217;altra Panchina Rossa collocata nell&#8217;area dei Giardini Caduti di Nassiryia, accanto a Palazzo Kursaal. Pi\u00f9 tardi alcune classi dell&#8217;indirizzo Sistema Moda torneranno in piazza Italia a Loano e daranno vita al flash-mob contro la violenza sulle donne organizzato con il patrocinio del Comune di Loano e la collaborazione del Centro Antiviolenza Artemisia Gentileschi. Sempre gioved\u00ec 25 novembre dalle 18 alle 21 presso il \u201cVittorino\u201d di corso Roma si terr\u00e0 una serata dal titolo \u201cRespect against indifference\u201d, evento di sensibilizzazione per la \u201cGiornata internazionale contro la violenza sulla donna\u201d con raccolta fondi a favore del Centro Antiviolenza Artemisia Gentileschi (offerta minima 5 euro) organizzato da \u201cQuelle del Cappotto\u201d, gruppo di amiche formato da Alessia Cepollina, Giulia Tassara, Valentina De Francesco, Serena Traverso, Natalia Facciolo, Vittoria Franchi: \u201cNella Giornata internazionale, dedicata a questo delicato argomento, abbiamo deciso di organizzare una serata benefica e di sensibilizzazione, per diffondere ancor pi\u00f9 il messaggio che &#8216;nessuna di noi deve rimanere sola&#8217;. Musica, danza e recitazione crediamo siano i veicoli giusti per coinvolgere e sensibilizzare, tenendoci uniti. Hanno collaborato con noi il Centro Antiviolenza Artemisia Gentileschi le danzatrici di Studio ProArt, che con le loro coreografie trasmettono le sensazioni che troppe volte vengono messe a tacere da chi subisce queste violenze e le lettrici\/attrici di #cosavuoichetilegga, che portano nella loro voce le emozioni di quei momenti. Ci ospiter\u00e0 una donna, Barbara, padrona di casa di Vittorino a Loano, imprenditrice che non ha esitato un secondo ad abbracciare la nostra idea\u201d. Ai partecipanti \u00e8 richiesto di indossare un capo rosso a scelta. Luned\u00ec 29 novembre alle 10 una rappresentanza degli alunni dell&#8217;istituto Falcone si recher\u00e0 presso la sala consiliare del municipio per partecipare al convegno \u201cUna storia come tante. Riflessioni sulla violenza di genere: fisica, morale ed economica\u201d a partire dal racconto \u201cAnna e Marco\u201d di Silvia Calzolaro. L&#8217;evento, non aperto al pubblico, \u00e8 organizzato dall&#8217;istituto Falcone con il patrocinio del Comune e della Fondazione Fidapa e della sezione Fidapa Bpw Italy Riviera delle Palme di Loano e la collaborazione di Global Thinking Foundation. Sempre in occasione della \u201cGiornata internazionale contro la violenza sulle donne\u201d, sui canali social del Comune di Loano verr\u00e0 presentato il videoclip di \u201c27 Rose\u201d, brano nato da un\u2019idea di Sara Basso con testo di Monica Caccia, musica di Davide Redegalli e arrangiamenti sono dei 4sixtyfive.<\/p>\n\n\n\n<p>Anche quest&#8217;anno il Comune di Loano ha deciso di aderire all&#8217;iniziativa \u201c<strong>Nipoti di Babbo Natale<\/strong>\u201d, il progetto dell&#8217;associazione onlus \u201cUn sorriso in pi\u00f9\u201d che consente di trasformarsi in Santa Klaus ed esaudire il desiderio degli anziani ospiti delle residenze protette di tutta Italia. Ne saranno protagonisti i \u201cnonni\u201d del Ramella. L&#8217;iniziativa \u00e8 molto semplice, ma di grande impatto: gli anziani del Ramella sono stati intervistati dallo staff della residenza protetta e hanno espresso un piccolo desiderio; la loro \u201cletterina natalizia\u201d \u00e8 stata poi pubblicata sul sito dei \u201cNipoti di Babbo Natale\u201d. Collegandosi al portale www.nipotidibabbonatale.it chiunque potr\u00e0 realizzare il sogno di un ospite, diventando \u201cNipote di Babbo Natale\u201d per un giorno e regalando cos\u00ec un sorriso ad un nonnino.<\/p>\n\n\n\n<p>Dal 3 al 5 dicembre saranno in distribuzione a Loano le \u201c<strong>Stelle di Natale<\/strong>\u201d e le \u201c<strong>Stelle di cioccolato<\/strong>\u201d che aiutano la ricerca di <strong>Ail<\/strong>, l&#8217;Associazione Italiana contro le Leucemie, i Linfomi e il Mieloma.<\/p>\n\n\n\n<p>Sabato 18 dicembre dalle 15.30 alle 19 nella Sala Mascalzone Latino di Marina di Loano si terr\u00e0 la <strong>\u201cFesta degli Auguri\u201d di Pro Loco Loano<\/strong>, con la presentazione del libro \u201cIl re della gloria\u201d di Ugo Moriano e la proiezione del corto \u201cMartina sa nuotare\u201d di Giorgio Molteni.<\/p>\n\n\n\n<p>Dal 15 al 31 dicembre presso la Sala del Mosaico di Palazzo Doria sar\u00e0 allestita la <strong>mostra \u201cRosso Nebiolo a Loano\u201d<\/strong>, esposizione di pittura e scultura a cura di Giuseppe Rosso e Mario Nebiolo. Ingresso Libero con obbligo di Green Pass.<\/p>\n\n\n\n<p>Dal 28 al 30 dicembre al PalaGarassini tornano i <strong>tornei di calcio di Natale<\/strong> per le categorie \u201cPiccoli amici\u201d e \u201cPrimi calci\u201d organizzati dall&#8217;Asd San Francesco Loano.<\/p>\n\n\n\n<p>Il 6 gennaio 2022 dalle 15.30 alle 18 nelle vie del centro storico e in piazza Italia \u201c<strong>Arriva la Befana<\/strong>\u201d, iniziativa a cura di Vecchia Loano.<\/p>\n\n\n\n<figure class=\"wp-block-image size-full\"><a href=\"https:\/\/www.visitloano.it\/wp-content\/uploads\/2020\/12\/Presepe-Vecchia-Loano-01.jpg\" rel=\"prettyPhoto[gallery-Rvjn]\"><img decoding=\"async\" src=\"https:\/\/www.visitloano.it\/wp-content\/uploads\/2020\/12\/Presepe-Vecchia-Loano-01.jpg\" alt=\"\" class=\"wp-image-15839\"\/><\/a><\/figure>\n\n\n\n<p>Con l&#8217;arrivo delle festivit\u00e0 natalizie presso le chiese e gli oratori di Loano sono stati allestiti numerosi <strong>presepi tradizionali<\/strong>. Ogni ricostruzione della rappresentazione della Nativit\u00e0 \u00e8 ambientata in uno scenografico paesaggio. Accanto ai protagonisti canonici del presepio ci sono figure di personaggi popolari e scene di vita quotidiana. Talvolta sono presenti scene meccaniche. Presepi tradizionali sono stati allestiti presso l&#8217;oratorio di Nostra Signora del Santissimo Rosario o \u201cdei Turchini\u201d in piazza Italia (dall&#8217;8 dicembre 2021 al 30 gennaio 2022); nella parrocchia di San Pio X in via Bergamo (dal 24 dicembre 2021 al 2 febbraio 2022); nella parrocchia di Santa Maria Immacolata di via dei Gazzi (dal 24 dicembre 2021 al 2 febbraio 2022); nell&#8217;oratorio di San Giovanni Battista o \u201cdei Bianchi\u201d in via Boragine (dall&#8217;8 dicembre 2021 al 30 gennaio 2022); nella parrocchia di San Giovanni Battista (dal 24 dicembre 2021 al 2 febbraio 2022); presso il convento di Monte Carmelo in via Costino di Monte Carmelo (aperto tutto l&#8217;anno); a questi si aggiunge quello allestito da Vecchia Loano nella vetrina del Palazzo Kursaal di corso Roma (dal 4 dicembre 2021 al 6 gennaio 2022). Un altro presepe \u00e8 stato allestito anche dall&#8217;associazione Vecchia Loano nei locali dell&#8217;ex ufficio Iat a Palazzo Kursaal ed \u00e8 visibile attraverso la finestra che affaccia sul parco giochi Pollin. Il presepe di Vecchia Loano sar\u00e0 esposto dalle 8 alle 22 fino al 6 gennaio 2021. Visitando le ricostruzioni della Nativit\u00e0 allestite nelle parrocchie, nelle cappelle e negli oratori della citt\u00e0 sar\u00e0 possibile tracciare un vero e proprio itinerario alla scoperta delle ricchezze architettonico-religiose di Loano.<\/p>\n","protected":false},"excerpt":{"rendered":"<p>Loano prepares to experience a magical Christmas full of atmosphere and fun<\/p>","protected":false},"author":3,"featured_media":16479,"comment_status":"closed","ping_status":"closed","sticky":false,"template":"","format":"standard","meta":{"footnotes":""},"categories":[1],"tags":[94,95,81,96,97,98,99,93,100],"class_list":{"0":"post-16444","1":"post","2":"type-post","3":"status-publish","4":"format-standard","5":"has-post-thumbnail","7":"category-news","8":"tag-cimento","9":"tag-fuochi-artificiali","10":"tag-libri-sotto-lalbero","11":"tag-loano-christmas","12":"tag-mercatino-antichita-e-collezionismo","13":"tag-mercatino-villaggio-magie-di-natale","14":"tag-parole-note-live","15":"tag-presepe","16":"tag-racconti-dinverno"},"_links":{"self":[{"href":"https:\/\/www.visitloano.it\/en\/wp-json\/wp\/v2\/posts\/16444","targetHints":{"allow":["GET"]}}],"collection":[{"href":"https:\/\/www.visitloano.it\/en\/wp-json\/wp\/v2\/posts"}],"about":[{"href":"https:\/\/www.visitloano.it\/en\/wp-json\/wp\/v2\/types\/post"}],"author":[{"embeddable":true,"href":"https:\/\/www.visitloano.it\/en\/wp-json\/wp\/v2\/users\/3"}],"replies":[{"embeddable":true,"href":"https:\/\/www.visitloano.it\/en\/wp-json\/wp\/v2\/comments?post=16444"}],"version-history":[{"count":0,"href":"https:\/\/www.visitloano.it\/en\/wp-json\/wp\/v2\/posts\/16444\/revisions"}],"wp:featuredmedia":[{"embeddable":true,"href":"https:\/\/www.visitloano.it\/en\/wp-json\/"}],"wp:attachment":[{"href":"https:\/\/www.visitloano.it\/en\/wp-json\/wp\/v2\/media?parent=16444"}],"wp:term":[{"taxonomy":"category","embeddable":true,"href":"https:\/\/www.visitloano.it\/en\/wp-json\/wp\/v2\/categories?post=16444"},{"taxonomy":"post_tag","embeddable":true,"href":"https:\/\/www.visitloano.it\/en\/wp-json\/wp\/v2\/tags?post=16444"}],"curies":[{"name":"wp","href":"https:\/\/api.w.org\/{rel}","templated":true}]}}