{"id":16264,"date":"2021-07-22T08:19:32","date_gmt":"2021-07-22T06:19:32","guid":{"rendered":"https:\/\/www.visitloano.it\/?p=16264"},"modified":"2021-07-22T08:19:32","modified_gmt":"2021-07-22T06:19:32","slug":"in-italy-square-in-loano-the-summer-in-music-with-sinni-the-shalalas-nicole-magolie-straga-and-the-suburban-kids","status":"publish","type":"post","link":"https:\/\/www.visitloano.it\/en\/16264\/news\/in-piazza-italia-a-loano-la-estate-in-musica-con-sinni-the-shalalalas-nicole-magolie-straga-e-i-ragazzi-di-periferia\/","title":{"rendered":"In Italy Square at Loano the \u201cSummer in Music\u201d with Sinni, The Shalalalas, Nicole Magolie, Strag\u00e0 and \u201cThe Suburban Boys\u201d"},"content":{"rendered":"\n<p>Il vincitore di \u201cThe Voice of Italy Senior\u201d Erminio Sinni e gli autori della sigla della fiction Rai \u201cL&#8217;allieva\u201d The Shalalalas e poi ancora la Nicole Magolie Band, Federico Strag\u00e0 e \u201cI ragazzi di periferia\u201d. Saranno loro i protagonisti dei cinque appuntamenti di<strong> \u201cEstate in musica\u201d, la rassegna di concerti organizzata dall&#8217;assessorato a turismo, cultura e sport del Comune di Loano in collaborazione con l&#8217;Agenzia Eccoci Eventi<\/strong>.<\/p>\n\n\n\n<p>\u201cQuest&#8217;anno \u2013 spiegano il sindaco di Loano Luigi Pignocca ed il vice sindaco e assessore a turismo e cultura Remo Zaccaria \u2013 il palco che ospiter\u00e0 le nostre serate musicali verr\u00e0 eccezionalmente allestito in piazza Italia, che cos\u00ec si trasformer\u00e0 in una sorta di grande auditorium. Il grande spazio davanti a Palazzo Doria, del resto, si \u00e8 sempre prestato a molteplici utilizzi e particolarmente ad ospitare appuntamenti musicali per i quali \u00e8 attesa una certa affluenza di pubblico (ovviamente entro i limiti delle normative sanitarie). Jazz, rock, musica italiana accompagneranno cinque indimenticabili serate d&#8217;agosto\u201d.<\/p>\n\n\n\n<p>Si comincia <strong>gioved\u00ec 5 agosto alle 21<\/strong> con il concerto di <strong>Erminio Sinni<\/strong>, vincitore del talent-show \u201cThe Voice of Italy Senior\u201d nella quadra di Loredana Bert\u00e8 e poi ospite del Festival di Sanremo 2021 nella serata dedicata ai duetti con alcuni dei suoi compagni di The Voice of Italy Senior in accompagnamento al cantante in gara Gi\u00f2 Evan. Ad aprire la serata sar\u00e0 il cantautore <strong>Daniele De Gregori<\/strong>.<\/p>\n\n\n\n<p>Il <strong>6 agosto sempre alle 21<\/strong>, invece, si esibiranno <strong>The Shalalalas<\/strong>, il duo formato Sara Cecchetto e Alex \u201cBoss\u201d Hare, il cui stile rappresenta un connubio tra Kurt Cobain e Regina Spektor (con il sogno di rivedere i Moldy Peaches sul palco).<\/p>\n\n\n\n<p><strong>Sabato 14 agosto alle 21<\/strong> in piazza Italia a Loano andr\u00e0 in scena il \u201cLike a Diamond Live Concert\u201d con protagonista la <strong>Nicole Magolie Band<\/strong>. Sul palco allestito davanti a Palazzo Doria si esibiranno la bravissima Nicole Magolie e la sua band formata da Gabriele Gentile (piano e tastiere), Michele Aloisi (basso) e Folco Fedele (batteria). Il quartetto racconter\u00e0 (e suoner\u00e0) la storia della musica popo con un\u2019attenzione particolare al ruolo della donna e delle grandi interpreti. Il tutto senza alcuna frequenza registrata, per un live puro con grande spazio al talento dei musicisti.<\/p>\n\n\n\n<p><strong>Venerd\u00ec 20 agosto si esibir\u00e0 Federico Strag\u00e0<\/strong>, che eseguir\u00e0 brani tratti dal suo ultimo disco &#8220;Guardare fuori&#8221; e da alcuni tra i suoi album pi\u00f9 conosciuti, come \u201cL\u2019astronauta\u201d, \u201cCigno macigno\u201d, \u201cLa notte di San Lorenzo\u201d (Sanremo 97), \u201cVolere volare\u201d (Sanremo 2003). E ci sono anche alcune cover di cantautori che ha conosciuto o con cui ha avuto la fortuna di collaborare: Lucio Dalla, Franco Battiato, De Gregori, Carboni, Vasco. Sar\u00e0 accompagnato da Valerio Carboni (tastiere), Daniele Morelli (chitarra), Marco Dirani (basso) e Alberto Paderni (batteria).<\/p>\n\n\n\n<p><strong>Il 27 agosto toccher\u00e0 a \u201cI ragazzi di periferia\u201d<\/strong>, che saranno protagonisti di una serata cover interamente dedicata a tre dei pi\u00f9 grandi interpreti italiani: Claudio Baglioni, Adriano Celentano ed Eros Ramazzotti.<\/p>\n\n\n\n<p>E&#8217; consigliabile prenotare il proprio posto a sedere tramite il sito www.tgevents.it alla sezione \u201cPrenota il tuo evento\u201d oppure telefonando a Eccoci Eventi al numero 0182554886. Ingresso gratuito consentito fino ad esaurimento posti a sedere prestabiliti.<\/p>\n\n\n\n<p><em><strong>Le manifestazioni di piazza Italia si svolgeranno nel pieno rispetto della normativa anti-Covid. La piazza verr\u00e0 chiusa dalle 19 e subito dopo prenderanno il via le operazioni di sanificazione e disinfezione. Il pubblico potr\u00e0 cominciare ad affluire a partire dalle 20 attraverso l&#8217;unico ingresso di via Martiri della Libert\u00e0. Fino al 5 agosto per poter accedere alla piazza occorrer\u00e0 registrarsi comunicando i propri dati personali (nome e cognome) ed un recapito telefonico. Per gli spettacoli che si terranno a partire dal 6 agosto l&#8217;accesso sar\u00e0 consentito esclusivamente ai soggetti muniti del cosiddetto \u201cGreen Pass\u201d, cos\u00ec come previsto dalle pi\u00f9 recenti norme di legge. I posti a sedere disponibili sono 350 in tutto. Una volta esauriti, il pubblico potr\u00e0 prendere posto sulle altre sedute costituite dai manufatti di arredo urbano o direttamente sul pavimento della piazza.<\/strong><\/em><\/p>\n\n\n\n<p>Di seguito le biografie degli artisti.<\/p>\n\n\n\n<div class=\"wp-block-image\"><figure class=\"aligncenter size-large\"><a href=\"https:\/\/www.visitloano.it\/wp-content\/uploads\/2021\/07\/Locandina-scaled.jpg\" rel=\"prettyPhoto[gallery-ZfYF]\"><img decoding=\"async\" src=\"https:\/\/www.visitloano.it\/wp-content\/uploads\/2021\/07\/Locandina-724x1024.jpg\" alt=\"\" class=\"wp-image-16266\"\/><\/a><\/figure><\/div>\n\n\n\n<p><strong>Erminio Sinni <\/strong>nasce a Grosseto. A 12 anni inizia, presso il Conservatorio Pietro Mascagni di Livorno, lo studio del pianoforte e all&#8217;et\u00e0 di 18 anni si trasferisce a Roma suonando e cantando nei migliori locali della capitale. In questo periodo collabora con Paola Turci e nel 1989 partecipa al Festival di Sanremo come autore la canzone &#8220;Tutti i cuori sensibili&#8221; seguita da tre LP scritti interamente da Sinni.<br>Nel 1990 partecipa al Nuovo Cantagiro piazzandosi in quarta posizione e nel 1991 ha il compito di cantare e suonare alla festa in onore di Frank Sinatra presso l&#8217;ambasciata americana di Roma. Nel 1992 conosce Riccardo Cocciante con cui inizia un rapporto di collaborazione. Nel 1993 prodotto da Cocciante partecipa al festival di Sanremo piazzandosi al quinto posto con la canzone &#8220;L&#8217;amore vero&#8221; e aggiudicandosi anche il Premio Volare come migliore musica della manifestazione ed il Premio S.I.L.B. come miglior testo.<br>Contemporaneamente esce l&#8217;album &#8220;Ossigeno&#8221; con tutte le canzoni scritte interamente da Sinni contenente nove brani tra cui &#8220;E tu davanti a me&#8221; che dopo quasi tredici anni \u00e8 ancora presente nelle classifiche delle radio del sud Italia. Nello stesso anno esce il cd di Riccardo Cocciante dove la canzone di punta \u00e8 &#8220;Resta con me&#8221; pezzo scritto da Sinni e Massimo Bizzarri. Nel 1996 riceve il riconoscimento come miglior cantautore al Premio Mia Martini.<br>Nel 1998 la canzone &#8220;L&#8217;amore vero&#8221; diventa colonna sonora per la telenovela &#8220;Por amor&#8221; trasmessa in America Latina da Rete Globo e vende 832.000 copie. Il nuovo disco di Erminio Sinni &#8220;11.167 km&#8221;, prende il nome dalla distanza che intercorre tra Fiumicino e Buenos Aires dove il cantautore Erminio Sinni ha registrato il suo nuovo disco tra gennaio e maggio del 2006. 11167 km nasce dalla caparbiet\u00e0 e dal bisogno di fermare in musica emozioni e pensieri.<br>La storia di questo lavoro di Erminio Sinni ha come sfondo musicale l&#8217;immenso bagaglio culturale che possiamo trovare nel Sud America in particolar modo in Argentina.<br>Tra le 11 canzoni si ricordano &#8220;Maremma&#8221; un tema inedito di Sinni vestito di un arrangiamento gitano; &#8220;Aria Buona&#8221; scritta nel taxi la prima volta a Buenos Aires; &#8220;Carlo Cifal\u00e0&#8221; metafora tra larte del biliardo e la vita; &#8220;Chi dove quando perch\u00e9&#8221; swing che si domanda dove sta andando la nostra Italia; &#8220;Lettera dalle stelle&#8221; \u00e8 un fotogramma di storia di un passato un po&#8217; pi\u00f9 semplice. Per i fans l&#8217;artista, infine , ha registrato, con gli stessi musicisti che hanno partecipato alla realizzazione dell&#8217;Album, i brani &#8220;L&#8217;amore&#8221; vero ed &#8220;E tu davanti a me&#8221;, inseriti nell&#8217;album come Bonus Tracks. Tredici dipinti ad olio raffigurano ognuno i temi suonati e cantati.<\/p>\n\n\n\n<p><strong>Daniele De Gregori<\/strong> \u00e8 nato a Roma dove vive, suona e si laurea. Nel 2008 vince il premio Sponsor del Roma Music Festival. Nel 2011 vince il Premio Speciale del Roma Music Festival. Nel 2012 viene premiato nel festival &#8220;I Cerchi Magici&#8221; a Roma. Nel 2013 vince il Primo Premio e il Premio per il Miglior testo del Gandolfo Festival. Nel 2014 vince il Troisi Festival. Nel 2015 pubblica l&#8217;album \u201cHegel\u201d e vince la &#8220;Migliore Performance&#8221; del Premio Incanto. Incide poi &#8220;Pioggia di luce&#8221; dei Litfiba per il disco tributo di &#8220;Desaparecido&#8221; commissionato da Ghigo Renzulli. Nel 2016 la sua \u201cMe ne vado a dormi\u2019\u201d live @ Teatro Olimpico di Roma con Alberto Laurenti, \u00e8 nell&#8217;album &#8220;Che fine hai fatto cantautore?&#8221;. Nel 2019 \u00e8 tra i vincitori del Premio Lunezia, entra a far parte di NAIA, la nuova squadra di calcio del MEI, Meeting degli Indipendenti e pubblica l&#8217;album &#8220;La gente \u00e8 singolare&#8221;, distribuito da Azzurrahub, con ospiti Lucio Bardi e Paolo Giovenchi. Nel 2020 vince L&#8217;artista che non c&#8217;era, il Premio Nuovo IMAIE, il Miglior Brano al Music Indie Contest e il Premio ACEP\/UNEMIA per Musica Contro Le Mafie duettando con Nathalie. E\u2019 pi\u00f9 volte ospite musicale su Raidue del programma &#8220;O anche no&#8221; suonando con Bobo Rondelli. Nel 2021 vince Sanremo in taxi ed \u00e8 attualmente finalista del Premio Bertoli e di Non \u00e8 mica. E\u2019 in tour in con l&#8217;agenzia booking Joe&amp;Joe.<\/p>\n\n\n\n<p><strong>The Shalalalas <\/strong>sono Sara Cecchetto e Alex \u201cBoss Hare\u201d.<br>Sara Cecchetto si avvicina alla musica da piccolissima, iniziando a suonare con il metodo Orff-Schulwerk. A 21 anni si diploma in violino al conservatorio. Suona con varie orchestre e si fa notare vincendo premi a carattere nazionale. In veste di violinista collabora con molti altri nomi della scena musicale romana.<br>Alex \u201cBoss\u201d Hare inizia a scrivere canzoni a 16 anni, con la sua chitarra da 30 euro comprata tre mesi prima. Milita in numerose band della scena indie-rock romana, come chitarrista e cantante. Fino al giorno in cui incontra la meravigliosa voce di Sara. Al suo attivo ha oltre 400 concerti.<br>Il gruppo si forma nel 2013 e dopo pochi mesi compone e registra l\u2019EP \u201cThe Fucking Shalalalas\u201d, suscitando immediatamente l\u2019interesse della stampa e della scena musicale di Roma. Inizia cosi\u0300 una prolifica serie di concerti nei migliori palchi della capitale fino ad estendersi in numerose citta\u0300 italiane. Le atmosfere intime, delicate e sognanti dei The Shalalalas, arrivano alle orecchie della Redazione Spettacoli di \u201cLa Repubblica\u201d, che scrive su di loro diversi articoli e recensioni fino a ospitarli nella celebre trasmissione \u201cWebnotte\u201d per Repubblica Tv. La band arriva seconda al concorso promosso dalla label \u201cLa Fame Dischi\u201d e raggiunge le finali regionali dell\u2019\u201cArezzo Wave Contest\u201d e partecipa a festival e rassegne di respiro internazionale realizzando diverse aperture a band come The Pains of Being Pure at Heart, Fear of Men e Widowspeak. Nel maggio 2015 hanno suonato all\u2019H&amp;M Stage, al Ray-Ban Stage Unplugged e al Parc De La Ciutadella del Primavera Sound Festival di Barcellona e tenuto uno showcase all\u2019interno del MACBA per i professionisti europei del Primavera PRO. Il \u201c3las tour\u201d ha toccato pi\u00f9 di 120 citta\u0300 in Italia e all\u2019estero. Il 19 settembre 2016, in anteprima su La Repubblica, esce il video di \u201cA Week\u201c: il brano viene scelto per la sigla di una fiction di Rai1 intitolata \u201cL\u2019Allieva\u201d, con Alessandra Mastronardi, Lino Guanciale e Dario Aita, con la regia di Luca Ribuoli. Altri brani dell\u2019album sono presenti in ogni puntata. Nel dicembre 2016, i The Shalalalas sono tra i 12 finalisti di Sanremo Giovani 2017, con il loro primo brano in italiano \u201cDifficile\u201d. Si esibiscono cosi\u0300 in prima serata RAI 1, nella trasmissione \u201cSara\u0300 Sanremo\u201d. Nel 2017 lavorano al loro secondo album, intervallando il lavoro di scrittura e registrazione, all\u2019attivit\u00e0\u0300 live, che raggiunge le 200 date. Il secondo disco si chiama \u201cBoom\u201d ed \u00e8 uscito il 9 marzo 2018. Il 25 ottobre 2018 parte la seconda stagione della fiction \u201cL\u2019Allieva\u201d: non solo vengono riconfermate \u201cA Week\u201d come sigla e le canzoni di \u201cThere are 3 las in Shalalalas\u201d, ma vengono inserite anche le canzoni del nuovo album \u201cBoom\u201d, con particolare rilevanza della canzone \u201cNothing Works at 5 O\u2019Clock, che diventa la canzone del nuovo album pi\u00f9 ascoltata su Spotify. Il 24 settembre 2020 esce \u201csilly vain details\u201d, nuovo Ep.<\/p>\n\n\n\n<p><strong>Federico Strag\u00e0<\/strong> ha la sua prima grande occasione di farsi conoscere dal gran pubblico partecipando a San Remo Giovani nel 1997 dove presenta il brano &#8220;La Notte di San Lorenzo&#8221;. Nel 1998 partecipa tra le nuove proposte al Festival di San Remo e stipula il suo primo contratto discografico con BMG ed esce il suo primo LP, intitolato &#8220;Federico Strag\u00e0&#8221;, prodotto da Bruno Tibaldi e Mara Majonchi. Nel giugno del 2000 esce con il singolo &#8220;L&#8217;Astronauta&#8221;, tormentone estivo di enorme successo e di seguito il suo secondo album &#8220;Click Here'&#8221; che contiene altri successi radiofonici quali &#8220;Cigno Macigno&#8221; ed &#8220;Eleonora non si innamora&#8221;. Nel 2002 vince &#8220;Un Disco per l&#8217;Estate&#8221; con il brano &#8220;Il coccodrillo vegetariano&#8221;, Nel 2003 partecipa nuovamente a San Remo al fianco di Anna Tatangelo cantando &#8220;Volere Volare&#8221;. Partecipa al Miller Music Tour 2004 E 2005 all&#8217;interno del quale si \u00e8 esibito oltre che con i suoi brani pi\u00f9 famosi anche interpretando e promovendo il suo nuovo singolo dal titolo \u201cIl semaforo\u201d. Dal 2006 grande la sua interpretazione del mitico Frank \u201cThe Voice\u201d Sinatra. Questa interpretazione gli vale la partecipazione al Bologna Jazz Festival nel 2010 e il premio alla voce conferitogli dal Leggio D\u2019oro nel 2013. Nel 2015 esce il suo nuovo singolo \u201cChe Cos\u2019\u00e8 L\u2019arte?\u201d. Nel 2018 esce il suo primo album come autore di tutti i brani dal titolo \u201cGuardare fuori\u201d. Dieci tracce in cui l&#8217;artista si racconta a cuore aperto e si interroga sull\u2019esistenza, sulla forza, sulla debolezza e sulla capacit\u00e0 di affrontare la quotidianit\u00e0. Tutto in equilibrio tra ironia e profondit\u00e0.<\/p>\n\n\n\n<p><strong>\u201cI ragazzi di periferia\u201d<\/strong> sono Leonardo Gisonda (alias Celentano), Paolo Gaudino (alias Eros Ramazzotti), Igor minerva (alias Claudio Baglioni), Giorgio Bellia, Gege Picollo, Francesco Bellia, Andrea Girbaudo.<br>Leonardo Gisonda, detto Leo Mix, \u00e8 il sosia indiscusso dell\u2019Adriano nazionale e vincitore di \u201cRe per una notte\u201d. Imitatore e cabarettista. Divertimento assicurato, ironia e tanta allegria.<br>La passione di Paolo Gaudino per Eros Ramazzotti nasce da bambino, nel 2009 il suo tributo nella sua prima band. Grazie alla somiglianza fisica e vocale di Paolo numerosi sono i concerti in giro per le piazze e i locali sia in Italia che all\u2019estero. Nel 2013 lo vediamo ospite nella trasmissione televisiva \u201cQuelli che il calcio\u201d al fianco della grande Giorgia nel brano \u201cInevitabile\u201d. Nel 2016 Paolo decide di formare una nuova band con dei professionisti come Emanuela Torriani, corista che accompagna Paolo in giro in tutti gli spettacoli. Tutti i brani sono sapientemente rivisitati ed arraggianti per poter essere cantati ed apprezzati da tutto il pubblico. scita<br>Igor Minerva, cantautore, si appassiona al canto gi\u00e0 da bambino, all&#8217;et\u00e0 di 5 anni inizia a studiare pianoforte e nel 1985, grazie ad un&#8217;amica che gli presta il doppio 33 giri Al\u00e9-o\u00f3, impara a conoscere la musica di Claudio Baglioni e ne resta affascinato. Nel 1985 la sua prima esperienza televisiva: il Comune di Milano consegna ogni anno lo storico &#8220;Ambrogino d&#8217;oro&#8221;. Gli iscritti furono oltre 800. Igor si present\u00f2 all&#8217;audizione portando il brano \u201cFigli siamo noi\u201d, scritto e prodotto da Reitano, insieme agli altri componenti de \u201cIl gruppo\u201d. La gara fu trasmessa in eurovisione su Rai2. Tra il 1987 e il 1990 partecipa a concorsi canori nazionali, ottenendo sempre buoni piazzamenti e spesso vincendo il premio della critica. Nel 1993 viene selezionato per partecipare alla trasmissione televisiva \u201cKaraoke\u201d, condotta da Fiorello su Italia1, esibendosi con il brano \u201cMistero\u201d di Enrico Ruggeri. Nel 1999 decide di provare con la trasmissione di Canale5 \u201cMomenti di Gloria\u201d condotto da Mike Bongiorno. Questo &#8220;momento&#8221; decreta l&#8217;inizio della carriera di Igor come interprete delle canzoni di Baglioni. Nel 2002 viene selezionato per partecipare alla trasmissione televisiva \u201cS\u00ec s\u00ec, \u00e8 proprio lui!\u201d condotta da Luisa Corna su Rai1, consistente nel campionato nazionale degli imitatori. Raggiunge le fasi finali superando una selezione con oltre 4000 candidati ed arrivando tra i primi 10 migliori imitatori italiani. Oltre a Claudio Baglioni, infatti, Igor imita altri cantanti, da Eros Ramazzotti a Vasco Rossi, da Riccardo Cocciante a Renato Zero, e molti altri. Dal 2021 iniziano i concerti-tributo a Claudio Baglioni, dapprima nei teatri e successivamente nelle piazze e nei locali di tutta Italia. Nel 2014 nasce la band Notte di Note, formata da 6 musicisti, che accompagna Igor nei concerti del nord Italia. Nel 2018 inizia anche l&#8217;avventura con la band Al\u00e8-o\u00f2, formata da 4 musicisti e 4 ballerine, che accompagna Igor nei concerti del centro-sud Italia. E&#8217; concorrente al programma \u201cTu Si Que Vales\u201d dove si \u00e8 aggiudicato un posto nella fase finale.<br>Giorgio Bellia, diplomato al Cento Professione Musica di Milano, collabora con numerosi artisti tra i quali, Dolcenera, Valerio Scanu, Marco Carta, Loretta Grace Band, New Trolls, Carlo Verdone, Luisa Corna, Umberto Smaila e tanti altri.<br>Gege Picollo, diplomato in chitarra jazz, ha collaborato instudio e dal vivo con molti artisti dello spettacolo da drupi a Marco Predolin, Gigi e Andrea, Rai Radio Due, XFACTOR, Giampaolo Casati, Mauro Battisti, Ivan Cattaneo. Ha pubblicato diversi cd con Triptic, JoeSingerChoir, Canzoniere Popolare Tortonese, ed altri con il proprio nome.<br>Francesco Bellia, basso voce e chitarra, 30 anni di esperienza di 13 anni in giro per il mondo con la Storia dei New Trolls. Innumerovoli esperienze musicali con artisti del calibro di Baglioni, Renato Zero, Irene Fornaciari, PFM, L\u2019Aura, Massimo di Cataldo, Danilo Amerio, Sarah Jane Morris, Corrado Tedeschi, Le Orme, di lui si pu\u00f2 dire che ama la buona musica.<br>Andrea Girbaudo, pianista, diplomato in musica corale e direzione di coro al conservatorio di Torino e in jazz al conservatorio di Alessandria. Numerose Tribute e cover band tra le quali la collaborazione con Ricky Portera. Chitarrista degli Stadio e Dalla. Produttore e arrangiatore in studio di registrazione per il mercato dance giapponese da 25 anni.<\/p>\n","protected":false},"excerpt":{"rendered":"<p>It is the concert series organized by the Department of Tourism, Culture and Sports of the City of Loano in collaboration with the Eccoci Eventi Agency<\/p>","protected":false},"author":3,"featured_media":16265,"comment_status":"closed","ping_status":"closed","sticky":false,"template":"","format":"standard","meta":{"footnotes":""},"categories":[1],"tags":[92],"class_list":{"0":"post-16264","1":"post","2":"type-post","3":"status-publish","4":"format-standard","5":"has-post-thumbnail","7":"category-news","8":"tag-estate-in-musica"},"_links":{"self":[{"href":"https:\/\/www.visitloano.it\/en\/wp-json\/wp\/v2\/posts\/16264","targetHints":{"allow":["GET"]}}],"collection":[{"href":"https:\/\/www.visitloano.it\/en\/wp-json\/wp\/v2\/posts"}],"about":[{"href":"https:\/\/www.visitloano.it\/en\/wp-json\/wp\/v2\/types\/post"}],"author":[{"embeddable":true,"href":"https:\/\/www.visitloano.it\/en\/wp-json\/wp\/v2\/users\/3"}],"replies":[{"embeddable":true,"href":"https:\/\/www.visitloano.it\/en\/wp-json\/wp\/v2\/comments?post=16264"}],"version-history":[{"count":0,"href":"https:\/\/www.visitloano.it\/en\/wp-json\/wp\/v2\/posts\/16264\/revisions"}],"wp:featuredmedia":[{"embeddable":true,"href":"https:\/\/www.visitloano.it\/en\/wp-json\/"}],"wp:attachment":[{"href":"https:\/\/www.visitloano.it\/en\/wp-json\/wp\/v2\/media?parent=16264"}],"wp:term":[{"taxonomy":"category","embeddable":true,"href":"https:\/\/www.visitloano.it\/en\/wp-json\/wp\/v2\/categories?post=16264"},{"taxonomy":"post_tag","embeddable":true,"href":"https:\/\/www.visitloano.it\/en\/wp-json\/wp\/v2\/tags?post=16264"}],"curies":[{"name":"wp","href":"https:\/\/api.w.org\/{rel}","templated":true}]}}