{"id":16071,"date":"2021-06-25T14:26:34","date_gmt":"2021-06-25T12:26:34","guid":{"rendered":"https:\/\/www.visitloano.it\/?p=16071"},"modified":"2021-06-25T14:26:34","modified_gmt":"2021-06-25T12:26:34","slug":"books-music-and-concerts-allalba-sul-mare-circus-performances-exhibitions-gastronomy-in-loano-will-be-an-eppi-sammer","status":"publish","type":"post","link":"https:\/\/www.visitloano.it\/en\/16071\/news\/libri-musica-e-concerti-allalba-sul-mare-spettacoli-circensi-mostre-gastronomia-a-loano-sara-una-eppi-sammer\/","title":{"rendered":"Books, music and sunrise concerts by the sea, circus performances, exhibitions, food: at Loano it will be an \u201cEppi Sammer\u201d"},"content":{"rendered":"\n<p>Ci sono appuntamenti musicali e concerti all&#8217;alba in riva al mare, spettacoli circensi, presentazioni letterarie per grandi e piccini, mostre, eventi sport, appuntamenti gastronomici e tanto, tanto altro ancora in \u201c<a href=\"https:\/\/issuu.com\/castigamatti\/docs\/loa_dep_estate_2021_castigamatti\" target=\"_blank\" rel=\"noreferrer noopener\">Eppi Sammer 2021<\/a>\u201d, l&#8217;ampio calendario di eventi che animer\u00e0 l&#8217;estate di Loano.<\/p>\n\n\n\n<p>Il sindaco di Loano, Luigi Pignocca, afferma: \u201cIl perdurare della pandemia ancora per parte di questo 2021 e le cosiddette &#8216;riaperture&#8217; arrivate piuttosto avanti rischiavano di incidere in maniera negativa anche questa stagione estiva. Invece, grazie all&#8217;importante lavoro svolto dai nostri uffici e alla fondamentale collaborazione di tante realt\u00e0 che operano sul nostro territorio, siamo riusciti ugualmente ad elaborare un calendario di eventi ricco e variegato. Ancora una volta Loano offre &#8216;un mare di possibilit\u00e0&#8217; a tutti i propri ospiti\u201d.<\/p>\n\n\n\n<p>Il vice sindaco ed assessore a turismo, cultura e sport Remo Zaccaria aggiunge: \u201cMusica, libri e cultura, sport: come sempre, l&#8217;estate di eventi di Loano sapr\u00e0 accontentare tutti le esigenze di divertimento dei nostri concittadini ed ospiti. Come sottolineato dal sindaco, l&#8217;emergenza sanitaria minacciava di farci avere un&#8217;altra estate &#8216;in sordina&#8217; sul fronte delle manifestazioni. Per fortuna le cose sono andate diversamente e anche quest&#8217;anno la nostra citt\u00e0 pu\u00f2 vantare un calendario di appuntamento di tutto rispetto. Ringrazio gli uffici e tutti coloro i quali hanno collaborato alla sua composizione\u201d.<\/p>\n\n\n\n<p>Quest&#8217;estate grandi protagonisti saranno i libri e la lettura, con l&#8217;edizione 2021 di \u201cLoa-Legge in Ogni Angolo\u201d, la manifestazione interamente dedicata alla lettura promossa dall&#8217;assessorato a turismo, cultura e sport del Comune di Loano in collaborazione con l&#8217;Aps #cosavuoichetilegga? insieme ad Atuttotondo di Monica Maggi e con le associazioni e le realt\u00e0 locali aderenti al \u201cPatto per la Lettura\u201d.<\/p>\n\n\n\n<p>Si comincia sabato 26 giugno alle 21 nel ridotto del Giardino del Principe, dove si terr\u00e0 la presentazione di \u201cMio figlio \u00e8 normale?\u201d, di Stefania Andreoli. L&#8217;evento fa parte di \u201cLoano per il sociale\u201d, rassegna che proseguir\u00e0 venerd\u00ec 9 luglio con la presentazione di \u201cGuardiano di notte, ovvero le diecimila e una notte con Silvia, non con Sherazade\u201d di Giorgio Genta.<\/p>\n\n\n\n<p>Marted\u00ec 6 luglio, invece, inaugureranno i \u201cMarted\u00ec della Cultura\u201d. Alle 21, sempre nel ridotto dell&#8217;arena estiva, John Vignola presenter\u00e0 \u201c70 Sanremo. Storia fotografica del Festival della Canzone Italiana\u201d. Conduce il giornalista musicale Antonio Vivaldi. La presentazioni librarie dei \u201cMarted\u00ec della cultura\u201d torneranno ancora il 13 luglio con \u201cL&#8217;inizio di ogni cosa\u201d di Luca Ammirati, il 20 luglio con \u201cUna felicit\u00e0 semplice\u201d di Sara Rattaro ed il 3 agosto con \u201cLa discesa infinita. Un mistero per Nanni Settembrini\u201d di Enrico Camanni (l&#8217;appuntamento \u00e8 stato organizzato in collaborazione con il Cai di Loano).<\/p>\n\n\n\n<figure class=\"wp-block-image size-large\"><a href=\"https:\/\/www.visitloano.it\/wp-content\/uploads\/2021\/06\/enrico-camanni.jpg\" rel=\"prettyPhoto[gallery-Kwxq]\"><img decoding=\"async\" src=\"https:\/\/www.visitloano.it\/wp-content\/uploads\/2021\/06\/enrico-camanni.jpg\" alt=\"\" class=\"wp-image-16075\"\/><\/a><\/figure>\n\n\n\n<p>La rassegna dar\u00e0 ampio spazio alle produzioni per bimbi con i \u201cMercoled\u00ec Bimbi. Libri per bambini sotto il tiglio\u201d. Si comincia il 7 luglio con \u201cSi fa presto a dire elefante\u201d, presentazione spettacolare con l&#8217;autore e illustratore Sergio Olivotti. Il 14 luglio Massimo Ivaldo sar\u00e0 protagonista di una presentazione spettacolar-teatrale, con giochi, racconti e tanto altro, tratta dal libro \u201cLuci\u201d. Il 21 luglio Rino Alaimo presenta \u201cLa principessa del Cielo\u201d. Gli incontri sono condotti da Graziella Frasca Gallo, la gieffegi della Gazzetta di Loano.<\/p>\n\n\n\n<figure class=\"wp-block-image size-large\"><a href=\"https:\/\/www.visitloano.it\/wp-content\/uploads\/2021\/06\/olivotti.jpg\" rel=\"prettyPhoto[gallery-Kwxq]\"><img decoding=\"async\" src=\"https:\/\/www.visitloano.it\/wp-content\/uploads\/2021\/06\/olivotti-683x1024.jpg\" alt=\"\" class=\"wp-image-16086\"\/><\/a><\/figure>\n\n\n\n<p>Sempre nell&#8217;ambito di \u201cLoa Legge in Ogni Angolo\u201d, nei mesi di luglio, agosto e settembre il Parco Don leone Grossi ospiter\u00e0 i pomeriggi con le \u201cFiabe e leggende al parco\u201d. Piera Alba Merlo, bardo celtico e narratrice, e la sua aiutante Monica Maggi intratterranno i piccoli partecipanti con letture tratte dai libri di fiabe e leggende di nonna Piera. La manifestazione si svolge in sinergia con il progetto \u201cVivi il Parco\u201d, il progetto di sicurezza integrata varato dall&#8217;assessorato alla polizia municipale e dall&#8217;assessorato allo sport del Comune di Loano che si propone di modellare gli spazi pubblici e soprattutto di rivitalizzare i parchi cittadini affinch\u00e9 diventino sempre di pi\u00f9 luoghi di socializzazione ed inclusione. Le \u201cFiabe e leggende al parco\u201d torneranno nei giorni 1, 8, 15 e 22 luglio, il 19 e 26 agosto ed il 2 settembre, sempre dalle 17 alle 18. Le letture sono rivolte a bambini e bambine dai 5 anni in su.<\/p>\n\n\n\n<figure class=\"wp-block-image size-large\"><a href=\"https:\/\/www.visitloano.it\/wp-content\/uploads\/2021\/06\/Fiabe-Parco.jpg\" rel=\"prettyPhoto[gallery-Kwxq]\"><img decoding=\"async\" src=\"https:\/\/www.visitloano.it\/wp-content\/uploads\/2021\/06\/Fiabe-Parco.jpg\" alt=\"\" class=\"wp-image-16078\"\/><\/a><\/figure>\n\n\n\n<p>Sabato 14 e sabato 21 agosto alle 6 il Molo Kursaal ospiter\u00e0 le \u201cLetture all&#8217;alba\u201d, un nuovo imperdibile momento dedicato alla letteratura e alla musica: i lettori di #cosavuoichetilegga interpreteranno ad alta voce testi di autori classici e contemporanei con l\u2019accompagnamento di brani musicali suonati dal vivo in acustica. Le letture saranno accompagnate dalle musiche live. A fare da sfondo, lo spettacolo del sorgere del sole in riva al mare.<\/p>\n\n\n\n<p>Sabato 28 agosto alle 21 nel ridotto del Giardino del Principe si terr\u00e0 una \u201cMaratona Traindogs\u201d con Fabio Palombo ed i lettori di #cosavuoichetilegga? Che interpreteranno i testi dello stesso Fabio Palombo. La serata sar\u00e0 accompagnata da musiche dal vivo. Domenica 12 settembre, infine, dalle 15.30 alle 18 le vie, le piazze ed in parchi cittadini si animeranno delle \u201cLetture on the road\u201d di #cosavuoichetilegga? e delle associazioni aderenti al \u201cPatto per la Lettura\u201d di Loano.<\/p>\n\n\n\n<figure class=\"wp-block-image size-large\"><a href=\"https:\/\/www.visitloano.it\/wp-content\/uploads\/2021\/06\/Fabio-Palumbo.jpg\" rel=\"prettyPhoto[gallery-Kwxq]\"><img decoding=\"async\" src=\"https:\/\/www.visitloano.it\/wp-content\/uploads\/2021\/06\/Fabio-Palumbo.jpg\" alt=\"\" class=\"wp-image-16077\"\/><\/a><\/figure>\n\n\n\n<p>Un&#8217;altra interessante rassegna libraria \u00e8 quella organizzata da Pro Loco Loano presso il foyer del Giardino del Principe. Si comincia il 25 giugno alle 17.30 con \u201c10. Salire in cima a un&#8217;alta montagna\u201d di Raffaella verga. Presenta Daniela Aicardi, presidente di Fidapa Albenga. Il 15 luglio alle 21 sar\u00e0 la volta di \u201cOmicidio sulla Martesana\u201d di Giuseppe Carfagno. Introduce la presidente di Pro Loco Loano Maria Giuliana Amelotti. Il 22 luglio alle 21 Pier Franco Quaglieni presenter\u00e0 il suo \u201cLa passione per la libert\u00e0\u201d. Conduce la giornalista Grazia Noseda, letture a cura dell&#8217;attrice Giulia Isnardi. Ultimo appuntamento il 9 settembre alle 17.30 con \u201cNel giardino incantato\u201d di Dominic Rolando. Presenta la presidente di Unitre Loano Umberta Bolognesi. Gli incontri sono a ingresso libero fino a esaurimento posti.<\/p>\n\n\n\n<p>E le migliori produzioni letterarie dell&#8217;ultimo periodo saranno al centro della rassegna organizzata dalla Libreria Del Conte. Primo appuntamento domenica 4 luglio con la presentazione de \u201cIl nodo magico\u201d di Cristina Dell&#8217;Acqua. Gioved\u00ec 8 luglio toccher\u00e0 a Giorgio Scianna e al suo \u201cLe api non vedono il rosso\u201d. Il mese si chiuder\u00e0 con la presentazione di \u201cMai stati cos\u00ec uniti\u201d di Simona Siri luned\u00ec 19 luglio. Domenica 1 agosto Cristina Rava presenter\u00e0 \u201cIl pozzo della discordia\u201d. Altri incontri con Marco Ponti e Marina Merletti sono ancora in fase di organizzazione e si dovrebbeo tenere rispettivamente il 17 ed il 24 agosto. Tutti gli appuntamenti si terranno alle 21 nel ridotto del Giardino del Principe.<\/p>\n\n\n\n<p>E&#8217; in programma dal 7 all&#8217;11 luglio a Marina di Loano (ma visibile in streaming da qualsiasi luogo del mondo) l&#8217;edizione 2021 del PreMeeting di Loano, la manifestazione che anticipa i temi del Meeting di Rimini, kermesse che la Fondazione Amicizia fra i Popoli organizza ad agosto di ogni anno a Rimini. L&#8217;iniziativa \u00e8 promossa e realizzata dall&#8217;associazione culturale Cara Belt\u00e0 e dal Banco di Solidariet\u00e0 San Francesco Maria da Camporosso \u201cPadre Santo\u201d di Loano con il contributo dell&#8217;assessorato a turismo, cultura e sport del Comune di Loano, della Marina di Loano, di Regione Liguria. L&#8217;edizione di quest&#8217;anno si intitola \u201cIl coraggio di dire &#8216;io&#8217;\u201d ed \u00e8 tratto da una citazione del \u201cDiario\u201d del filosofo danese S\u00f8ren Kierkegaard. In questo periodo storico difficile e tormentato dove sono in discussione certezze scientifiche, economiche, sociali e stili di vita apparentemente acquisiti, \u00e8 decisivo porre l\u2019attenzione sulla libert\u00e0 dell\u2019uomo e sulla sua vocazione a contribuire alla costruzione di un mondo pi\u00f9 umano.<\/p>\n\n\n\n<p>Marina di Loano sar\u00e0 la location di diversi importanti eventi. Il 30 giugno inaugurer\u00e0 la \u201cLeisure Harbor Exibition\u201d, mostra dei progetti di giovani architetti da tutto il mondo vincitori del concorso di idee \u201cLeisure Harbor\u201d. Spunti e visioni per il restyling di Marina di Loano e la valorizzazione dell&#8217;intero territorio. La mostra sar\u00e0 aperta dall&#8217;1 al 4 luglio, dal 15 al 18 luglio e dal 29 al 1 agosto; poi ancora dal 12 al 15 e dal 26 al 29 agosto e dal 9 al 12 settembre dalle 10 alle 18 nella Main Loggy dello Yacht Club Marina di Loano. L&#8217;ingresso \u00e8 libero.<\/p>\n\n\n\n<p>Dal 14 al 18 luglio a Marina di Loano far\u00e0 tappa \u201cLa Belle Vie Tour\u201d, lo show della compagnia de Le Cirque World\u2019s Top Performers gi\u00e0 protagonista degli spettacoli \u201cAlis\u201d e \u201cTilt\u201d con i migliori artisti de \u201cLe Cirque du Soleil\u201d e dal mondo del circo contemporaneo. Un concetto che, alle arti circensi, unisce cabaret, musica, danza e che si propone di offrire al pubblico anche un prima e un dopo show, grazie alla musica di MC2-Radio Monte Carlo 2, che accompagner\u00e0 l\u2019evento con un music design dedicato. Lo spettacolo va in scena due volte ogni giorno, all\u2019ora dell\u2019aperitivo oppure dopo cena per gustare i drink preparati dai barman e l\u2019accompagnamento musicale. I biglietti (quelli disponibili sono 100 in tutto) sono in prevendita alla Pro Loco di Loano.<\/p>\n\n\n\n<figure class=\"wp-block-image size-large\"><a href=\"https:\/\/www.visitloano.it\/wp-content\/uploads\/2021\/06\/Yamandu-Costa-e-Martin-Sued.jpg\" rel=\"prettyPhoto[gallery-Kwxq]\"><img decoding=\"async\" src=\"https:\/\/www.visitloano.it\/wp-content\/uploads\/2021\/06\/Yamandu-Costa-e-Martin-Sued-1024x536.jpg\" alt=\"\" class=\"wp-image-16090\"\/><\/a><\/figure>\n\n\n\n<p>Dal 20 al 22 luglio sempre Marina di Loano ospiter\u00e0 \u201cCubo Live\u201d, la nuova rassegna di spettacoli dal vivo promossa da Cubo sul territorio nazionale in location particolarmente suggestive. Cantanti pop, concerti jazz, letture teatrali e conversazioni con artisti internazionali daranno vita a 15 serate indimenticabili per vivere nuovamente gli eventi in presenza. Il 20 luglio presso lo Yacht Club Marina di Loano Loano si esibiranno Yamandu Costa &amp; Martin Sued, mentre il 21 luglio toccher\u00e0 a Igudesman &amp; Joo con lo spettacolo \u201cPlay It Again\u201d. Infine, il 22 luglio toccher\u00e0 a Aljazzeera feat. Frankie Hi-Nrg Mc e Giorgio Li Calzi.<\/p>\n\n\n\n<figure class=\"wp-block-image size-large\"><a href=\"https:\/\/www.visitloano.it\/wp-content\/uploads\/2021\/06\/Aljazzeera-Feat.-Frankie-Hi-NRG-MC-e-Giorgio-Li-Calzi.jpg\" rel=\"prettyPhoto[gallery-Kwxq]\"><img decoding=\"async\" src=\"https:\/\/www.visitloano.it\/wp-content\/uploads\/2021\/06\/Aljazzeera-Feat.-Frankie-Hi-NRG-MC-e-Giorgio-Li-Calzi-1024x536.jpg\" alt=\"\" class=\"wp-image-16073\"\/><\/a><\/figure>\n\n\n\n<p>Dopo lo stop del 2020 riparte anche dal vivo il Premio Nazionale Citt\u00e0 di Loano per la Musica Tradizionale Italiana, principale riconoscimento in Italia per la musica folk. Nel lungo isolamento dell\u2019anno scorso il Premio non ha interrotto la sua attivit\u00e0 di osservatorio permanente sulle musiche di tradizione, e ricomincia nel segno di uno \u201csguardo a Sud\u201d, in un percorso ideale che unisce la Liguria con il Mezzogiorno, il trallalero genovese con la pizzica salentina e la tammurriata. In cartellone la Nuova Compagnia di Canto Popolare di Fausta Vetere (Premio alla Carriera) e il nuovissimo \u201cA Sud di Bella Ciao\u201d, vero spettacolo all-star del folk italiano, con tra gli altri Riccardo Tesi, Elena Ledda, Lucilla Galeazzi e Mario Incudine; i Fratelli Mancuso, vincitori del Premio Loano 2020; Laura Parodi (Premio alla Realt\u00e0 Culturale) con Gruppo Spontaneo Trallalero e Laura Parodi Trio, per approfondire l\u2019universo della canzone urbana genovese; la Liguria che guarda alla Turchia di Cabit. E ancora i vincitori del Premio Giovani Setak e Linguamadre, progetto tutto dedicato al \u201cCanzoniere Italiano\u201d di Pier Paolo Pasolini, l\u2019energia della giovanissima big band folk Musica Spiccia; e poi incontri, chiacchierate, per tornare ad ascoltare, tutti insieme, il meglio della musica popolare italiana.<\/p>\n\n\n\n<figure class=\"wp-block-image size-large\"><a href=\"https:\/\/www.visitloano.it\/wp-content\/uploads\/2021\/06\/LinguaMadre-foto-Valeria-Taccone.jpg\" rel=\"prettyPhoto[gallery-Kwxq]\"><img decoding=\"async\" src=\"https:\/\/www.visitloano.it\/wp-content\/uploads\/2021\/06\/LinguaMadre-foto-Valeria-Taccone-1024x683.jpg\" alt=\"\" class=\"wp-image-16083\"\/><\/a><\/figure>\n\n\n\n<p>La 17^ edizione del Premio prender\u00e0 il via luned\u00ec 26 luglio alle 18 al Giardino del Principe con \u201cIl Premio incontra\u2026 Fausta Vetere\u201d, una chiacchierata fatta di \u201cparole e musica\u201d con la storica voce della Nuova Compagnia di Canto Popolare, Premio alla Carriera 2021. Alle 21.30 in piazza Italia si terr\u00e0 il concerto della Nuova Compagnia di Canto Popolare: il gruppo pi\u00f9 importante del folk revival del Sud Italia si esibir\u00e0 tra classici del passato e i brani del recente Napoli 1534, tra moresche e villanelle. Durante la serata verr\u00e0 consegnato il Premio alla Carriera 2021 a Fausta Vetere. Marted\u00ec 27 luglio alle 18 sempre al Giardino del Principe nuovo appuntamento con \u201cIl Premio incontra\u201d e alle 21.30 in piazza Italia concerto di Setak: dall\u2019Abruzzo canzoni in dialetto con un\u2019anima folk-blues. Nel corso della serata verr\u00e0 consegnato a Setak il Premio Loano Giovani 2019. Alle 22.30 in piazza Italia concerto di Enzo e Lorenzo Mancuso, maestri del folk siciliano, presentano il nuovo album Manzam\u00e0, arrangiato da Franco Battiato, Premio Loano 2020. Seguir\u00e0 la consegna del Premio Miglior Album 2020 ai Fratelli Mancuso.<\/p>\n\n\n\n<figure class=\"wp-block-image size-large\"><a href=\"https:\/\/www.visitloano.it\/wp-content\/uploads\/2021\/06\/Enzo-e-Lorenzo-Mancuso-Rid.jpg\" rel=\"prettyPhoto[gallery-Kwxq]\"><img decoding=\"async\" src=\"https:\/\/www.visitloano.it\/wp-content\/uploads\/2021\/06\/Enzo-e-Lorenzo-Mancuso-Rid-1024x683.jpg\" alt=\"\" class=\"wp-image-16076\"\/><\/a><\/figure>\n\n\n\n<p>Mercoled\u00ec 28 luglio ancora alle 18 al Giardino del Principe nuovo appuntamento con \u201cIl Premio incontra\u201d e alle 21.30 in piazza Italia concerto di Cabit: la Liguria dialoga con la musica del Mar Nero e dell\u2019Anatolia, fra tradizione e innovazione. Gioved\u00ec 29 luglio alle 18 al Giardino del Principe \u201cIl Premio incontra\u2026 Lucilla Galeazzi e Piero G. Arcangeli\u201d. Verr\u00e0 presentato il progetto \u201cDonna, voja e fronna\u2026\u201d dedicato alla tradizione umbra, di Lucilla Galeazzi, Piero G. Arcangeli e UmbriaEnsemble, Premio come Miglior Album 2019. Alle 21.30 in piazza Italia concerto di \u201cA Sud di Bella Ciao\u201d, una all-star del folk italiano (con Riccardo Tesi, Elena Ledda, Lucilla Galeazzi, Mario Incudine, Alessio Lega, Claudio Carboni, Maurizio Geri e Gigi Biolcati) alle prese con i classici della musica popolare. Verr\u00e0 consegnato a Lucilla Galeazzi e Piero G. Arcangeli il Premio per il Miglior Album 2019. Ultima giornata del Premio venerd\u00ec 30 luglio. Si comincia alle 18 al Giardino del Principe con \u201cIl Premio incontra\u2026 Laura Parodi\u201d: il Premio alla Realt\u00e0 Cultura 2021 sar\u00e0 protagonista di una conversazione intorno al trallalero genovese. Alle 18.45 sempre al Principe concerto di \u201cLinguamadre\u201d con Elsa Martin, il Duo Botatsso e Davide Ambrogio. Verr\u00e0 consegnato a Linguamadre il Premio Loano Giovani 2020.Alle 21.30 in piazza Italia concerto del Gruppo Spontaneo Trallalero e Laura Parodi Trio: durante la serata la tradizione di canto genovese guarder\u00e0 al futuro. Alle 22.30 concerto di Musica Spiccia, big band folk, giovanissima e irresistibile, per chiudere il Premio Loano 2021.<\/p>\n\n\n\n<p>Sempre sul fronte musicale, il ridotto del Giardino del Principe ospiter\u00e0 un ciclo di concerti promossi dall&#8217;Associazione Musicale Santa Maria Immacolata diretta dal maestro Davide Nari. Per tre venerd\u00ec di luglio (sempre a partire dalle 21.15) nell&#8217;arena estiva loanese si esibir\u00e0 un ensemble che regaler\u00e0 al pubblico un momento di affascinante intrattenimento musicale. Venerd\u00ec 9 luglio si terr\u00e0 il concerto de \u201cInsolito Duo\u201d composto da Giovanni Sardo (violino) e Sergio Scappini (fisarmonica) e del \u201cTrio Panamericano\u201d formato da Elena Bacchiarello (clarinetto), Davide Nari (saxofono) e Federico (pianoforte). Venerd\u00ec 16 luglio toccher\u00e0 ad \u201cArthur&#8217;s Trio\u201d formato da Eliana Zunino (voce), Stefano Guazzo (saxofono) e Giangi Sainato (chitarra). Chiude la rassegna venerd\u00ec 23 luglio il concerto del \u201cSimone Faedda Trio\u201d con Simone Faedda (chitarra), Giampaolo Casati (tromba) e Aldo Zunino (contrabbasso).<\/p>\n\n\n\n<p>Il 9 luglio ed il 5 agosto la grande musica incontrer\u00e0 la magia dell&#8217;alba grazie ai due \u201cConcerti all&#8217;alba\u201d organizzati in collaborazione con Eccoci Eventi. Protagonista del doppio appuntamento sul Molo Kursaal sar\u00e0 il 2Vintage formato da Loredana Cardona (flauto) e Metella Pettazzi (arpa).<\/p>\n\n\n\n<p>Quest&#8217;estate torneranno anche gli appuntamenti di \u201cFinalmente Venerd\u00ec\u201d, la rassegna musicale promossa dall&#8217;assessorato al turismo, cultura e sport del Comune di Loano in collaborazione con l&#8217;Agenzia Eccoci Eventi. L&#8217;appuntamento negli ultimi anni ha riscosso grande consenso di pubblico: si alterneranno gruppi e interpreti di ogni genere, che offriranno un piacevole intrattenimento a turisti e residenti. Si comincia il 5 agosto in piazza Italia con il concerto di Erminio Sinni, vincitore di \u201cThe Voice Senior\u201d. Il 6 agosto alle 21 sempre in piazza Italia si terr\u00e0 il concerto di \u201cThe Shalalalas Duo\u201d. Sabato 14 agosto \u00e8 in programma il \u201cLike a Diamond Live Concert\u201d con il Nicole Magolie Quartet. Il 20 agosto si esibir\u00e0 Federico Strag\u00e0, mentre il 27 agosto sar\u00e0 la volta dei \u201cRagazzi di Periferia\u201d. Il 3 ed il 10 settembre doppia serata tutta dedicata al cabaret.<\/p>\n\n\n\n<p>Domenica 27 giugno Loano ospiter\u00e0 \u201cBe Mini\u201d, il raduno degli appassionati delle celebri \u201ccompatte\u201d britanniche organizzato dall&#8217;associazione Be Mini Club di Como. Partecipanti e auto si ritroveranno alle 9 in piazza Italia. Dopo l&#8217;accredito e la colazione, i proprietari effettueranno in giro del borgo mentre le loro splendide auto daranno bella mostra di s\u00e9 nella principale piazza cittadina. Alle 10 si metteranno al volante per una \u201cMini giro\u201d per le strade loanesi. Alle 11.30 si sposteranno presso il BeeFly di Marina di Loano per aperitivo e pranzo e, a seguire, un pomeriggio di relax in spiaggia. Il raduno \u00e8 aperto a tutti i proprietari di Mini.<\/p>\n\n\n\n<p>In occasione della \u201cFesta nazionale delle Pro Loco\u201d, domenica 11 luglio a partire dalle 8.30 \u00e8 prevista una escursione a piedi a San Damiano. L&#8217;uscita \u00e8 organizzata da Pro Loco Loano.<\/p>\n\n\n\n<p>Il 12 agosto fanno tappa a Loano il cabaret e l&#8217;animazione del \u201cSummer Tour 2021\u201d che quest&#8217;anno consister\u00e0 in uno spettacolo itinerante che, a partire dalle 18, toccher\u00e0 piazza Italia, piazza Massena, Orto Maccagli, piazza Rocca e ancora piazza Italia.<\/p>\n\n\n\n<p>Il 29 agosto in piazza Italia si terr\u00e0 la quinta edizione di Miss Riviera delle Palme, il concorso di bellezza organizzato dall\u2019associazione Vecchia Loano. Durante il contest verr\u00e0 eletta anche la Reginetta del Carnevaloa. La stessa serata varr\u00e0 come finale regionale di \u201cUna ragazza per il cinema\u201d.<\/p>\n\n\n\n<p>Domenica 5 settembre dalle 18 alle 20 in diretta su Facebook si terr\u00e0 l&#8217;edizione 2021 di \u201cUna vela per la donna\u201d, l&#8217;iniziativa lanciata dall&#8217;assessorato alle pari opportunit\u00e0 e relativi diritti del Comune di Genova insieme all\u2019assessorato alle politiche sociali e giovanili del Comune di Loano su iniziativa delle associazioni Liguria Giovane, Sons of the Ocean e Hakuna Matata. Il progetto \u201cUna Vela per la donna\u201d dar\u00e0 la possibilit\u00e0 alle donne vittime di violenza, in contatto con i centri antiviolenza e le case protette, di trascorrere una giornata velica in modo gratuito e riservato per poter vivere un momento di benessere e svago.<\/p>\n\n\n\n<p>L&#8217;estate loanese offrir\u00e0 anche molte occasioni per fare shopping. Ogni seconda domenica del mese dalle 9 alle 19 sotto i portici di corso Europa e nei vicini giardini \u201cBestoso\u201d torner\u00e0 il Mercatino di Antichit\u00e0 e Collezionismo organizzato dall&#8217;Associazione Culturale e Ricreativa E20 Free. Decine di espositori presenteranno una selezionata raccolta di mobili, argenti, quadri, tappeti e oggetti dal sapore antico e ricchi di fascino. Nel mercatino troveranno posto curiosit\u00e0 e \u201ccose della nonna\u201d, ma anche oggetti da collezione e di modernariato. Tutti i venerd\u00ec d&#8217;estate dalle 17 in piazza Massena torner\u00e0 \u201cMestieri in piazza\u201d, il mercatino degli artigiani e degli artisti organizzato dall&#8217;associazione Artigianalmente. Artigiani professionisti ed artisti specializzati esporranno i frutti del loro ingegno e della loro abilit\u00e0 nella piazzetta cuore del centro storico loanese. Sulle bancarelle si potranno trovare opere di scultura, pittura, disegno, incisione ed arti figurative oltre a ceramiche dipinte, oggetti intagliati nel legno, vetro dipinto, borse e cinture realizzate con il cuoio e bigiotteria d\u2019arte.<\/p>\n\n\n\n<p>Non mancheranno gli appuntamenti enogastronomici. Il 9 e 10 luglio nel cortile della chiesa \u201cdei Cappuccini\u201d si terr\u00e0 la \u201cSagra di San Francesco\u201d. Nella stessa location, ma dal 15 al 17 luglio, torna invece la celebre sagra \u201cQuellu cu passa u cunventu\u201d. Chiude la serie delle feste della parrocchia di Santa Maria Immacolata di via dei Gazzi la \u201cSagra della trenetta\u201d in programma dal 4 al 6 agosto. A settembre tornano i due tradizionali appuntamenti enogastronomici di Verzi organizzati dal Verzi Group: dall&#8217;8 al 10 settembre si terr\u00e0 la \u201cSagra dell&#8217;Otto\u201d mentre dal 15 al 17 settembre torna la \u201cSagra di Santa Libera\u201d.<\/p>\n\n\n\n<p>E nella \u201cLoano Citt\u00e0 dello Sport\u201d non potevano mancare gli appuntamenti sportivi. Dal 2 al 4 luglio il PalaGarassini ospiter\u00e0 il \u201cTorneo di Basket Over\u201d organizzato dall&#8217;Asd Maxi Basket Milano Over 55. Dal 2 al 7 luglio lo stadio \u201cGiorgio Ellena\u201d di Loano ospiter\u00e0 il primo \u201cJuventus Summer Camp\u201d della Liguria. Nel corso delle sei giornate si alterneranno allenamenti e momenti ludici durante i quali i ragazzi saranno impegnati in giochi e competizioni coinvolgenti, diventando i veri protagonisti della vacanza.Durante l&#8217;attivit\u00e0 i ragazzi saranno seguiti da uno staff qualificato Juventus e da personale medico, al fine di garantire la totale sicurezza e tutela dei partecipanti. Il 10 e 11 luglio il bocciodromo di via Alba ospiter\u00e0 la Final Four che assegner\u00e0 lo scudetto di Serie A maschile volo di bocce. Si affronteranno BRB Ivrea (To), La Perosina Boulenciel (To), Crc Gaglianico (Bi) e Noventa di Piave (Ve). Dal 6 al 17 luglio sempre il palazzetto dello sport loanese sar\u00e0 la location di \u201cAcademy Summer Camp 2021\u201d dell&#8217;Asd Granda Volley. Sabato 21 agosto torna uno degli appuntamenti classici dello sport loanese: il Marina Classic organizzato dall&#8217;Asd RunRivieraRun all&#8217;interno di Marina di Loano. Dal 23 al 28 agosto al PalaGarassini spazio al campus estivo dell&#8217;Asd Twirling Candiolo.<\/p>\n\n\n\n<p>Per tutta l&#8217;estate il Parco Don Leone Grossi ospiter\u00e0 spettacoli e show dedicati ai pi\u00f9 piccini. Tante magiche serate di divertimento per tutta la famiglia.<\/p>\n","protected":false},"excerpt":{"rendered":"<p>Lots of events for all tastes<\/p>","protected":false},"author":3,"featured_media":16197,"comment_status":"closed","ping_status":"closed","sticky":false,"template":"","format":"standard","meta":{"footnotes":""},"categories":[1],"tags":[],"class_list":{"0":"post-16071","1":"post","2":"type-post","3":"status-publish","4":"format-standard","5":"has-post-thumbnail","7":"category-news"},"_links":{"self":[{"href":"https:\/\/www.visitloano.it\/en\/wp-json\/wp\/v2\/posts\/16071","targetHints":{"allow":["GET"]}}],"collection":[{"href":"https:\/\/www.visitloano.it\/en\/wp-json\/wp\/v2\/posts"}],"about":[{"href":"https:\/\/www.visitloano.it\/en\/wp-json\/wp\/v2\/types\/post"}],"author":[{"embeddable":true,"href":"https:\/\/www.visitloano.it\/en\/wp-json\/wp\/v2\/users\/3"}],"replies":[{"embeddable":true,"href":"https:\/\/www.visitloano.it\/en\/wp-json\/wp\/v2\/comments?post=16071"}],"version-history":[{"count":0,"href":"https:\/\/www.visitloano.it\/en\/wp-json\/wp\/v2\/posts\/16071\/revisions"}],"wp:featuredmedia":[{"embeddable":true,"href":"https:\/\/www.visitloano.it\/en\/wp-json\/"}],"wp:attachment":[{"href":"https:\/\/www.visitloano.it\/en\/wp-json\/wp\/v2\/media?parent=16071"}],"wp:term":[{"taxonomy":"category","embeddable":true,"href":"https:\/\/www.visitloano.it\/en\/wp-json\/wp\/v2\/categories?post=16071"},{"taxonomy":"post_tag","embeddable":true,"href":"https:\/\/www.visitloano.it\/en\/wp-json\/wp\/v2\/tags?post=16071"}],"curies":[{"name":"wp","href":"https:\/\/api.w.org\/{rel}","templated":true}]}}