{"id":12640,"date":"2018-11-20T09:08:51","date_gmt":"2018-11-20T08:08:51","guid":{"rendered":"https:\/\/www.visitloano.it\/?p=12640"},"modified":"2018-11-20T09:08:51","modified_gmt":"2018-11-20T08:08:51","slug":"enchantments-christmas-2018","status":"publish","type":"post","link":"https:\/\/www.visitloano.it\/en\/12640\/news\/incanti-natale-2018\/","title":{"rendered":"{:en}Christmas Enchantments 2018{:}"},"content":{"rendered":"<p>{:it}Il villaggio di Natale, i concerti di musica sacra, le iniziative per bambini e famiglie, le presentazioni di libri, le visite ai presepi, gli appuntamenti sportivi, il cimento invernale di nuoto, una interessantissima mostra artistico-musicale e, come da tradizione, uno spumeggiante veglione di capodanno in piazza per salutare l&#8217;anno vecchio ed uno spettacolo pirotecnico per dare il benevenuto all&#8217;anno nuovo. Loano si prepara a tuffarsi nell&#8217;atmosfera natalizia con \u201cIncanti di Natale\u201d, il ricchissimo calendario di eventi organizzati dall&#8217;assessorato a turismo, cultura e sport del Comune per allietare le festivit\u00e0 di loanesi ed ospiti.<\/p>\n<p>\u201cAnche quest&#8217;anno \u2013 spiega il sindaco di Loano Luigi Pignocca \u2013 grazie alla fondamentale collaborazione con le associazioni e le tante realt\u00e0 della nostra citt\u00e0 siamo riusciti a predisporre un calendario di eventi natalizi assolutamente ricco e vario. Per la nostra amministrazione investire sul turismo \u00e8 fondamentale e perci\u00f2 anche per il 2018 non ci siamo fatti mancare nulla: dal mercatino Villaggio Magie di Natale alla mostra &#8216;Voci su Tela&#8217; al capodanno in piazza in diretta su M2O alle tantissime altre iniziative, piccole e grandi, che accompagneranno i nostri concittadini ed i nostri ospiti fino a gennaio ed anche oltre. Il mio ringraziamento va all&#8217;assessorato al turismo e a tutti gli uffici, che anche in occasione di queste feste sono riusciti ad elaborare un programma di eventi unico nel panorama della nostra provincia\u201d.<\/p>\n<p>\u201cIl &#8216;villaggio turistico&#8217; di Loano non chiude mai, nemmeno a Natale \u2013 aggiunge l&#8217;assessore a turismo, cultura e sport Remo Zaccaria \u2013 Da fine novembre a fine gennaio la nostra citt\u00e0 sar\u00e0 animata da tantissimi eventi culturali, sportivi, di intrattenimento in grado di accontentare tutti i gusti, da quelli delle famiglie a quelli dei pi\u00f9 giovani. Praticamente non c&#8217;\u00e8 giorno senza un evento o una manifestazione ad allietare l&#8217;atmosfera di questo periodo dell&#8217;anno gi\u00e0 cos\u00ec speciale. Siamo certi che anche quest&#8217;anno la nostra citt\u00e0 sar\u00e0 una meta irrinunciabile per chiunque desideri trascorrere le festivit\u00e0 natalizie con gioia e spensieratezza\u201d.<\/p>\n<p>Si comincia sabato 24 novembre alle 17.30 con l&#8217;inaugurazione dell&#8217;ottavo mercatino Villaggio Magie di Natale, promosso dall&#8217;associazione Centro Culturale Polivalente di Loano. All&#8217;interno dei Giardini San Josemaria Escriv\u00e0 \u00e8 stato ricreato un vero e proprio villaggio natalizio di sapore nord-europeo: le casette di legno proporranno tante idee-regalo come articoli natalizi fatti a mano, presepi, candele, giocattoli da collezione, foto ricordo e calendari personalizzati con Babbo Natale, bijoux, oggettistica d&#8217;arte, quadri, giochi didattici e prodotti locali. Senza dimenticare le golosit\u00e0 dello street-food con le quali accompagnare lo shopping tra le casette.<\/p>\n<p>Le decorazioni luminose che abbelliscono lo spazio sono state realizzate a mano da alcune volontarie, guidate dalla creativit\u00e0 e abilit\u00e0 di Giovina Mannelli, e da sole rappresentano un motivo di visita del mercatino. Babbo Natale attender\u00e0 i bambini nella sua accogliente casetta per fare con loro una foto e per raccogliere le letterine di Natale. Sotto un albero incantato, un elfo trucca-bimbi giocher\u00e0 con i pi\u00f9 piccini. Al centro della vasca della fontana una scintillante slitta di Babbo Natale sar\u00e0 a disposizione di chiunque desideri fare una fotografia.<\/p>\n<p>Incorniciato da una scenografia da fiaba, il mercatino offrir\u00e0 un programma di intrattenimento per tutta la famiglia. I pomeriggi di shopping saranno accompagnati da eventi musicali e da animazioni per i pi\u00f9 piccini. Il ricco programma di intrattenimento vedr\u00e0 protagonista gli eccezionali giocolieri di \u201cCirco Incerto\u201d, che si esibiranno ogni partire dalle 16 tutti i sabati di dicembre. Mercoled\u00ec 26 dicembre sempre dalle 16 l&#8217;associazione Tazmania dar\u00e0 vita ad un coinvolgente spettacolo con magie, bolle di sapone e palloncini. Domenica 30 dicembre alle 16 l&#8217;animazione sar\u00e0 a cura dell&#8217;associazione Modern Jazz Dance di Teo Chirico. Marted\u00ec 1 gennaio nuovo spettacolo per bambini a cura dell&#8217;associazione Tazmania. Si chiude domenica 6 dicembre alle 16 con l&#8217;arrivo della Befana, accompagnato da \u201cciapellette\u201d e tanta musica e divertimento.<\/p>\n<p>Il Villaggio Magie di Natale rester\u00e0 aperto nei giorni 1 e 2 dicembre, dal 7 al 9 dicembre, il 15 e 16 dicembre e dal 21 dicembre al 6 gennaio dalle 15 alle 19.30.<\/p>\n<p><a href=\"https:\/\/www.visitloano.it\/wp-content\/uploads\/2018\/11\/Villaggio-Magie-Natale-001.jpg\" rel=\"prettyPhoto[gallery-7F4P]\"><img loading=\"lazy\" decoding=\"async\" class=\"size-medium wp-image-12644 aligncenter\" src=\"https:\/\/www.visitloano.it\/wp-content\/uploads\/2018\/11\/Villaggio-Magie-Natale-001-300x300.jpg\" alt=\"\" width=\"300\" height=\"300\" \/><\/a><\/p>\n<p>A sancire l&#8217;inizio \u201cufficiale\u201d delle festivit\u00e0 sar\u00e0 la cerimonia di accensione delle \u201cMille luci delle Feste\u201d, in programma gioved\u00ec 6 dicembre. Alle 17 il sindaco Luigi Pignocca accender\u00e0 il grande albero di piazza Italia e le splendide illuminazioni artistiche che fino a gennaio vestiranno a festa l&#8217;intera citt\u00e0 e che avr\u00e0 tra i suoi punti di maggiore interesse la grande \u201cpallina tridimensionale\u201d di piazza Rocca. L&#8217;accensione delle luci sar\u00e0 accompagnata dai canti degli alunni dell&#8217;istituto comprensivo di Loano-Boissano (dalle 14.30) e dal concerto di \u201cU Gunbu de L\u00f6a-Verzi\u201d.<\/p>\n<p>Quest&#8217;anno gli \u201cIncanti di Natale\u201d saranno arricchiti da \u201cVoci su Tela\u201d, la mostra d&#8217;arte che dal 7 dicembre 2018 al 6 gennaio 2019 trover\u00e0 spazio nella Sala del Mosaico di Palazzo Doria a Loano. L&#8217;esposizione, promossa dall&#8217;assessorato a turismo, cultura e sport in collaborazione con Dimensione Eventi, \u00e8 stata curata da Massimo Cotto, noto giornalista, conduttore radiofonico, critico musicale, assessore alla cultura del Comune di Asti e, in questa occasione, anche ideatore dell&#8217;intero progetto.<\/p>\n<p>\u201cVoci su Tela\u201d \u00e8 la pi\u00f9 grande collezione al mondo di opere d&#8217;arte realizzate da artisti straordinari noti al grande pubblico per un&#8217;altra arte: quella della musica. Grandi nomi della musica internazionale di tutti i tempi sono i protagonisti di una collezione di oltre 150 opere raccolte da Massimo Cotto in oltre 20 anni di lavoro. Nel corso della sua ventennale carriera, Cotto ha chiesto a cantanti, musicisti ed artisti dai diversi caratteri e dai diversi stili di produrre un&#8217;opera propria. Obiettivo? Dare vita ad un progetto espositivo con finalit\u00e0 benefiche, in aiuto a diverse realt\u00e0 che \u201crendono la vita migliore agli altri\u201d.<\/p>\n<p>La collezione \u00e8 impreziosita poi da opere di personaggi televisivi e radiofonici come il giornalista Vincenzo Mollica, lo scrittore ed autore Giorgio Faletti ed il premio Nobel Dario Fo. Accogliendo la finalit\u00e0 benefica alla base del progetto artistico, Dimensione Eventi devolver\u00e0 in beneficenza all&#8217;associazione DopoDomani Onlus i proventi delle \u201cofferte libere\u201d dei visitatori. La mostra sar\u00e0 aperta tutti i giorni (ad eccezione del 25 dicembre 2018 e dell&#8217;1 gennaio 2019) dalle 10 alle 13 e dalle 15 alle 19. L&#8217;ingresso \u00e8 gratuito.<\/p>\n<p>Anche quest&#8217;anno nel parcheggio di Marina di Loano trover\u00e0 spazio una splendida pista di pattinaggio su ghiaccio aperta a grandi e piccini. I pi\u00f9 giovani e i meno esperti potranno cimentarsi nello \u201cskating on ice\u201d grazie ai \u201cpinguini\u201d che aiuteranno i principianti a mantenersi in equilibrio. A rendere ancora pi\u00f9 speciale l&#8217;esperienza di pattinare sul ghiaccio a due passi dal mare sar\u00e0 l&#8217;incantevole illuminazione aristica che fino a gennaio decorer\u00e0 a festa l&#8217;intero porticciolo turistico loanese.<\/p>\n<p><a href=\"https:\/\/www.visitloano.it\/wp-content\/uploads\/2018\/11\/Pista-Pattinaggio-MdL.jpg\" rel=\"prettyPhoto[gallery-7F4P]\"><img loading=\"lazy\" decoding=\"async\" class=\"size-medium wp-image-12643 aligncenter\" src=\"https:\/\/www.visitloano.it\/wp-content\/uploads\/2018\/11\/Pista-Pattinaggio-MdL-300x300.jpg\" alt=\"\" width=\"300\" height=\"300\" \/><\/a><\/p>\n<p>Sabato 22 dicembre a partire dalle 18 al PalaGarassini si terr\u00e0 la \u201cFesta Solidale\u201d con finalit\u00e0 benefica organizzata ogni anno dall&#8217;amministrazione comunale con la collaborazione di numerose realt\u00e0 del territorio. Rispetto alle due edizioni precedenti, quest&#8217;anno la festa avr\u00e0 un \u201cformat\u201d completamente rinnovato ed ancora pi\u00f9 coinvolgente.<\/p>\n<p>Venerd\u00ec 28 dicembre si terr\u00e0 la 32^ edizione del Cimento Invernale di Nuoto: a partire dalle 10 presso i Bagni Medusa decine di appassionati cimentisti si metteranno alla prova affrontando il tradizionale \u201ctuffo in mare\u201d di fine anno.<\/p>\n<p>Il mese di dicembre si concluder\u00e0 con lo straordinario capodanno in piazza Italia, che quest&#8217;anno sar\u00e0 trasmesso in diretta radiofonica nazionale sulle frequenze di M2O e avr\u00e0 come ospiti tre fantastici dj come Ren\u00e8e la Bulgara, Chiara Robiony e Andrea Mattei. La festa, organizzata dall&#8217;assessorato a turismo, cultura e sport del Comune di Loano con la collaborazione di Dimensione Eventi prender\u00e0 il via il 31 dicembre alle 22.15 in piazza Italia, proprio davanti al municipio di Palazzo Doria: qui verr\u00e0 posizionato lo scenografico palco-truck che sar\u00e0 il fulcro della serata. In caso di maltempo, il 30 dicembre gli organizzatori decideranno se spostare l&#8217;evento all&#8217;interno del palazzetto dello sport, in modo da garantire lo svolgimento della festa in qualunque condizione atmosferica.<\/p>\n<p><a href=\"https:\/\/www.visitloano.it\/wp-content\/uploads\/2018\/11\/Locandina.jpg\" rel=\"prettyPhoto[gallery-7F4P]\"><img loading=\"lazy\" decoding=\"async\" class=\"size-medium wp-image-12609 aligncenter\" src=\"https:\/\/www.visitloano.it\/wp-content\/uploads\/2018\/11\/Locandina-300x300.jpg\" alt=\"\" width=\"300\" height=\"300\" \/><\/a><\/p>\n<p>Ad aprire l&#8217;evento sar\u00e0 la band dei Discomania Planet Dance, che proporr\u00e0 uno show all&#8217;insegna della migliore musica dance di tutti i tempi pieno di dinamismo, coinvolgimento e professionalit\u00e0, tutti ingredienti fondamentali per una perfetta serata di divertimento. I Discomania Planet Dance riproducono fedelmente dal vivo i mitici brani del periodo d&#8217;oro della discoteca. Ogni loro spettacolo \u00e8 una festa esplosiva all&#8217;insegna del divertimento e del ballo, con esecuzioni precise ed incalzanti, scalette mixate ed un look accattivante e colorato che riproduce in ogni dettaglio lo stile tipico di quel fantastico periodo musicale.<\/p>\n<p>La band dei Discomania Planet Dance accompagner\u00e0 il pubblico fino a pochi minuti prima dei rintocchi della mezzanotte, quando il countdown verr\u00e0 affidato, con tanto di diretta radiofonica nazionale, a tre dj di una grande radio dance italiana: M20. Ad annunciare il primo minuto del 2019 saranno Ren\u00e8e La Bulgara, Andrea Mattei e Chiara Robiony. La serata continuer\u00e0 ancora in compagnia dei Discomania Planet Dance fino verso le 2 di notte, quando lo spettacolo avr\u00e0 termine.<\/p>\n<p>La festa proseguir\u00e0 il primo gennaio, con gli spettacolari fuochi d&#8217;artificio in programma alle 18.30 circa.<\/p>\n<p><a href=\"https:\/\/www.visitloano.it\/wp-content\/uploads\/2018\/11\/Villaggio-Magie-Natale-003.jpg\" rel=\"prettyPhoto[gallery-7F4P]\"><img loading=\"lazy\" decoding=\"async\" class=\"size-medium wp-image-12646 aligncenter\" src=\"https:\/\/www.visitloano.it\/wp-content\/uploads\/2018\/11\/Villaggio-Magie-Natale-003-300x300.jpg\" alt=\"\" width=\"300\" height=\"300\" \/><\/a><\/p>\n<p>Tra dicembre 2018 e gennaio 2019 si svolger\u00e0 l&#8217;ottava edizione di \u201cLibri sotto l&#8217;Albero\u201d, la rassegna libraria che ogni Natale presenta le migliori produzioni letterarie dell&#8217;ultimo periodo. Si comincia domenica 2 dicembre alle 18 con una \u201cmaratona\u201d dedicata ad Elena Ferrante: dopo gli episodi trasmessi in TV e presentati in anteprima alla Mostra del Cinema di Venezia, verr\u00e0 presentata la quadrilogia della \u201cAmica geniale\u201d. Seguir\u00e0 un aperitivo e le letture \u201cspettacolari\u201d del gruppo spontaneo di lettori #cosavuoichetilegga. Sabato 8 alle 16.30 si terr\u00e0 la presentazione di \u201cDue Amici\u201d, a firma di Stefano Carrara Sutour edito in collaborazione con l&#8217;associazione culturale Lodanum ed il contributo ed il patrocinio dell&#8217;assessorato a turismo, cultura e sport del Comune di Loano. Il volume offre uno ampio e dettaglia ritratto dell&#8217;imprenditoria marittima loanese del XIX secolo tramite il ricordo delle vicende di Giuseppe Carrara, bisnonno dell&#8217;autore, e di Gio Batta Chiozza, suo amico fraterno e socio in affari.<\/p>\n<p>Domenica 9 dicembre alle 16.30 si terr\u00e0 la presentazione di \u201cGli ultimi passi del Sindacone\u201d di Andrea Vitali (Garzanti) mentre sabato 15 dicembre alle 16.30 toccher\u00e0 a \u201cUn lavoro sporco\u201d di Bruno Morchio (Garzanti). Sabato 22 dicembre alle 16.30 si terr\u00e0 \u201cBarchezandu in te Loa\u201d con Riccardo Ferrari che ricoder\u00e0 la figura del professor Antonio Arecco, la sua attivit\u00e0 di storico, ricercatore, studioso e cultore del dialetto locale. Sabato 29 dicembre alle 16.30 sar\u00e0 la volta di \u201cPoesie e musica\u201d, con la lettura di autori classici, contemporanei e locali, nella dolcezza del periodo natalizio, con la musica del maestro Roberto Sinito.<\/p>\n<p>Ultimo appuntamento sabato 5 gennaio alle 18 con la presentazione di \u201cL&#8217;ultimo giorno di sole\u201d di Giorgio Faletti (Baldini e Castoldi). Roberta Bellesini presenter\u00e0 il libro postumo del marito, che prima di essere libro \u00e8 stato (ed \u00e8) uno spettacolo teatrale scritto e pensato per l&#8217;attrice Chiara Buratti. Seguir\u00e0 aperitivo e lo spettacolo \u201cL&#8217;ultimo giorno di sole\u201d scritto da Giorgio Faletti e interpretato da Chiara Buratti. Conduce gli incontri Graziella Frasca Gallo (la gieffegi della Gazzetta di Loano) con accompagnamento musicale e vocale del maestro Roberto Sinito. Tutti gli incontri si concluderanno con un rinfresco.<\/p>\n<p>I libri saranno protagonisti anche delle \u201cLetture Sacre\u201d che si terranno nella chiesetta della Madonna del Loreto domenica 16 e domenica 23 dicembre alle 16.30. Graziella Frasca Gallo proporr\u00e0 poesie di tema sacro e natalizio con l&#8217;accompagnamento musicale rispettivamente della pianista Paola Arecco e della chitarra dodecagonale del maestro Roberto Sinito.<\/p>\n<p>Durante le festivit\u00e0 natalizie il Centro Turistico Giovanile \u201cMonte Carmo\u201d, con il supporto di una guida turistica autorizzata, accompagner\u00e0 turisti e residenti che vogliano approfondire la conoscenza di Loano alla scoperta di \u201cChiese e presepi\u201d della citt\u00e0. Le visite verranno effettuate gioved\u00ec 27 dicembre e gioved\u00ec 3 gennaio, in entrambi i casi con ritrovo alle 9.30 nell&#8217;atrio di Palazzo Doria.<\/p>\n<p>Proseguiranno anche durante il periodo natalizio gli appuntamenti di \u201cLoano non solo mare\u201d, il programma curato dalla sezione loanese del Cai che promuove la pratica escursionistica come occasione di socializzazione, benessere personale, conoscenza e valorizzazione del territorio. Ogni gioved\u00ec le esperte guide del Cai di Loano accompagneranno i partecipanti alla scoperta della natura e dei pi\u00f9 bei panorami del nostro territorio e non solo. Gioved\u00ec 6 dicembre \u00e8 in programma un&#8217;escursione alla scoperta delle borgate di Garlenda, mentre gioved\u00ec 13 dicembre la destinazione della gita saranno Taggia ed il Santuario di Lampedusa. L&#8217;ultima uscita dell&#8217;anno si terr\u00e0 gioved\u00ec 20 dicembre con una giornata al rifugio di Pian delle Bosse.<\/p>\n<p>Arricchiranno il programma culturale delle feste tre conferenze dell&#8217;Unitre di Loano che si svolgeranno nella biblioteca civica \u201cAntonio Arecco\u201d di Palazzo Kursaal: sabato 1 dicembre alle 14.30 Silvina Dell&#8217;Isola interverr\u00e0 su \u201cComunicazione digitale e privacy\u201d; sabato 12 gennaio Giuseppe Corvaglia parler\u00e0 de \u201cL&#8217;evoluzione delle neuroscienze: dagli albori dell&#8217;uomo ai nostri giorni\u201d; sabato 26 gennaio Stefania Lanaro analizzer\u00e0 \u201cLa paura di essere brutti. Immagine corporea e dintorni\u201d.<\/p>\n<p><a href=\"https:\/\/www.visitloano.it\/wp-content\/uploads\/2018\/11\/Locandina-Incanti-di-Natale-2019.jpg\" rel=\"prettyPhoto[gallery-7F4P]\"><img loading=\"lazy\" decoding=\"async\" class=\"size-medium wp-image-12642 aligncenter\" src=\"https:\/\/www.visitloano.it\/wp-content\/uploads\/2018\/11\/Locandina-Incanti-di-Natale-2019-300x300.jpg\" alt=\"\" width=\"300\" height=\"300\" \/><\/a><\/p>\n<p>Negli \u201cIncanti di Natale\u201d trover\u00e0 spazio anche la musica. Sabato 29 dicembre alle 16 nella parrocchia di San Giovanni Battista \u00e8 in programma un concerto della soprano Melissa Briozzo; sabato 5 gennaio alle 17 nell&#8217;oratorio di Nostra Signora del Rosario nuovo appuntamento con \u201cI concerti dei Turchini , Musiche dell&#8217;Anima\u201d con protagonisti \u201cGli Archi di Zinaida\u201d.<\/p>\n<p>Ma gli eventi del periodo natalizio non si esauriscono qui. Domenica 25 novembre dalle 9 alle 19 in corso Roma ed in piazza Mazzini si terr\u00e0 la tradizionale Fiera di Sant&#8217;Andrea. Per tutta la giornata decine di banchi proporranno i migliori capi di abbigliamento per uomo e donna, intimo, calzature, pelletteria, biancheria per la casa, oggettistica, giocattoli, prodotti enogastronomici e molto altro.<\/p>\n<p>Da venerd\u00ec 30 novembre a domenica 2 dicembre al PalaGarassini si terr\u00e0 il Campionato Italiano Paralimpico di nuoto in vasca corta, organizzato in collaborazione del Comitato Italiano Paralimpico.<\/p>\n<p>Luned\u00ec 26 novembre presso la biblioteca civica di Palazzo Kursaal si terr\u00e0 la presentazione di \u201cLa valigia di Adour\u201d di Zita Dazzi (edizioni Il Castoro), racconto che tocca temi fondamentali quali migrazione, amicizia, diversit\u00e0 ed uguaglianza, accoglienza e diritti umani. A seguito della presentazione, la giornalista Grazia Noseda terr\u00e0 il laboratorio di scrittura dal titolo \u201cCome si scrive una recensione di un libro?\u201d. Un gruppo scelto di una quindicina di alunni delle quinte elementari potr\u00e0 partecipare ad laboratorio di due ore durante il quale impareranno a scrivere la \u201crecensione\u201d di un libro. L&#8217;evento rientra nell&#8217;ambito del progetto \u201cIn classe con l&#8217;autore\u201d che si propone l&#8217;obiettivo di \u201cleggere un libro, approfondire un argomento, conoscere l&#8217;autore\u201d. L&#8217;iniziativa rientra nell&#8217;ambito del progetto \u201cLOA Legge a Scuola\u201d, che si propone di incentivare la cultura della lettura tra gli alunni delle scuole elementari e medie della citt\u00e0.<\/p>\n<p>Da venerd\u00ec 7 a domenica 9 dicembre al PalaGuzzetti si terr\u00e0 lo stage di danza classica, contemporanea, moderna ed hip hop \u201cLiguria Dance Inside\u201d a cura dell&#8217;Asd Move Up. Da venerd\u00ec 4 a domenica 6 gennaio, invece, al PalaGarassini si terr\u00e0 uno stage di ginnastica a cura dell&#8217;Asd Gymnica Loano.<\/p>\n<p>Domenica 9 dicembre e domenica 13 gennaio, invece, torner\u00e0 il consueto appuntamento con il Mercatino di Antichit\u00e0 e Collezionismo, appuntamento dedicato all&#8217;antiquariato e agli oggetti da collezione che prender\u00e0 il via alle 8 e proseguir\u00e0 fino alle 20 sotto i portici di corso Europa e nei vicini giardini \u201cBestoso\u201d. Qui oltre 40 espositori presenteranno una selezionata raccolta di mobili, argenti, quadri, tappeti e oggetti dal sapore antico e ricchi di fascino. Nel mercatino troveranno posto curiosit\u00e0 e \u201ccose della nonna\u201d, ma anche oggetti da collezione e di modernariato.<\/p>\n<p>Da gioved\u00ec 27 a sabato 29 dicembre presso il PalaGarassini si svolger\u00e0 il torneo di calcio giovanile Citt\u00e0 di Loano &#8211; Trofeo \u201cEttore Mussi\u201d organizzato dall&#8217;Asd Loanesi San Francesco e riservato alle categorie Pulcini e Piccoli Amici.<\/p>\n<p>Domenica 30 dicembre alle 16 in piazza Italia si rinnova l&#8217;appuntamento con \u201cRacconti d&#8217;inverno\u201d, iniziativa musicale promossa dall&#8217;assessorato a turismo, cultura e sport e organizzata dall&#8217;Associazione Compagnia dei Curiosi con la collaborazione dell&#8217;associazione \u201cBala in riva a u ma\u201d.<\/p>\n<p>Ultimo appuntamento domenica 27 gennaio alle 15.30 in piazza Italia con l&#8217;apertura della 28^ edizione del CarnevaL\u00f6a, la grande manifestazione organizzata dall&#8217;associazione Vecchia Loano con il contributo dell&#8217;assessorato al turismo, cultura e sport del Comune di Loano. A dare il via ai festeggiamenti sar\u00e0 la cerimonia della \u201cconsegna delle chiavi\u201d da parte del sindaco di Loano, Luigi Pignocca, al Beciancin (maschera ufficiale del Carnevaloa) e alle altre due maschere Capitan Fracassa (maschera ligure della Commedia dell&#8217;Arte) e a Pue Pepin (il Re del Carnevale). Alla cerimonia partecipano numerose maschere ospiti provenienti, oltre che dalla Liguria, anche da Piemonte, Lombardia ed Emilia.<\/p>\n<p><a href=\"https:\/\/www.visitloano.it\/wp-content\/uploads\/2018\/11\/comune-loano-natale-A3-1118.pdf\">Qui<\/a> tutto il programma.{:}<\/p>\n","protected":false},"excerpt":{"rendered":"<p>{:en}The Christmas village, concerts of sacred music, initiatives for children and families, book presentations, visits to cribs, sporting events, the winter cimento of...<\/p>","protected":false},"author":3,"featured_media":12645,"comment_status":"open","ping_status":"open","sticky":false,"template":"","format":"standard","meta":{"footnotes":""},"categories":[1],"tags":[],"class_list":{"0":"post-12640","1":"post","2":"type-post","3":"status-publish","4":"format-standard","5":"has-post-thumbnail","7":"category-news"},"_links":{"self":[{"href":"https:\/\/www.visitloano.it\/en\/wp-json\/wp\/v2\/posts\/12640","targetHints":{"allow":["GET"]}}],"collection":[{"href":"https:\/\/www.visitloano.it\/en\/wp-json\/wp\/v2\/posts"}],"about":[{"href":"https:\/\/www.visitloano.it\/en\/wp-json\/wp\/v2\/types\/post"}],"author":[{"embeddable":true,"href":"https:\/\/www.visitloano.it\/en\/wp-json\/wp\/v2\/users\/3"}],"replies":[{"embeddable":true,"href":"https:\/\/www.visitloano.it\/en\/wp-json\/wp\/v2\/comments?post=12640"}],"version-history":[{"count":0,"href":"https:\/\/www.visitloano.it\/en\/wp-json\/wp\/v2\/posts\/12640\/revisions"}],"wp:featuredmedia":[{"embeddable":true,"href":"https:\/\/www.visitloano.it\/en\/wp-json\/"}],"wp:attachment":[{"href":"https:\/\/www.visitloano.it\/en\/wp-json\/wp\/v2\/media?parent=12640"}],"wp:term":[{"taxonomy":"category","embeddable":true,"href":"https:\/\/www.visitloano.it\/en\/wp-json\/wp\/v2\/categories?post=12640"},{"taxonomy":"post_tag","embeddable":true,"href":"https:\/\/www.visitloano.it\/en\/wp-json\/wp\/v2\/tags?post=12640"}],"curies":[{"name":"wp","href":"https:\/\/api.w.org\/{rel}","templated":true}]}}