{"id":12073,"date":"2018-06-28T13:31:43","date_gmt":"2018-06-28T11:31:43","guid":{"rendered":"https:\/\/www.visitloano.it\/?p=12073"},"modified":"2018-06-28T13:31:43","modified_gmt":"2018-06-28T11:31:43","slug":"loano-pre-meeting-2018","status":"publish","type":"post","link":"https:\/\/www.visitloano.it\/en\/12073\/news\/pre-meeting-loano-2018\/","title":{"rendered":"Pre-Meeting of Loano 2018"},"content":{"rendered":"<p>{:it}E&#8217; in programma dal 4 all&#8217;8 luglio a Marina di Loano l&#8217;edizione 2018 del Pre-Meeting di Loano, la manifestazione che anticipa i temi del Meeting di Rimini, kermesse che la Fondazione Amicizia fra i popoli organizza ad agosto di ogni anno a Rimini. L&#8217;iniziativa \u00e8 promossa e realizzata dall&#8217;associazione culturale \u201cCara Belt\u00e0\u201d e dal banco di solidariet\u00e0 \u201cPadre Santo\u201d di Loano con il contributo dell&#8217;assessorato a turismo, cultura e sport del Comune di Loano, della Marina di Loano, di Regione Liguria e di importanti partner quali Fondazione Alamo, Noberasco, Marina di Loano, Fondazione De Mari e Tecnica. La conferenza stampa di presentazione della manifestazione si \u00e8 tenuta nella mattinata di oggi, gioved\u00ec 28 giugno, presso lo Yacht Club Marina di Loano alla presenza del presidente dell&#8217;associazione culturale \u201cCara Belt\u00e0\u201d Paolo Desalvo; dell&#8217;assessore a turismo, cultura e sport del Comune di Loano Remo Zaccaria; del presidente del banco di solidariet\u00e0 \u201cPadre Santo\u201d Antonio Landi; dell&#8217;amministratore di Marina di Loano Ivan Pedrielli; del consigliere regionale Angelo Vaccarezza.<\/p>\n\n<p>Il tema scelto per l&#8217;edizione 2018 del Pre-Meeting di Loano e del Meeting di Rimini trae spunto da una celebre frase di Vaclav Havel: \u201cLe forze che muovono la storia sono le stesse che rendono l&#8217;uomo felice\u201d. Durante la manifestazione docenti, giornalisti, scrittori e personaggi di spicco del panorama culturale italiano ed internazionale inviteranno i partecipanti a riflettere su come l&#8217;agire dell&#8217;uomo, alla ricerca continua del significato della vita e della felicit\u00e0, sia il vero motore della storia. A fare da contorno, un ricco programma di concerti, proiezioni, mostre ed eventi sportivi.<\/p>\n<p>Il presidente dell&#8217;associazione culturale \u201cCara Belt\u00e0\u201d, Paolo Desalvo, spiega: \u201cIl Pre-Meeting di Loano vuole raccogliere la sfida del Meeting di Rimini, che quest&#8217;anno invita a riflettere su come il vero protagonista della storia non siano le superpotenze con i loro progetti o i potentati finanziari con i loro interessi economici, ma l&#8217;uomo. La scintilla che accende il motore della storia \u00e8 il desiderio che sta nel cuore dell&#8217;uomo. Nel corso delle varie epoche gli esseri umani hanno desiderato cose diverse: il pane, una casa pi\u00f9 comoda, un lavoro migliore, la pace, l&#8217;amicizia, l&#8217;amore. Tutto questo risponde ad un desiderio ancora pi\u00f9 profondo, che pervade tutta la sua vita: il desiderio della felicit\u00e0. Anche gli immensi movimenti migratori dei popoli da un confine all&#8217;altro della terra sono dovuti alla ricerca della felicit\u00e0, del bene che ciascuno vuole per s\u00e9 e per i propri cari. Gli incontri con gli ospiti del Pre-Meeting approfondiranno questa intuizione: il vero protagonista della storia \u00e8 il cuore dell&#8217;uomo, che desidera la felicit\u00e0\u201d.<\/p>\n<p>Il sindaco di Loano Luigi Pignocca e l&#8217;assessore a turismo, cultura e sport Remo Zaccaria aggiungono: \u201cAnche quest&#8217;anno, per il terzo anno consecutivo, la nostra amministrazione comunale ha contribuito con grande piacere all&#8217;organizzazione di questa importante manifestazione, che nel corso degli anni ha visto una crescita esponenziale ed un interesse sempre maggiore da parte del pubblico. Il Pre-Meeting di Loano ha assunto un grandissimo rilievo a livello regionale e nazionale: con i suoi cinque giorni di confronti e di dibattito, nel pieno dell&#8217;estate il Pre-Meeting porta qui a Loano cultura, musica e turismo. Perch\u00e9 l&#8217;obiettivo del Pre-Meeting di Loano \u00e8 anche quello di arricchire l&#8217;offerta estiva della nostra citt\u00e0 incrementandone la dimensione culturale. Nei suoi cinque giorni il Pre-Meeting sintetizza quelle che sono tutte le caratteristiche dell&#8217;estate loanese: cultura, spunti di riflessione, musica, eventi sportivi e turismo\u201d.<\/p>\n<p>L&#8217;amministratore di Marina di Loano, Ivan Pedrielli, commenta: \u201cSiamo molto felici di ospitare per la seconda volta il Pre-Meeting, una manifestazione che rappresenta un valore aggiunto per tutta la Liguria. I porti sono da sempre metafora di accoglienza e per noi \u00e8 un grande piacere avere, all&#8217;interno della nostra Marina, strutture in grado di accogliere gli interessantissimi momenti di incontro ed approfondimento che costituiscono la caratteristica principale del Pre-Meeting di Loano e che, pi\u00f9 in generale, possono rappresentare un&#8217;occasione di crescita per tutto il nostro paese\u201d.<\/p>\n<p><a href=\"https:\/\/www.visitloano.it\/wp-content\/uploads\/2018\/06\/Programma-02.jpg\" rel=\"prettyPhoto[gallery-aqyN]\"><img loading=\"lazy\" decoding=\"async\" class=\"aligncenter wp-image-12079 size-medium\" src=\"https:\/\/www.visitloano.it\/wp-content\/uploads\/2018\/06\/Programma-02-300x300.jpg\" alt=\"\" width=\"300\" height=\"300\" \/><\/a><\/p>\n<p>Il Pre-Meeting di Loano prender\u00e0 il via mercoled\u00ec 4 luglio alle 21 al Marina Center di Marina di Loano con i saluti e gli interventi di Paolo Desalvo, presidente dell&#8217;associazione culturale \u201cCara Belt\u00e0\u201d; di Luigi Pignocca, sindaco di Loano; di sua eminenza Guglielmo Borghetti, vescovo della diocesi di Albenga-Imperia; di Giovanni Toti, governatore della Regione Liguria. A seguire, alle 21, il dibattito su \u201cIl protagonista della storia \u00e8 l&#8217;uomo che vive\u201d. Interverranno Francesco Rutelli, presidente di Anica; Giorgio Vittadini, presidente della Fondazione Sussidiariet\u00e0; Emilia Guarnieri, presidente della Fondazione Meeting di Rimini.<\/p>\n<p>Gioved\u00ec 5 luglio alle 21 al Marina Center don Marco Pozza, cappellano del carcere \u201cDue Palazzi\u201d di Padova, condurr\u00e0 l&#8217;incontro \u201cNon lasciate soli i sognatori\u201d. Venerd\u00ec 6 luglio alle 18 Silvio Cattarina, psicologo e direttore della comunit\u00e0 \u201cL&#8217;imprevisto\u201d, presenter\u00e0 alcune testimonianze del mondo del disagio giovanile con l&#8217;incontro dal titolo \u201cUn imprevisto \u00e8 la sola speranza\u201d. Alle 21 lo psicanalista e saggista Massimo Recalcati interverr\u00e0 su \u201cLa prigione del sacrificio\u201d.<\/p>\n<p>Sabato 7 luglio alle 18 Wael Farouq dell&#8217;Universit\u00e0 Cattolica di Milano e Giorgio Paolucci, giornalista di Avvenire, si confronteranno su \u201cFra oriente e occidente, quello che ha cambiato la storia\u201d. Alle 21 il giornalista economico Oscar Giannino ed il docente dell&#8217;Universit\u00e0 di Bologna Emanuele Forlani parleranno di economia e bisogni dell&#8217;uomo nell&#8217;incontro dal titolo \u201cNon solo numeri\u201d.<\/p>\n<p>L&#8217;edizione 2018 del Pre-Meeting di Loano si chiuder\u00e0 domenica 8 luglio con l&#8217;intervento dello psicanalista e scrittore Luca Ballerini su \u201cEmergenza educativa. Costruire (oppure no) il futuro di un popolo\u201d.<\/p>\n<p>A fare da contorno al Pre-Meeting di Loano una lunga serie di appuntamenti musicali e culturali. Si comincia marted\u00ec 4 luglio alle 22 in Orto Maccagli con il concerto \u201cCrossroad\u201d della Jonh Stanson Band. Mercoled\u00ec 4 luglio alle 22 sul Molo Francheville (che ospiter\u00e0 tutti i successivi appuntamenti) Carlo Pastori e Walter Muto eseguiranno \u201ccanzoni per ogni tempo\u201d con il concerto \u201cLasciateci cantare\u201d. Gioved\u00ec 5 luglio la banda dell&#8217;Associazione Musicale Santa Maria Immacolata di Loano eseguir\u00e0 \u201cPezzi Celebri\u201d. Venerd\u00ec 6 luglio il Trio Ottomillimetri suoner\u00f2 alcuni dei pi\u00f9 famosi brani della \u201cStoria del Cinema\u201d. Sabato 7 luglio, infine, la Clinton Street Band sar\u00e0 protagonista di un concerto di \u201cInternational Classic Rock\u201d.<\/p>\n<p>Durante tutta la durata del Pre-Meeting al Molo Francheville sar\u00e0 visitabile la mostra dal titolo \u201cLa rosa bianca\u201d, dedicata ai \u201csei amici che sfidarono Hitler\u201d. Domenica 8 luglio, infine, va in scena la \u201cChicchiricch\u00ec Run\u201d, allenamento di gruppo al canto del gallo per runners e walkers. Le iscrizioni si apriranno alle 7 mentre la partenza \u00e8 prevista per le 8 del mattino. Ristoro finale e premi ad estrazione per i partecipanti.<\/p>\n<p>L&#8217;ingresso a tutte le iniziative \u00e8 libero e gratuito. Il programma dettagliato \u00e8 disponibile all&#8217;indirizzo www.carabelta.it.{:}<\/p>\n","protected":false},"excerpt":{"rendered":"<p>{:en}The 2018 edition of the Loano Pre-Meeting, the event that anticipates the themes of the Rimini Meeting, a kermesse that the...<\/p>","protected":false},"author":3,"featured_media":12078,"comment_status":"open","ping_status":"open","sticky":false,"template":"","format":"standard","meta":{"footnotes":""},"categories":[1],"tags":[71,72,73],"class_list":{"0":"post-12073","1":"post","2":"type-post","3":"status-publish","4":"format-standard","5":"has-post-thumbnail","7":"category-news","8":"tag-cara-belta","9":"tag-marina-di-loano","10":"tag-pre-meeting-di-loano"},"_links":{"self":[{"href":"https:\/\/www.visitloano.it\/en\/wp-json\/wp\/v2\/posts\/12073","targetHints":{"allow":["GET"]}}],"collection":[{"href":"https:\/\/www.visitloano.it\/en\/wp-json\/wp\/v2\/posts"}],"about":[{"href":"https:\/\/www.visitloano.it\/en\/wp-json\/wp\/v2\/types\/post"}],"author":[{"embeddable":true,"href":"https:\/\/www.visitloano.it\/en\/wp-json\/wp\/v2\/users\/3"}],"replies":[{"embeddable":true,"href":"https:\/\/www.visitloano.it\/en\/wp-json\/wp\/v2\/comments?post=12073"}],"version-history":[{"count":0,"href":"https:\/\/www.visitloano.it\/en\/wp-json\/wp\/v2\/posts\/12073\/revisions"}],"wp:featuredmedia":[{"embeddable":true,"href":"https:\/\/www.visitloano.it\/en\/wp-json\/"}],"wp:attachment":[{"href":"https:\/\/www.visitloano.it\/en\/wp-json\/wp\/v2\/media?parent=12073"}],"wp:term":[{"taxonomy":"category","embeddable":true,"href":"https:\/\/www.visitloano.it\/en\/wp-json\/wp\/v2\/categories?post=12073"},{"taxonomy":"post_tag","embeddable":true,"href":"https:\/\/www.visitloano.it\/en\/wp-json\/wp\/v2\/tags?post=12073"}],"curies":[{"name":"wp","href":"https:\/\/api.w.org\/{rel}","templated":true}]}}