{"id":12003,"date":"2018-06-13T15:44:08","date_gmt":"2018-06-13T13:44:08","guid":{"rendered":"https:\/\/www.visitloano.it\/?p=12003"},"modified":"2018-06-13T15:44:08","modified_gmt":"2018-06-13T13:44:08","slug":"lantias-elena-ledda-wins-loano-traditional-italian-music-award","status":"publish","type":"post","link":"https:\/\/www.visitloano.it\/en\/12003\/news\/lantias-elena-ledda-vince-premio-loano-la-musica-tradizionale-italiana\/","title":{"rendered":"{:it}\u201dLanti\u00e0s\u201d by Elena Ledda wins the \u201cLoano Prize for Italian Traditional Music\u201d{:}"},"content":{"rendered":"<p>{:it}Voce della Sardegna per eccellenza, \u00e8 la cantante Elena Ledda che si aggiudica con Lanti\u00e0s (S\u2019Ard Music) il \u201cPremio Nazionale Citt\u00e0 di Loano per la Musica Tradizionale Italiana\u201d assegnato al miglior album del 2017.<\/p>\n<p>Giunto alla 14a edizione, il Premio Loano \u00e8 il principale riconoscimento per la musica di tradizione in Italia ed \u00e8 consegnato ogni anno alla migliore produzione musicale di ambito folk da una giuria composta da oltre sessanta giornalisti specializzati.<\/p>\n<p>Dal 23 al 27 luglio cornice della manifestazione (la prima a cura del nuovo direttore artistico Jacopo Tomatis) sar\u00e0 come sempre l\u2019omonima cittadina ligure in provincia di Savona e avr\u00e0 come titolo riGenerazioni. Un\u2019edizione dedicata dunque ai passaggi generazionali nella musica di tradizione, con un occhio rivolto agli sviluppi contemporanei pi\u00f9 vivaci e originali della scena folk italiana.<\/p>\n<p>Al secondo posto si classifica \u201cCanti,\u00a0ballate e ipocondrie d&#8217;amore\u201d di Canio Loguercio e Alessandro D&#8217;Alessandro\u00a0(Squilibri); mentre il Canzoniere Grecanico Salentino conquista il terzo posto con \u201cCanzoniere\u201d (Ponderosa).<\/p>\n<p>Quest\u2019anno debutta inoltre anche il \u201cPremio Loano Giovani\u201d, assegnato dalla giuria di giornalisti alla miglior produzione musicale di musicisti under 35 che non abbiano pubblicato pi\u00f9 di due album. Il disco pi\u00f9 votato \u00e8 stato \u201cLa muta vita\u201d delle Lame da Barba (autoproduzione).<\/p>\n<p>La direzione artistica e l\u2019organizzazione del Premio Loano hanno attribuito come di consueto il Premio alla Carriera e il \u201cPremio alla Realt\u00e0 Culturale\u201d, rispettivamente a Gastone Pietrucci (La Macina) e ai Trouveur Valdot\u00e8n.<\/p>\n<p><em>Premio Miglior Album 2017 al disco L\u00e0ntias (S\u2019ard Music), di Elena Ledda<\/em><br \/>\nElena Ledda &#8211; vincitrice del Premio Loano per il migliore album con L\u00e0ntias (S\u2019ard Music) d\u00e0 voce a un disco destinato a diventare un classico istantaneo della nostra tradizione e illumina la via come un lume (L\u00e0ntias, in sardo) nella notte dei tempi che stiamo vivendo.<br \/>\nCon una produzione che rimanda alla world music \u201cmediterranea\u201d, L\u00e0ntias \u00e8 un gran lavoro curato da un affiatato gruppo di musicisti, composto con testi poetici e allo stesso tempo con le orecchie bene aperte alle sfide e i problemi di oggi.<\/p>\n<p><em>Premio Loano Giovani 2017 al disco La muta vita (autoproduzione) di Lame da Barba<\/em><br \/>\nFrancesco Paolino, Alessandro Predasso, Stefania Megale, Giuseppe \u201cPippi\u201d Dimonte e Alberto Mammolino sono le Lame da Barba, vincitori del Premio Loano Giovani 2017 con il disco La muta vita (autoproduzione). Se la barberia era in passato vera scuola di musica popolare e luogo di incontro degli uomini del paese, quella delle Lame da Barba \u00e8 piuttosto una barberia mediterranea, dove si incontrano tarantella e musica balcanica, valzer popolari italiani e melodie da Turchia e Armenia. Una barberia contemporanea, adatta alle esigenze e alle sfide di uomini e donne di oggi, da qualunque lato del mare provengano.<\/p>\n<p><em>Premio alla Carriera 2018 a Gastone Pietrucci \/ La Macina<\/em><br \/>\nRicerca e riproposta, tradizione e creazione si frantumano e mescolano fino a diventare indistinguibili sotto la forza antica de La Macina, che si aggiudicano il Premio alla Carriera. Gruppo di Ricerca e Canto Popolare Marchigiano fondato da Gastone Pietrucci nel 1968, l\u2019\u201caltro\u201d sessantotto, da allora hanno attraversato da protagonisti la musica italiana, proseguendo l\u2019attivit\u00e0 di ricerca sulla tradizione popolare delle Marche e portandola sui palchi della canzone d\u2019autore (con gli album Aedo malinconico ed ardente), del rock (grazie alla collaborazione con i Gang) e perfino della musica classica e del jazz, sempre nel segno del confronto e dello scambio tra generazioni e linguaggi diversi.<\/p>\n<p><em>Premio alla Realt\u00e0 Culturale 2018 ai Trouveur Valdot\u00e8n<\/em><br \/>\nAttivi dalla fine degli anni Settanta, ricercatori e musicisti, operatori culturali e organizzatori di eventi (uno su tutti il festival \u00c9t\u00e9trad, punto di riferimento nel suo genere), i \u201ctrovatori valdostani\u201d &#8211; che hanno conquistato il Premio alla Realt\u00e0 Culturale 2018 &#8211; sono uno dei migliori esempi di come le modalit\u00e0 di trasmissione dei saperi della cultura popolare sopravvivano e mutino nella societ\u00e0 contemporanea. Dai genitori ai figli, da Liliana Bertolo e Alessandro Boniface ai due fratelli R\u00e9my e Vincent, il nome dei Trouveur Valdot\u00e8n \u00e8 passato da una generazione all\u2019altra e la loro musica, partendo dalla piccola Val d\u2019Aosta, si \u00e8 resa disponibile per altre musiche e altri suoni, in innumerevoli progetti (L\u2019Orage, Toc Toc Toc, Abnoba, Estrem\u00eca, Pitularita\u2026).<\/p>\n<p>Il Premio Citt\u00e0 di Loano per la Musica Tradizionale Italiana \u00e8 nato quattordici anni fa come laboratorio permanente sulla musica folk, e promuove e valorizza la produzione contemporanea di musica tradizionale di radice italiana attraverso il coinvolgimento di artisti, etichette discografiche, giornalisti e operatori culturali. E\u2019 organizzato dall&#8217;Associazione Compagnia dei Curiosi in collaborazione con l&#8217;Assessorato al Turismo e alla Cultura del Comune di Loano, con il contributo della Fondazione A. De Mari e con il patrocinio della Regione Liguria e dell\u2019ANCI. La direzione artistica \u00e8 a cura di Jacopo Tomatis, con la collaborazione di Ciro De Rosa, Enrico de Angelis e Annalisa Scarsellini.<\/p>\n<p><a href=\"https:\/\/www.visitloano.it\/wp-content\/uploads\/2018\/06\/Elenaledda_PierluigiManca-2rid.jpg\" rel=\"prettyPhoto[gallery-V3eN]\"><img loading=\"lazy\" decoding=\"async\" class=\"alignnone size-medium wp-image-12005\" src=\"https:\/\/www.visitloano.it\/wp-content\/uploads\/2018\/06\/Elenaledda_PierluigiManca-2rid-300x300.jpg\" alt=\"\" width=\"300\" height=\"300\" \/><\/a><\/p>\n<p><strong>La classifica del Premio al miglior Album 2017<\/strong><\/p>\n<p>1\u00b0 posto<br \/>\nL\u00e0ntias (S\u2019Ard Music) \u2013 Elena Ledda<\/p>\n<p>2\u00b0 posto<br \/>\nCanti, ballate e ipocondrie d\u2019ammore (Squilibri) \u2013 Canio Loguercio e Alessandro D\u2019Alessandro<\/p>\n<p>3\u00b0 posto<br \/>\nCanzoniere (Ponderosa) \u2013 Canzoniere Grecanico Salentino<\/p>\n<p>4\u00b0 posto<br \/>\nU fujutu su nesci chi fa? (Urtovox) \u2013\u00a0Cesare Basile<br \/>\nCome un albero d\u2019inverno (Visage Music) \u2013 Luisa Cottifogli<\/p>\n<p>6\u00b0 posto<br \/>\nCuttuni e lam\u00e9 (Finisterre) \u2013 Eleonora Bordonaro<br \/>\nPerle d\u2019Appennino (Visage music) \u2013 Maurizio Geri<\/p>\n<p>8\u00b0 posto<br \/>\nBella una serpe con le spoglie d\u2019oro (Squilibri) \u2013 Marco Rovelli<\/p>\n<p>9\u00b0 posto<br \/>\nEd un pensiero ribelle in cor ci sta! Due secoli di storia d&#8217;Italia cantata (Nota Records)<br \/>\nGiovanna Marini \/ Coro Inni e canti di lotta \/ Banda della scuola popolare di musica di Testaccio<\/p>\n<p>10\u00b0 posto<br \/>\n40 gir 1977-2017 (Felmay) \u2013 Tre Martelli<\/p>\n<p><strong>La Giuria del Premio<\/strong><br \/>\nMaurizio Agamennone, Giovanni Alcaini, Ricky Barone, Marco Boccitto, Loris Bohm, Michele Bovi, Raffaello Carabini, Pietro Carf\u00ec, Giordano Casiraghi, Daniele Cestellini, Gianni Ciaccio, Aldo Coppola Neri, Valerio Corzani, Giandomenico Curi, Enrico de Angelis, Paolo De Bernardin, Flaviano De Luca, Ciro De Rosa, Paolo Del Ry, Enrico Deregibus, Giuseppe De Trizio, Salvatore Esposito, Antonio Fanelli, Gerardo Ferrara, Massimo Ferro, Guido Festinese, Flavia Gervasi, Guido Giazzi, Mario Giovannini, Jonathan Giustini, Ezio Guaitamacchi, Federico Guglielmi, Marco La Viola, Felice Liperi, Marco Lutzu, Ignazio Macchiarella, Giorgio Maimone, Maurizio Marino, Tiziano Menduto, Giorgio Meneghetti, Gaetano Menna, Marco Miconi, Beppe Montresor, Anna Nacci, Alessandro Nobis, Giancarlo Nostrini, Rosario Pantaleo, Riccardo Piaggio, Massimo Pirotta, Massimo Poggini, Piercarlo Poggio, Ezio Riberi, Alessandro Rosa, Roberto Sacchi, Vincenzo Santoro, Annalisa Scarsellini, Stefano Starace, Jacopo Tomatis, Federico Vacalebre, Gianluca Veltri, Antonio Vivaldi, Enrico Zagnagnoli, Paolo Zara, Giorgio Zito.{:}<\/p>\n","protected":false},"excerpt":{"rendered":"<p>{:en}Voice of Sardinia par excellence, it is singer Elena Ledda who wins with Lanti\u00e0s (S'Ard Music) the \u201cCity of Loano National Prize for Italian Traditional Music\u201d awarded to the...<\/p>","protected":false},"author":3,"featured_media":12004,"comment_status":"open","ping_status":"open","sticky":false,"template":"","format":"standard","meta":{"footnotes":""},"categories":[1],"tags":[60],"class_list":{"0":"post-12003","1":"post","2":"type-post","3":"status-publish","4":"format-standard","5":"has-post-thumbnail","7":"category-news","8":"tag-premio-nazionale-citta-di-loano"},"_links":{"self":[{"href":"https:\/\/www.visitloano.it\/en\/wp-json\/wp\/v2\/posts\/12003","targetHints":{"allow":["GET"]}}],"collection":[{"href":"https:\/\/www.visitloano.it\/en\/wp-json\/wp\/v2\/posts"}],"about":[{"href":"https:\/\/www.visitloano.it\/en\/wp-json\/wp\/v2\/types\/post"}],"author":[{"embeddable":true,"href":"https:\/\/www.visitloano.it\/en\/wp-json\/wp\/v2\/users\/3"}],"replies":[{"embeddable":true,"href":"https:\/\/www.visitloano.it\/en\/wp-json\/wp\/v2\/comments?post=12003"}],"version-history":[{"count":0,"href":"https:\/\/www.visitloano.it\/en\/wp-json\/wp\/v2\/posts\/12003\/revisions"}],"wp:featuredmedia":[{"embeddable":true,"href":"https:\/\/www.visitloano.it\/en\/wp-json\/"}],"wp:attachment":[{"href":"https:\/\/www.visitloano.it\/en\/wp-json\/wp\/v2\/media?parent=12003"}],"wp:term":[{"taxonomy":"category","embeddable":true,"href":"https:\/\/www.visitloano.it\/en\/wp-json\/wp\/v2\/categories?post=12003"},{"taxonomy":"post_tag","embeddable":true,"href":"https:\/\/www.visitloano.it\/en\/wp-json\/wp\/v2\/tags?post=12003"}],"curies":[{"name":"wp","href":"https:\/\/api.w.org\/{rel}","templated":true}]}}