{"id":11583,"date":"2018-02-27T13:23:48","date_gmt":"2018-02-27T12:23:48","guid":{"rendered":"https:\/\/www.visitloano.it\/?p=11583"},"modified":"2018-02-27T13:23:48","modified_gmt":"2018-02-27T12:23:48","slug":"ready-lundteenth-edition-flying-discs-close-encounters-books-words-sounds","status":"publish","type":"post","link":"https:\/\/www.visitloano.it\/en\/11583\/news\/pronto-lundicesima-edizione-dischi-volanti-incontri-ravvicinati-dischi-libri-parole-suoni\/","title":{"rendered":"{:it}Everything is ready for the 11th edition of \u201cFlying Disks... close encounters with records, books, words and sounds\u201d{:}"},"content":{"rendered":"<p>{:it}Sabato 3 marzo, a\u00a0Loano,\u00a0prender\u00e0 il via l\u201911^ edizione di \u201cDischi volanti\u2026 incontri ravvicinati con dischi, libri, parole e suoni\u201d, promossa dall\u2019assessorato a turismo, cultura e sport del Comune di Loano e organizzata dall\u2019Associazione Compagnia dei Curiosi.<\/p>\n<p>Ad inaugurare l\u2019edizione 2018 della rassegna di incontri con musicisti, cantautori e giornalisti musicali sar\u00e0 il concerto-selezione territoriale dell\u2019Italia nord-ovest del concorso &#8220;Suonare@Folkest &#8211; Premio Alberto Cesa&#8221;, che dar\u00e0 diritto a partecipare alle serate finali di Folkest 2018, festival storico che si svolge in Friuli.<\/p>\n<p>Due band e un cantautore hanno acquisito il diritto a partecipare alla selezione e si confronteranno musicalmente nella serata loanese. Sono: T\u2019Ses Folk, La Quadrilla, Alberto Frattini.<\/p>\n<p>Dalle 21 nella biblioteca civica\u00a0\u00a0in Palazzo Kursaal, si entrer\u00e0 nel vivo della competizione. L\u2019apertura della serata sar\u00e0 affidata ai T\u2019Ses Folk, un nome originale e scanzonato per un gruppo di musicisti che da molti anni propone musiche occitane, francoprovenzali, bretoni e internazionali, sempre attuali, coinvolgenti e di qualit\u00e0. Ad esibirsi saranno: Laura Sartore (voce), Giovanna Garzena (flauti), Ivan Ravalli (organetto), Claudio Provaroni (chitarra), Gianni Petta (percussioni e basso).<\/p>\n<p><a href=\"https:\/\/www.visitloano.it\/wp-content\/uploads\/2018\/02\/Alberto-Fratini-5.jpg\" rel=\"prettyPhoto[gallery-X7F6]\"><img loading=\"lazy\" decoding=\"async\" class=\"size-medium wp-image-11584 aligncenter\" src=\"https:\/\/www.visitloano.it\/wp-content\/uploads\/2018\/02\/Alberto-Fratini-5-300x300.jpg\" alt=\"\" width=\"300\" height=\"300\" \/><\/a><\/p>\n<p>Poi sar\u00e0 la volta del cantautore genovese Alberto Frattini che affonda le radici nella musica popolare italiana: dagli studi di pianoforte e chitarra alle esperienze con le Orchestre di Liscio dei maestri Zanti e Camoirano, dalla collaborazione con il Maestro Natale Romano della Rai di Genova che lo avvicina alla canzone dialettale, alla Rivista Musicale Goliardica \u201cLa Baistrocchi\u201d. Esperienze che lasciano una forte impronta sul cantautore e interprete.<\/p>\n<p>La serata si chiuder\u00e0 con \u201cLa Quadrilla\u201d, formazione che propone canzone d\u2019autore dai ritmi incalzanti e dalle atmosfere psichedeliche, con testi impegnati che raccontano con ironia la rabbia per un mondo dove Mafia, inquinamento e razzismo la fanno da padroni. Suoneranno Nicola Lollino (voce ed al mantice), Toni Urz\u00ec (chitarra armoniosa), Gianni Pitzalis (ritmi), Amedeo Saluzzo (corde grosse). La serata sar\u00e0 condotta dal giornalista Alfredo Sgarlato.<\/p>\n<p><a href=\"https:\/\/www.visitloano.it\/wp-content\/uploads\/2018\/02\/Tses-folk_2.jpg\" rel=\"prettyPhoto[gallery-X7F6]\"><img loading=\"lazy\" decoding=\"async\" class=\"size-medium wp-image-11586 aligncenter\" src=\"https:\/\/www.visitloano.it\/wp-content\/uploads\/2018\/02\/Tses-folk_2-300x300.jpg\" alt=\"\" width=\"300\" height=\"300\" \/><\/a><\/p>\n<p>Dopo aver ospitato la selezione di Folkest si entrer\u00e0 nel vivo del programma 2018, dedicato alle opere prime e seconde di artisti gi\u00e0 affermati e di giovani musicisti. I concerti e gli incontri si svolgeranno nella biblioteca civica di Loano con inizio alle 21.<\/p>\n<p>Il programma \u00e8 realizzato anche con i fondi del bando promozione art. 7 L. 93\/92 settore audio anno 2017, che si propone di favorire la promozione dei progetti discografici degli artisti, riavvicinando il pubblico al piacere di ascoltare la musica dal vivo, con riguardo al repertorio \u201cinedito\u201d e \u201coriginale\u201d, sostenendo la circuitazione di esibizioni dal vivo con particolare attenzione a quella di artisti che si affacciano al mercato discografico.<\/p>\n<p>\u201cLa rassegna di &#8216;Dischi Volanti\u2026&#8217; \u00e8 uno degli appuntamenti pi\u00f9 attesi del nostro ricchissimo calendario di eventi, un momento imperdibile per chiunque ami la musica a 360 gradi \u2013 spiegano il sindaco di Loano Luigi Pignocca e l&#8217;assessore a turismo, cultura e sport Remo\u00a0Zaccaria\u00a0\u2013 Negli anni hanno fatto tappa nella nostra citt\u00e0 cantautori e band di primo piano, oltre a giornalisti, scrittori ed esperti musicali di altissimo livello. Una rassegna che insieme con il &#8216;Premio Nazionale Citt\u00e0 di Loano per la musica tradizionale italiana&#8217; apre un&#8217;interessante finestra sulla musica nostrana ed offre la possibilit\u00e0 di conoscere ed esplorare generi, artisti e nuove produzioni che animano il variegato panorama musicale italiano. Ancora una volta Loano dar\u00e0 la possibilit\u00e0 ad artisti affermati e a giovani e promettenti musicisti e cantautori di presentare i loro nuovi lavori. E chiss\u00e0 che tra loro non si nasconda il prossimo finalista di Sanremo, cos\u00ec come \u00e8 avvenuto negli ultimi due anni\u201d.<\/p>\n<p>Il primo progetto \u201copera prima\u201d presentato a Loano sar\u00e0 \u201cDa Spunda\u201d (Visage Music SAS, 2016) di Gigi Biolcati (14 aprile 2018). Batterista, percussionista, compositore, fonde nel suo drumming sonorit\u00e0 e groove ispirati sia dalla tradizione batteristica che da quella delle percussioni etniche, in cui traspare l\u2019aspetto tribale del ritmo contaminato da sonorit\u00e0 tecno-post-industriali. Cajon, tabla, djembe, kalimba, chincaglierie, voce, body percussion, scatole sonore a fessura e a corde, cassetti di legno suonate a piedi nudi con una tecnica che ricorda passi di flamenco e tip-tap, sono gli ingredienti che creano interessanti e variopinte poliritmie.<\/p>\n<p>La rassegna proseguir\u00e0 con Franco Boggero che presenter\u00e0 dal vivo l\u2019album \u201cUna punta da cinque\u201d\u00a0(Musikat Productions, 2017) (21 aprile). Storico dell\u2019arte, lavora in Soprintendenza dal 1981 e si occupa dei beni culturali del Ponente ligure, dirigendo restauri e organizzando mostre. Scrive canzoni (testi e musiche) dagli anni \u201970; incoraggiato da Giorgio Conte, le canta in pubblico dalla fine degli anni \u201990, sempre accompagnato al piano da Marco Spiccio, apprezzato \u201cagitatore culturale\u201d nell&#8217;ambiente della canzone d&#8217;autore.<\/p>\n<p>Lo accompagneranno Federico Bagnasco (contrabbasso), Marco Spiccio (pianoforte), Paolo Maffi (sax), Daviano Rotella (batteria). A dialogare con l\u2019artista sar\u00e0 il giornalista musicale Enrico de Angelis.<\/p>\n<p>Il 28 aprile si svolger\u00e0 la presentazione dell\u2019album \u201cCreature selvagge\u201d (Sciopero Records, 2016) de &#8220;La Stanza di Greta&#8221;. Il collettivo musicale torinese inizia a suonare per caso nel 2009 in occasione di un\u2019iniziativa di solidariet\u00e0.\u00a0Da allora seguono concerti in moltissimi festival e locali italiani. Nel settembre 2013 arriva la vittoria al premio nazionale\u00a0Lanterne Rock\u00a0per la canzone d\u2019autore. Nel 2016 il gruppo \u00e8 finalista al premio\u00a0l\u2019Artista che non c\u2019era, nel 2017 ottiene la targa \u201cUn Certain Regard\u201d a Musicultura. Nel 2017 pubblica \u201cCreature selvagge\u201d, il disco d\u2019esordio di\u00a0La Stanza di Greta, che si aggiudica la\u00a0Targa Tenco\u00a0per la migliore Opera Prima, scelto da una giuria di 200 critici musicali. Il gruppo dialogher\u00e0 con il giornalista musicale Guido Festinese.<\/p>\n<p>A chiudere l\u2019edizione 2018 della rassegna sar\u00e0 Mara Redeghieri (12 maggio) con la presentazione dell\u2019album \u201cRecidiva\u201d (LullaBit, 2017). Il suo percorso musicale inizia nel 1990 con l\u2019esordio come leader e voce dello storico gruppo reggiano Ustmam\u00f2 che conquist\u00f2 Giovanni Lindo Ferretti, il loro primo produttore insieme a Massimo Zamboni dei CSI. Ha collaborato alla stesura dell\u2019album \u201cDispetto\u201d di Gianna Nannini (1994) e alla stesura del testo per il brano di chiusura del film \u201cDenti\u201d di Gabriele Salvatores. Tra gli ultimi progetti c\u2019\u00e8 \u201cAl Cusna\u201d Ethnos produzioni, filmdocumentario e \u201cDio valzer &amp; attanadara\u201d, studi su canti anarchici e di rivolta con Lorenzo Valdesalici e Nicola Bonacini agli strumenti.{:}<\/p>\n","protected":false},"excerpt":{"rendered":"<p>{:en}Saturday, March 3, at Loano, will kick off the 11th edition of \u2019Flying Disks... close encounters with records, books, words and sounds,\u201c promoted by the Department of Tourism, Culture and Sports of the City of Loano...<\/p>","protected":false},"author":3,"featured_media":11585,"comment_status":"open","ping_status":"open","sticky":false,"template":"","format":"standard","meta":{"footnotes":""},"categories":[1],"tags":[52],"class_list":{"0":"post-11583","1":"post","2":"type-post","3":"status-publish","4":"format-standard","5":"has-post-thumbnail","7":"category-news","8":"tag-associazione-compagnia-dei-curiosi"},"_links":{"self":[{"href":"https:\/\/www.visitloano.it\/en\/wp-json\/wp\/v2\/posts\/11583","targetHints":{"allow":["GET"]}}],"collection":[{"href":"https:\/\/www.visitloano.it\/en\/wp-json\/wp\/v2\/posts"}],"about":[{"href":"https:\/\/www.visitloano.it\/en\/wp-json\/wp\/v2\/types\/post"}],"author":[{"embeddable":true,"href":"https:\/\/www.visitloano.it\/en\/wp-json\/wp\/v2\/users\/3"}],"replies":[{"embeddable":true,"href":"https:\/\/www.visitloano.it\/en\/wp-json\/wp\/v2\/comments?post=11583"}],"version-history":[{"count":0,"href":"https:\/\/www.visitloano.it\/en\/wp-json\/wp\/v2\/posts\/11583\/revisions"}],"wp:featuredmedia":[{"embeddable":true,"href":"https:\/\/www.visitloano.it\/en\/wp-json\/wp\/v2\/media\/11585"}],"wp:attachment":[{"href":"https:\/\/www.visitloano.it\/en\/wp-json\/wp\/v2\/media?parent=11583"}],"wp:term":[{"taxonomy":"category","embeddable":true,"href":"https:\/\/www.visitloano.it\/en\/wp-json\/wp\/v2\/categories?post=11583"},{"taxonomy":"post_tag","embeddable":true,"href":"https:\/\/www.visitloano.it\/en\/wp-json\/wp\/v2\/tags?post=11583"}],"curies":[{"name":"wp","href":"https:\/\/api.w.org\/{rel}","templated":true}]}}