{"id":10512,"date":"2017-08-16T10:48:44","date_gmt":"2017-08-16T08:48:44","guid":{"rendered":"https:\/\/www.visitloano.it\/?p=10512"},"modified":"2017-08-16T10:48:44","modified_gmt":"2017-08-16T08:48:44","slug":"nicolo-fabi-concert","status":"publish","type":"post","link":"https:\/\/www.visitloano.it\/en\/10512\/news\/nicolo-fabi-concerto\/","title":{"rendered":"{:en}NICCOL\u00d2 FABI - CONCERT{:}"},"content":{"rendered":"<p>{:it}<strong>COMUNICATO STAMPA (16\/08\/2017)<\/strong><\/p>\n<p>A<strong> Loano<\/strong>, <strong>NICCOL\u00d2 FABI <\/strong>sar\u00e0 il protagonista della ricca stagione di eventi musicali della rassegna <strong>DREAMS FESTIVAL<\/strong>, promossa\u00a0dall\u2019<strong>Assessorato al Turismo, Cultura e Sport del Comune di Loano<\/strong>\u00a0e\u00a0curata da <strong>Dimensione Eventi<\/strong>, con la direzione artistica di<strong>\u00a0Ivan Fabio Perna<\/strong>.<\/p>\n<p><strong>Gioved\u00ec 17 agosto<\/strong>, alle <strong>ore 21.30<\/strong>, far\u00e0 tappa nell\u2019<strong>Arena Estiva Giardino del Principe<\/strong>, <strong>\u201cDiventi Inventi 1997 \u2013 2017\u201d<\/strong>, il tour con il quale Niccol\u00f2 Fabi festeggia i suoi <strong>20 anni di carriera<\/strong>.<\/p>\n<p><strong>\u201cDiventi Inventi 1997 \u2013 2017\u201d <\/strong>non \u00e8 solo un tour, ma \u00e8 anche\u00a0una raccolta musicale che racchiude 20 anni di canzoni.\u00a0 Un anello di congiunzione tra passato e presente, ricco di grandissime sorprese, che muove i suoi primi passi partendo proprio dal principio:<strong> la rilettura de \u201cIl Giardiniere\u201d<\/strong>, singolo pubblicato da Niccol\u00f2 Fabi nel 1997 ed estratto dal suo omonimo primo disco.<\/p>\n<p>Cos\u00ec Niccol\u00f2 Fabi commenta sui suoi social: \u201c[\u2026] <em>Pur sfuggendo per quanto posso alla dittatura moderna dei numeri volevo avvertirvi che sto per capitolare di fronte ai festeggiamenti per il ventennale. Dopo quindici anni di canzoni private il mio primo disco &#8220;Il giardiniere&#8221; veniva pubblicato nel 1997, venti anni fa per l&#8217;appunto. Ho sempre dribblato come potevo appendimenti di medaglie et similaria perch\u00e8 li ho sempre masochisticamente considerati un ostacolo al miglioramento. Ma da uomo oramai di mezza et\u00e0 sto imparando ad abbandonarmi al godimento. E quindi che festa sia.\u00a0[\u2026] Ci sar\u00e0 quindi un tour estivo che si concluder\u00e0 a novembre in un festone nella mia citt\u00e0. Il luogo \u00e8 sicuramente roboante e sovradimensionato per me: il PalaLottomatica, ma come romano volente o nolente \u00e8 il posto simbolo di tutti i concerti pi\u00f9 importanti a cui ho assistito nella mia vita. Diventi Inventi \u00e8 anche il racconto di quello che un musico pu\u00f2 diventare continuando a inventare per vent\u2019anni, il tentativo ostinato di cercare di piacersi. Dopo l&#8217;estate uscir\u00e0 dunque una qualche forma di contenitore con al suo interno il mio &#8220;canzoniere\u201d. Una raccolta inevitabilmente un po&#8217; antologica ma mi auguro sfiziosa di ci\u00f2 che il cantautore Fabi e la sua creativit\u00e0 riuscirono a fare a cavallo tra il secondo e il terzo millennio<\/em> [\u2026]\u201d.<\/p>\n<p>Pi\u00f9 di 80 canzoni, 8 dischi di inediti, 1 raccolta ufficiale, 1 progetto sperimentale come produttore, 1 disco di inediti con la super band FabiSilvestriGazz\u00e8, 2 Targhe Tenco per \u201cMiglior Disco in Assoluto\u201d (vinte per i suoi ultimi due album) <strong>Niccol\u00f2 Fabi <\/strong>\u00e8 oggi\u00a0considerato uno dei pi\u00f9 importanti cantautori italiani. Tanta musica nel percorso del cantautore, tanta sperimentazione e un avvicinamento sempre pi\u00f9 evidente alla musica d&#8217;oltreoceano. \u00c8 un percorso artistico incentrato sulla ricerca della libert\u00e0 espressiva quello che in questi anni ha inseguito il cantautore romano e ne \u00e8 dimostrazione il pi\u00f9 recente \u201c<strong>Una somma di piccole cose<\/strong>\u201d, che da lui stesso \u00e8 stato definito il disco che avrebbe sempre voluto scrivere.<\/p>\n<p>Cantautore, produttore e polistrumentista\u00a0<strong>Niccol\u00f2 Fabi<\/strong>\u00a0negli anni ha continuato a lavorare sul rapporto tra parole e musica sia in termini performativi con appuntamenti all\u2019interno di rassegne culturali che in chiave formativa, \u00e8 attualmente docente all\u2019interno della scuola <strong>Officina delle arti Pierpaolo Pasolini<\/strong>.\u00a0Impegnato nel sociale, il cantautore continua attivamente la collaborazione con l\u2019ONG Medici con l\u2019Africa \u2013 Cuamm e recentemente ha scritto insieme al geologo Mario Tozzi lo spettacolo \u201cMusica Sostenibile\u201d, indirizzato alla comprensione e alla divulgazione di tematiche ambientali, spesso dimenticate.{:}<\/p>\n","protected":false},"excerpt":{"rendered":"<p>{:en} PRESS RELEASE (08\/16\/2017) At Loano, NICCOL\u00d2 FABI will be the protagonist of the rich season of musical events of the DREAMS FESTIVAL review, promoted by the Department of Tourism, Culture and Sports of the Municipality of Loano and curated...<\/p>","protected":false},"author":2,"featured_media":10513,"comment_status":"open","ping_status":"open","sticky":false,"template":"","format":"standard","meta":{"footnotes":""},"categories":[1],"tags":[],"class_list":{"0":"post-10512","1":"post","2":"type-post","3":"status-publish","4":"format-standard","5":"has-post-thumbnail","7":"category-news"},"_links":{"self":[{"href":"https:\/\/www.visitloano.it\/en\/wp-json\/wp\/v2\/posts\/10512","targetHints":{"allow":["GET"]}}],"collection":[{"href":"https:\/\/www.visitloano.it\/en\/wp-json\/wp\/v2\/posts"}],"about":[{"href":"https:\/\/www.visitloano.it\/en\/wp-json\/wp\/v2\/types\/post"}],"author":[{"embeddable":true,"href":"https:\/\/www.visitloano.it\/en\/wp-json\/wp\/v2\/users\/2"}],"replies":[{"embeddable":true,"href":"https:\/\/www.visitloano.it\/en\/wp-json\/wp\/v2\/comments?post=10512"}],"version-history":[{"count":0,"href":"https:\/\/www.visitloano.it\/en\/wp-json\/wp\/v2\/posts\/10512\/revisions"}],"wp:featuredmedia":[{"embeddable":true,"href":"https:\/\/www.visitloano.it\/en\/wp-json\/wp\/v2\/media\/10513"}],"wp:attachment":[{"href":"https:\/\/www.visitloano.it\/en\/wp-json\/wp\/v2\/media?parent=10512"}],"wp:term":[{"taxonomy":"category","embeddable":true,"href":"https:\/\/www.visitloano.it\/en\/wp-json\/wp\/v2\/categories?post=10512"},{"taxonomy":"post_tag","embeddable":true,"href":"https:\/\/www.visitloano.it\/en\/wp-json\/wp\/v2\/tags?post=10512"}],"curies":[{"name":"wp","href":"https:\/\/api.w.org\/{rel}","templated":true}]}}